{"id":798,"date":"2018-03-13T09:39:00","date_gmt":"2018-03-13T08:39:00","guid":{"rendered":"https:\/\/lavoiedessansvoix.fr\/lavoie\/2018\/03\/13\/archive-aie-fureur\/"},"modified":"2026-04-26T21:26:44","modified_gmt":"2026-04-26T19:26:44","slug":"archive-aie-fureur","status":"publish","type":"post","link":"https:\/\/lavoiedessansvoix.fr\/lavoie\/2018\/03\/13\/archive-aie-fureur\/","title":{"rendered":"A\u00cfE FUREUR !"},"content":{"rendered":"<p>A\u00cfE FUREUR !   79Fran\u00e7ois Hollande, l\u2019ancien chef de l\u2019\u00c9tat, inventeur de Macron, a d\u00e9cid\u00e9 de sortir de sa r\u00e9serve et c&rsquo;est sur le dossier syrien qu&rsquo;il l\u2019a fait. Lors d\u2019un entretien accord\u00e9 au quotidien \u00ab Le Monde \u00bb, le lundi 12 mars 2018.  Nous le disons tout net, il aurait \u00e9t\u00e9 bien avis\u00e9 de se taire. Quand Fran\u00e7ois Hollande ouvre la bouche pour parler, c\u2019est la boite de Pandore qui d\u00e9verser sur le monde les propos d\u2019un furieux. Jugez plut\u00f4t :  \u00ab On doit parler \u00e0 Vladimir Poutine \u00bb  dit-il, \u00ab Mais ce n&rsquo;est pas une raison pour laisser la Russie avancer ses pions sans r\u00e9agir. \u00bb Autrement dit, il ne faut pas faire que parler, il faut agir. Fran\u00e7ois Hollande juge que Donald Trump n\u2019est pas assez fou et pas assez press\u00e9 d\u2019en d\u00e9coudre. Sa \u00ab position n\u2019est ni claire ni pr\u00e9visible, c&rsquo;est donc \u00e0 la France, \u00e0 l&rsquo;Europe, \u00e0 l&rsquo;Otan de se mettre en mouvement \u00bb Se mettre en mouvement ? Et qu\u2019est-ce donc que veulent dire ces mots ci tant mal voil\u00e9s sinon l\u2019injonction de Fran\u00e7ois Hollande faite \u00e0 l\u2019Europe et \u00e0 l\u2019OTAN, puisque Trump \u00ab tergiverse \u00bb, de passer \u00e0 l\u2019action, c\u2019est-\u00e0-dire \u00e0 la guerre contre la Russie et la Turquie.   \u00ab La Russie se r\u00e9arme depuis plusieurs ann\u00e9es, et si elle est mena\u00e7ante, elle doit \u00eatre menac\u00e9e\u00a0\u00bb. Menac\u00e9e ? Mais \u00e0 quoi sert-il des menaces qui ne pourraient pas \u00eatre mises \u00e0 ex\u00e9cution. Ce ne seraient en ce cas des rodomontades inutiles. Or les menaces, lorsqu\u2019elles peuvent-\u00eatre v\u00e9ritablement mises \u00e0 ex\u00e9cution, d\u00e9bouchent  n\u00e9cessairement sur la guerre, parce que la menace est une politique qui se situe d\u00e9j\u00e0 dans une logique de guerre. C\u2019est donc bien pour l\u2019option de la guerre imm\u00e9diate que pr\u00eache Fran\u00e7ois Hollande.  Imm\u00e9diate. Eh oui, selon lui \u00ab on \u00bb n\u2019a que trop attendu. Il regrette que les USA, sous la direction de Barak Obama, ne soient pas all\u00e9 \u00ab au charbon \u00bb plus t\u00f4t, en d\u00e9clenchant le d\u00e9luge de feu en 2013 au pr\u00e9texte des attaques chimiques imput\u00e9es sans la moindre preuve \u00e0 Damas, et qu\u2019ils aient pr\u00e9f\u00e9r\u00e9 alors n\u00e9gocier avec la Russie la neutralisation de l\u2019arsenal chimique de la Syrie.   Obstin\u00e9 jusqu\u2019\u00e0 l\u2019aveuglement, et fou jusqu\u2019\u00e0 la dangerosit\u00e9, Fran\u00e7ois Hollande  souhaite que \u00ab Dans la Ghouta orientale, o\u00f9 le r\u00e9gime de Damas, alli\u00e9 de Moscou, poursuit une offensive depuis le 18 f\u00e9vrier, comme \u00e0 Afrine, \u00bb soit instaur\u00e9es des\u00ab   zones d&rsquo;exclusion a\u00e9rienne afin de faire cesser des bombardements sur h\u00f4pitaux et civils, en notant que les \u00ab\u00a0lignes rouges ne peuvent concerner les seules armes chimiques. \u00bb  De telles propositions ne peuvent \u00e9maner, que d\u2019un r\u00eaveur (je n\u2019ai pas os\u00e9 \u00e9crire doux), ou d\u2019un psychopathe en plein d\u00e9lire n\u00e9vrotique. Le contr\u00f4le du ciel Syrien appartient en effet \u00e0 la Russie et \u00e0 la Syrie \u00e9quip\u00e9e \u00e0 pr\u00e9sent d\u2019une d\u00e9fense antia\u00e9rienne moderne et efficace. \u00ab Instaurer des zones d\u2019exclusions a\u00e9riennes en Syrie, pour la coalition occidentale, signifie donc d\u00e9truire d\u2019abord la DCA Syrienne et Russe. C\u2019est-\u00e0-dire d\u00e9clencher une op\u00e9ration militaire de grande envergure qui pr\u00e9cipiterait tout le Moyen Orient et la Russie dans une guerre d\u00e9sormais incontr\u00f4lable.  Cet homme est fou. La preuve en est qu\u2019il est incapable de discernement dans le traitement des affaires internationales (et lesquelles, celles de la guerre et de la paix), entre ses propres  obsessions et les r\u00e9alit\u00e9s objectives du terrain.  A peine avait-il pos\u00e9 en 2012 son pied droit sur la premi\u00e8re marche du perron de l\u2019\u00c9lys\u00e9e, Fran\u00e7ois Hollande d\u00e9j\u00e0 intimait \u00e0 Bachar l\u2019ordre de \u00ab d\u00e9gager \u00bb. Or, depuis il s\u2019est fait virer lui-m\u00eame comme un malpropre et 6 ans plus tard Bachar est toujours l\u00e0 et se consolide. Alors le petit homme mauvais enrage et fulmine. Sa col\u00e8re est si grande qu\u2019il pr\u00e9f\u00e9rerait voir p\u00e9rir le monde tout entier que de reconnaitre son tort. . \u00abA la diff\u00e9rence de son pr\u00e9d\u00e9cesseur, Emmanuel Macron ne fait plus du d\u00e9part de Bachar al-Assad un pr\u00e9alable \u00e0 la recherche d&rsquo;une solution politique en Syrie \u00bb(*). Fran\u00e7ois Hollande lui en fait grief. Nous avons expliqu\u00e9 \u00e0 de nombreuses reprises dans le pass\u00e9 en quoi Hollande avait fait de cette question du d\u00e9part d\u2019Assad une affaire personnelle et en quoi son obstination contre toute rationalit\u00e9 t\u00e9moignait de sa b\u00eatise ou de sa folie. Car c\u2019est folie pour un chef d\u2019\u00c9tat (en exercice ou pas) quand son \u00ab ego \u00bb lui dicte son jugement au d\u00e9triment de l\u2019int\u00e9r\u00eat r\u00e9el et de la s\u00e9curit\u00e9 des peuples. Quand pour avoir raison quoi qu\u2019il en coute ce misanthrope envisage froidement de pr\u00e9cipiter la plan\u00e8te dans le gouffre, et pour soigner son \u00e9go de sceller le destin tragique de l\u2019humanit\u00e9.   Patrick Seignon. \u00ab lavoiedessansvoix.fr \u00bb. Mardi 13 mars 2018.   *Mais attention, il ne faut pas comme Marine Le Pen d\u00e9cerner imprudemment des satisf\u00e9cits \u00e0 Macron. C\u2019est sur sa fid\u00e9lit\u00e9 \u00e0 la ligne Obama\/Hollande que celui-ci a \u00e9t\u00e9 propuls\u00e9 dans le fauteuil Pr\u00e9sidentiel. Il est aux responsabilit\u00e9s et doit \u00e0 ce titre tenir compte des r\u00e9alit\u00e9s objectives incontournables. Mais avec lui la France reste sur la ligne du cartel imp\u00e9rialiste occidental et cela ne manquera pas d\u2019apparaitre le moment venu.<\/p>\n","protected":false},"excerpt":{"rendered":"<p>A\u00cfE FUREUR ! 79Fran\u00e7ois Hollande, l\u2019ancien chef de l\u2019\u00c9tat, inventeur de Macron, a d\u00e9cid\u00e9 de sortir de sa r\u00e9serve et [&hellip;]<\/p>\n","protected":false},"author":1,"featured_media":4383,"comment_status":"open","ping_status":"open","sticky":false,"template":"","format":"standard","meta":{"sfsi_plus_gutenberg_text_before_share":"","sfsi_plus_gutenberg_show_text_before_share":"","sfsi_plus_gutenberg_icon_type":"","sfsi_plus_gutenberg_icon_alignemt":"","sfsi_plus_gutenburg_max_per_row":"","site-sidebar-layout":"default","site-content-layout":"","ast-site-content-layout":"default","site-content-style":"default","site-sidebar-style":"default","ast-global-header-display":"","ast-banner-title-visibility":"","ast-main-header-display":"","ast-hfb-above-header-display":"","ast-hfb-below-header-display":"","ast-hfb-mobile-header-display":"","site-post-title":"","ast-breadcrumbs-content":"","ast-featured-img":"","footer-sml-layout":"","ast-disable-related-posts":"","theme-transparent-header-meta":"","adv-header-id-meta":"","stick-header-meta":"","header-above-stick-meta":"","header-main-stick-meta":"","header-below-stick-meta":"","astra-migrate-meta-layouts":"default","ast-page-background-enabled":"default","ast-page-background-meta":{"desktop":{"background-color":"var(--ast-global-color-4)","background-image":"","background-repeat":"repeat","background-position":"center center","background-size":"auto","background-attachment":"scroll","background-type":"","background-media":"","overlay-type":"","overlay-color":"","overlay-opacity":"","overlay-gradient":""},"tablet":{"background-color":"","background-image":"","background-repeat":"repeat","background-position":"center center","background-size":"auto","background-attachment":"scroll","background-type":"","background-media":"","overlay-type":"","overlay-color":"","overlay-opacity":"","overlay-gradient":""},"mobile":{"background-color":"","background-image":"","background-repeat":"repeat","background-position":"center center","background-size":"auto","background-attachment":"scroll","background-type":"","background-media":"","overlay-type":"","overlay-color":"","overlay-opacity":"","overlay-gradient":""}},"ast-content-background-meta":{"desktop":{"background-color":"var(--ast-global-color-5)","background-image":"","background-repeat":"repeat","background-position":"center center","background-size":"auto","background-attachment":"scroll","background-type":"","background-media":"","overlay-type":"","overlay-color":"","overlay-opacity":"","overlay-gradient":""},"tablet":{"background-color":"var(--ast-global-color-5)","background-image":"","background-repeat":"repeat","background-position":"center center","background-size":"auto","background-attachment":"scroll","background-type":"","background-media":"","overlay-type":"","overlay-color":"","overlay-opacity":"","overlay-gradient":""},"mobile":{"background-color":"var(--ast-global-color-5)","background-image":"","background-repeat":"repeat","background-position":"center center","background-size":"auto","background-attachment":"scroll","background-type":"","background-media":"","overlay-type":"","overlay-color":"","overlay-opacity":"","overlay-gradient":""}},"footnotes":""},"categories":[16],"tags":[],"class_list":["post-798","post","type-post","status-publish","format-standard","has-post-thumbnail","hentry","category-archives-cms"],"_links":{"self":[{"href":"https:\/\/lavoiedessansvoix.fr\/lavoie\/wp-json\/wp\/v2\/posts\/798","targetHints":{"allow":["GET"]}}],"collection":[{"href":"https:\/\/lavoiedessansvoix.fr\/lavoie\/wp-json\/wp\/v2\/posts"}],"about":[{"href":"https:\/\/lavoiedessansvoix.fr\/lavoie\/wp-json\/wp\/v2\/types\/post"}],"author":[{"embeddable":true,"href":"https:\/\/lavoiedessansvoix.fr\/lavoie\/wp-json\/wp\/v2\/users\/1"}],"replies":[{"embeddable":true,"href":"https:\/\/lavoiedessansvoix.fr\/lavoie\/wp-json\/wp\/v2\/comments?post=798"}],"version-history":[{"count":1,"href":"https:\/\/lavoiedessansvoix.fr\/lavoie\/wp-json\/wp\/v2\/posts\/798\/revisions"}],"predecessor-version":[{"id":3615,"href":"https:\/\/lavoiedessansvoix.fr\/lavoie\/wp-json\/wp\/v2\/posts\/798\/revisions\/3615"}],"wp:featuredmedia":[{"embeddable":true,"href":"https:\/\/lavoiedessansvoix.fr\/lavoie\/wp-json\/wp\/v2\/media\/4383"}],"wp:attachment":[{"href":"https:\/\/lavoiedessansvoix.fr\/lavoie\/wp-json\/wp\/v2\/media?parent=798"}],"wp:term":[{"taxonomy":"category","embeddable":true,"href":"https:\/\/lavoiedessansvoix.fr\/lavoie\/wp-json\/wp\/v2\/categories?post=798"},{"taxonomy":"post_tag","embeddable":true,"href":"https:\/\/lavoiedessansvoix.fr\/lavoie\/wp-json\/wp\/v2\/tags?post=798"}],"curies":[{"name":"wp","href":"https:\/\/api.w.org\/{rel}","templated":true}]}}