{"id":797,"date":"2018-03-19T10:04:00","date_gmt":"2018-03-19T09:04:00","guid":{"rendered":"https:\/\/lavoiedessansvoix.fr\/lavoie\/2018\/03\/19\/archive-un-os\/"},"modified":"2026-04-26T21:26:36","modified_gmt":"2026-04-26T19:26:36","slug":"archive-un-os","status":"publish","type":"post","link":"https:\/\/lavoiedessansvoix.fr\/lavoie\/2018\/03\/19\/archive-un-os\/","title":{"rendered":"UN OS"},"content":{"rendered":"<p>UN OS   &#8211; Vous voulez d\u00e9fendre les lignes de chemins de fer secondaires et les petites gares ?- Vous voulez d\u00e9fendre le service public ferroviaire ?  &#8211; Vous voulez des trains s\u00fbrs, non des autobus qui s\u2019enflamment comme des allumettes \u00e0 la moindre collision ?  &#8211; Vous voulez mettre un coup d\u2019arr\u00eat \u00e0 la folle politique lib\u00e9rale qui d\u00e9truit les services publics et les emplois ?  Alors une seule voie !  Il faut d\u00e9fendre tous ensemble le statut des cheminots.   1er Objection :  Cela fait des ann\u00e9es que les gouvernements successifs d\u00e9tricotent les services publics \u2018de la poste, de l\u2019EDF, des contributions,  de l\u2019enseignement, etc.), et rien de vraiment significatif ne s\u2019est produit pour stopper cette folle fuite en avant. Alors, pourquoi tout \u00e0 coup faudrait-il \u00eatre solidaire avec  des cheminots qui d\u00e9fendent \u00ab leur \u00bb statuts ?  R\u00e9ponse :  Rien, aucune r\u00e9sistance vraiment significative ne s\u2019est produite jusque-l\u00e0, et comme moi vous le regrettez bien s\u00fbr. Alors justement, si achoppant sur un point \u00ab dur \u00bb l\u2019offensive lib\u00e9rale peut enfin se fracasser, vous n\u2019allez pas faire la fine bouche.  Quelle est la diff\u00e9rence et pourquoi faut-il se jeter tous ensemble dans la bataille pour d\u00e9fendre le service public ferroviaire et le statut des cheminots ? Parce que jusque-l\u00e0 la r\u00e9sistance propre des secteurs attaqu\u00e9s \u00e9tait insuffisante et que pour cette raison elle ne pouvait pas jouer un r\u00f4le ni de d\u00e9tonateur du m\u00e9contentement social, ni d\u2019entrainement et de f\u00e9d\u00e9ration des luttes et revendications sociales de tous les secteurs.  C\u2019est ce que peut faire la lutte des cheminots. Certes comme toute gr\u00e8ve elle entrainera une g\u00eane consid\u00e9rable pour les usagers du rail et par incidence pour ceux de la route aussi. Pourtant la lutte annonc\u00e9e des cheminots peut-\u00eatre une aubaine pour la r\u00e9sistance sociale au lib\u00e9ralisme \u00e9conomique d\u00e9brid\u00e9. Cette chance il faut la saisir. Cela d\u00e9pend de vous qui faites \u00ab l\u2019opinion publique \u00bb, cela d\u00e9pend de vous qui \u00eates des travailleurs, des salari\u00e9s, des professions lib\u00e9rales, des agriculteurs, des petits commer\u00e7ants, tous appauvris par cette politique, et qui avez int\u00e9r\u00eats \u00e0 vous joindre, chacun selon ses sp\u00e9cificit\u00e9s \u00e0 la lutte antilib\u00e9rale des cheminots.  2\u00e8me objection : Les cheminots qui de par leur statut ont la s\u00e9curit\u00e9 de l\u2019emploi sont des nantis.  R\u00e9ponse : Les gens qui travaillent ne sont en aucun cas des nantis. Avoir un emploi s\u00e9curis\u00e9, un salaire d\u00e9cent, ce n\u2019est pas un privil\u00e8ge. C\u2019est ce qui devrait-\u00eatre la r\u00e8gle minimale pour tous. Les conditions sont plus ou moins tol\u00e9rables selon les secteurs d\u2019activit\u00e9s o\u00f9 l\u2019on exerce. Mais l\u2019on n\u2019en reste pas moins des travailleurs asservis. \u00c7a n\u2019est pas la condition des cheminots qui est \u00ab trop bonne \u00bb et qu\u2019il faudrait d\u00e9truire pour rabaisser tout le monde au plancher, ou en dessous. Ce sont les conditions faites aux autres travailleurs qui sont mauvaises voire iniques, et qu\u2019il faut am\u00e9liorer. \u00c7a n\u2019est pas en tirant les cheminots vers le bas que l\u2019on am\u00e9liorera la condition g\u00e9n\u00e9rale des travailleurs. Mais le contraire se pourrait. En prenant appui sur ce point de r\u00e9sistance que sont les cheminots il se pourrait que l\u2019on renverse la tendance actuelle et que l\u2019on puisse partir \u00e0 la reconqu\u00eate des droits et acquis dont ils veulent nous priver tous.  3\u00e8me objection :  Les cheminots en d\u00e9fendant leur statut ne pensent qu\u2019\u00e0 eux, ce sont des corporatistes \u00e9go\u00efstes.  R\u00e9ponse : C\u2019est ce que voudrait accr\u00e9diter l\u2019ignoble propagande officielle. C\u2019est \u00e0 cette fin que le gouvernement qui dans un premier \u00e9lan avait annonc\u00e9 outre la liquidation du statut des cheminots celle de l\u2019entreprise d\u2019Etat SNCF et de 9000 Km de lignes secondaires \u00e0 fait semblant de reculer, \u00e9ludant sur le statut de l\u2019entreprise et renvoyant \u00e0 un d\u00e9bat ult\u00e9rieur avec les collectivit\u00e9s locales la question \u00e9pineuse des fermetures de lignes. Cela, afin de centrer l\u2019attention sur le seul statut des cheminots afin pr\u00e9cis\u00e9ment de pouvoir pr\u00e9tendre, si ceux-ci se d\u00e9fendaient, qu\u2019ils ne pensaient qu\u2019\u00e0 \u00ab leur peau \u00bb, afin de tenter de les isoler et de rendre plus difficile la jonction des luttes et la f\u00e9d\u00e9ration des m\u00e9contentements.  Mais les Fran\u00e7ais laborieux, les ouvriers, les salari\u00e9s, les paysans, les petits commer\u00e7ants artisans et professions lib\u00e9rales ne sont pas si b\u00eates. Ils ne tomberont pas dans ce pi\u00e8ge grossier. Ils manifesteront leur solidarit\u00e9 ou mieux la communaut\u00e9 de toutes les luttes contre le lib\u00e9ralisme \u00e9conomique ravageur.*    Oui, camarades ouvriers et salari\u00e9s, fr\u00e8res et s\u0153urs de condition, amis paysans , commer\u00e7ants et professions lib\u00e9rale, la France du labeur, les cheminots seront en gr\u00e8ve et manifesteront dans quelques jours. D\u00e9j\u00e0 ils ne seront pas seuls, les contr\u00f4leurs a\u00e9riens, les enseignants, la RATP, les fonctionnaires seront mobilis\u00e9s aussi. Alors, rejoignez les, rejoignez-nous dans la lutte et dans la contestation. Joignons toutes nos forces ensemble.  Ne se pourrait-il pas que la \u00ab r\u00e9sistance fer \u00bb, l\u2019os sur lequel ils se casseraient les dents, mette fin au festin boulimique des jeunes loups marcheurs du lib\u00e9ralisme fou et de la banque avide.   Patrick Seignon. \u00ab lavoiedessansvoix.fr \u00bb. Lundi 19 mars 2018.<\/p>\n","protected":false},"excerpt":{"rendered":"<p>UN OS &#8211; Vous voulez d\u00e9fendre les lignes de chemins de fer secondaires et les petites gares ?- Vous voulez [&hellip;]<\/p>\n","protected":false},"author":1,"featured_media":4382,"comment_status":"open","ping_status":"open","sticky":false,"template":"","format":"standard","meta":{"sfsi_plus_gutenberg_text_before_share":"","sfsi_plus_gutenberg_show_text_before_share":"","sfsi_plus_gutenberg_icon_type":"","sfsi_plus_gutenberg_icon_alignemt":"","sfsi_plus_gutenburg_max_per_row":"","site-sidebar-layout":"default","site-content-layout":"","ast-site-content-layout":"default","site-content-style":"default","site-sidebar-style":"default","ast-global-header-display":"","ast-banner-title-visibility":"","ast-main-header-display":"","ast-hfb-above-header-display":"","ast-hfb-below-header-display":"","ast-hfb-mobile-header-display":"","site-post-title":"","ast-breadcrumbs-content":"","ast-featured-img":"","footer-sml-layout":"","ast-disable-related-posts":"","theme-transparent-header-meta":"","adv-header-id-meta":"","stick-header-meta":"","header-above-stick-meta":"","header-main-stick-meta":"","header-below-stick-meta":"","astra-migrate-meta-layouts":"default","ast-page-background-enabled":"default","ast-page-background-meta":{"desktop":{"background-color":"var(--ast-global-color-4)","background-image":"","background-repeat":"repeat","background-position":"center center","background-size":"auto","background-attachment":"scroll","background-type":"","background-media":"","overlay-type":"","overlay-color":"","overlay-opacity":"","overlay-gradient":""},"tablet":{"background-color":"","background-image":"","background-repeat":"repeat","background-position":"center center","background-size":"auto","background-attachment":"scroll","background-type":"","background-media":"","overlay-type":"","overlay-color":"","overlay-opacity":"","overlay-gradient":""},"mobile":{"background-color":"","background-image":"","background-repeat":"repeat","background-position":"center center","background-size":"auto","background-attachment":"scroll","background-type":"","background-media":"","overlay-type":"","overlay-color":"","overlay-opacity":"","overlay-gradient":""}},"ast-content-background-meta":{"desktop":{"background-color":"var(--ast-global-color-5)","background-image":"","background-repeat":"repeat","background-position":"center center","background-size":"auto","background-attachment":"scroll","background-type":"","background-media":"","overlay-type":"","overlay-color":"","overlay-opacity":"","overlay-gradient":""},"tablet":{"background-color":"var(--ast-global-color-5)","background-image":"","background-repeat":"repeat","background-position":"center center","background-size":"auto","background-attachment":"scroll","background-type":"","background-media":"","overlay-type":"","overlay-color":"","overlay-opacity":"","overlay-gradient":""},"mobile":{"background-color":"var(--ast-global-color-5)","background-image":"","background-repeat":"repeat","background-position":"center center","background-size":"auto","background-attachment":"scroll","background-type":"","background-media":"","overlay-type":"","overlay-color":"","overlay-opacity":"","overlay-gradient":""}},"footnotes":""},"categories":[16],"tags":[],"class_list":["post-797","post","type-post","status-publish","format-standard","has-post-thumbnail","hentry","category-archives-cms"],"_links":{"self":[{"href":"https:\/\/lavoiedessansvoix.fr\/lavoie\/wp-json\/wp\/v2\/posts\/797","targetHints":{"allow":["GET"]}}],"collection":[{"href":"https:\/\/lavoiedessansvoix.fr\/lavoie\/wp-json\/wp\/v2\/posts"}],"about":[{"href":"https:\/\/lavoiedessansvoix.fr\/lavoie\/wp-json\/wp\/v2\/types\/post"}],"author":[{"embeddable":true,"href":"https:\/\/lavoiedessansvoix.fr\/lavoie\/wp-json\/wp\/v2\/users\/1"}],"replies":[{"embeddable":true,"href":"https:\/\/lavoiedessansvoix.fr\/lavoie\/wp-json\/wp\/v2\/comments?post=797"}],"version-history":[{"count":1,"href":"https:\/\/lavoiedessansvoix.fr\/lavoie\/wp-json\/wp\/v2\/posts\/797\/revisions"}],"predecessor-version":[{"id":3613,"href":"https:\/\/lavoiedessansvoix.fr\/lavoie\/wp-json\/wp\/v2\/posts\/797\/revisions\/3613"}],"wp:featuredmedia":[{"embeddable":true,"href":"https:\/\/lavoiedessansvoix.fr\/lavoie\/wp-json\/wp\/v2\/media\/4382"}],"wp:attachment":[{"href":"https:\/\/lavoiedessansvoix.fr\/lavoie\/wp-json\/wp\/v2\/media?parent=797"}],"wp:term":[{"taxonomy":"category","embeddable":true,"href":"https:\/\/lavoiedessansvoix.fr\/lavoie\/wp-json\/wp\/v2\/categories?post=797"},{"taxonomy":"post_tag","embeddable":true,"href":"https:\/\/lavoiedessansvoix.fr\/lavoie\/wp-json\/wp\/v2\/tags?post=797"}],"curies":[{"name":"wp","href":"https:\/\/api.w.org\/{rel}","templated":true}]}}