{"id":794,"date":"2018-03-29T17:57:00","date_gmt":"2018-03-29T15:57:00","guid":{"rendered":"https:\/\/lavoiedessansvoix.fr\/lavoie\/2018\/03\/29\/archive-le-crif-ou-la-honte-des-juifs\/"},"modified":"2026-04-26T21:26:10","modified_gmt":"2026-04-26T19:26:10","slug":"archive-le-crif-ou-la-honte-des-juifs","status":"publish","type":"post","link":"https:\/\/lavoiedessansvoix.fr\/lavoie\/2018\/03\/29\/archive-le-crif-ou-la-honte-des-juifs\/","title":{"rendered":"LE CRIF, ou, LA HONTE DES JUIFS."},"content":{"rendered":"<p>LE CRIF, ou, LA HONTE DES JUIFS.  Qu\u2019il me soit permis en tout premier lieu d\u2019honorer la prise de position juste et digne de Daniel , l\u2019un des fils de la victime Mireille Knoll : \u00ab  Le CRIF fait de la politique et moi j\u2019ouvre mon c\u0153ur, j\u2019ouvre mon c\u0153ur \u00e0 tout le monde, \u00e0 tous ceux qui ont une m\u00e8re \u00bb.   J\u2019ai entendu hier soir, je ne me souviens plus sur qu\u2019elle chaine de t\u00e9l\u00e9vision (3 ou 2), que \u00ab la marche blanche \u00e0 l\u2019honneur de Mireille Knoll avait \u00e9t\u00e9 g\u00e2ch\u00e9e par la pr\u00e9sence De Marine Le Pen et de Jean-Luc M\u00e9lenchon. J\u2019\u00e9tais outr\u00e9, j\u2019\u00e9tais malade d\u2019indignation et de rage en entendant un pareil commentaire si plein de parti pris inf\u00e2me.  Qu\u2019elle ind\u00e9cence. Comment des journalistes fran\u00e7ais peuvent-ils se permettre de pareilles partialit\u00e9s ? N\u2019\u00e9tait-ce pas plut\u00f4t les siffleurs et les insulteurs les responsables de l\u2019ombre jet\u00e9e sur cette c\u00e9r\u00e9monie ? N\u2019est ce pas eux qui ont eu une conduite indigne des circonstances ? C\u2019est tout au moins l\u2019opinion indign\u00e9e de Daniel Knoll : \u00ab Je pense qu\u2019il y a des gens biens partout, dans toutes les religions, tous les partis, toutes les couleurs de peau. Et il y a des abrutis, et chez nous aussi il y a des abrutis. Je le reconnais et je ne leur donne pas raison. Tout le monde aurait d\u00fb d\u00e9filer dans le calme. \u00bb  Ils sont heureux, ils sont satisfaits, ils ont obtenu l\u2019effet escompt\u00e9, ils ont copieusement siffl\u00e9 et insulter Marine Le Pen et Jean-Luc M\u00e9lenchon, ceux-ci ont d\u00fb \u00eatre \u00ab exfiltr\u00e9s \u00bb de la \u00ab marche blanche \u00bb. Qu\u2019ont-ils r\u00e9ussit \u00e0 d\u00e9montrer les \u00ab abrutis \u00bb, sinon que le sectarisme et l\u2019intol\u00e9rance \u00e9tait de leur c\u00f4t\u00e9.  Pourquoi le CRIF qui s\u2019\u00e9tait exprim\u00e9 la veille par la voix de son pr\u00e9sident Francis Kalifat, ne voulait-il pas de la pr\u00e9sence de Marine Le Pen ni de Jean-Luc M\u00e9lenchon ? En ce qui concerne Marine Le Pen, son point de vue, quoique irrecevable, parait facile \u00e0 expliquer si l\u2019on s\u2019en r\u00e9f\u00e8re au fait que plusieurs des composantes qui form\u00e8rent le \u00ab Front National \u00bb se signalaient autrefois par un antis\u00e9mitisme bien r\u00e9el. Or, m\u00eame abord\u00e9 sous cet angle, l\u2019arch\u00e9ologie politique ne justifie en rien la position imb\u00e9cile de monsieur Kalifat. Le b\u00e9b\u00e9\u00ab F.N \u00bb a \u00e9t\u00e9 berc\u00e9 par quelques nounous antis\u00e9mites ! Et alors ! La r\u00e9silience \u00e7a existe ? Si celui-ci se joignait \u00e0 l\u2019indignation g\u00e9n\u00e9rale contre un acte suppos\u00e9 antis\u00e9mite, N\u2019\u00e9tait-ce pas une grande victoire pour ceux qui luttent contre ? N\u2019y avait-il pas lieu de s\u2019en r\u00e9jouir plut\u00f4t ?  Quant aux griefs si graves faits \u00e0 Jean-Luc M\u00e9lenchon et \u00e0 la France insoumise par lesquels monsieur Kalifat justifie son ostracisme, de quel ordre sont-ils ? Nous nous en remettons pour en juger \u00e0 \u00ab Le Monde religions \u00bb. \u00ab Que reproche le CRIF aux insoumis \u00bb ? Le pr\u00e9sident du CRIF a justifi\u00e9 son refus de voir M M\u00e9lenchon participer au rassemblement par le fait que les antis\u00e9mites (ce sont les antisionistes que monsieur Kalifat appelle ainsi. Ndlr) \u00e9taient surrepr\u00e9sent\u00e9s \u00e0 l\u2019extr\u00eame gauche \u00bb.. \u00bbFrancis Kalifat a \u00e9galement relev\u00e9 une \u00ab contradiction \u00bb entre la pr\u00e9sence du d\u00e9put\u00e9 des Bouches du Rh\u00f4ne \u00e0 la marche blanche et son soutien au boycott d\u2019Isra\u00ebl \u00bb.. \u00ab Si Francis Kalifat ne (met) pas en doute l\u2019empathie de M M\u00e9lenchon \u00e0 l\u2019\u00e9gard du drame v\u00e9cu par Mme Knoll (\u2026), il faut une coh\u00e9rence de discours et d\u2019action \u00bb.  O\u00f9 l\u2019on constate qu\u2019en v\u00e9rit\u00e9 les reproches adress\u00e9s par le CRIF \u00e0 la France insoumise \u00bb n\u2019ont aucun rapport avec un quelconque antis\u00e9mitisme pass\u00e9  pr\u00e9sent ou futur, mais seulement avec l\u2019approbation ou non de la politique de l\u2019Etat d\u2019Isra\u00ebl. Le CRIF veut contraindre \u00ab les politiques \u00bb fran\u00e7ais \u00e0 faire \u00ab acte d\u2019all\u00e9geance et de subordination \u00e0 l\u2019Etat d\u2019Isra\u00ebl, et \u00e0 taire toute critique \u00e0 son endroit.  Nous avons en ce qui nous concerne, d\u00e9nonc\u00e9 de longtemps cette d\u00e9rive liberticide du CRIF, qui consiste \u00e0 assimiler l\u2019antisionisme qui est une position politique critique \u00e0 l\u2019\u00e9gard des fondements de la construction isra\u00e9lienne, et l\u2019antis\u00e9mitisme. Et nous n\u2019avons eu de cesse de la combattre.   Foin de la lutte contre l\u2019antis\u00e9mitisme le CRIF est surtout une organisation \u00ab lobbyiste \u00bb inf\u00e9od\u00e9e \u00e0 l\u2019Etat d\u2019Isra\u00ebl. La \u00ab lutte contre l\u2019antis\u00e9mitisme \u00bb est pour lui \u00ab une arme par destination \u00bb dont il use pour exercer une sorte de \u00ab terrorisme moral et intellectuel \u00bb afin d\u2019assujettir les consciences libres. Par de telles pratiques le CRIF se place en marge de la R\u00e9publique et de ses valeurs.  Sa r\u00e9cente prise de position contre la participation de Marine Le Pen et de Jean-Luc M\u00e9lenchon  \u00e0 la \u00ab marche Blanche \u00bb \u00e0 la m\u00e9moire de Mireille Knoll, est \u00e0 la fois ind\u00e9cente et r\u00e9v\u00e9latrice de la v\u00e9ritable nature de ce mouvement. Par son attitude irresponsable et insultante \u00e0 la m\u00e9moire de la d\u00e9funte, lors de celle-ci, le C.R.I.F. qui a d\u00e9montr\u00e9 sa nuisance \u00e0 leur cause, c\u2019est qualifi\u00e9 lui-m\u00eame comme \u00ab la honte des juifs de France \u00bb.  Patrick Seignon. \u00ab lavoiedessansvoix.fr \u00bb. Jeudi 29 mars 2016.<\/p>\n","protected":false},"excerpt":{"rendered":"<p>LE CRIF, ou, LA HONTE DES JUIFS. Qu\u2019il me soit permis en tout premier lieu d\u2019honorer la prise de position [&hellip;]<\/p>\n","protected":false},"author":1,"featured_media":4379,"comment_status":"open","ping_status":"open","sticky":false,"template":"","format":"standard","meta":{"sfsi_plus_gutenberg_text_before_share":"","sfsi_plus_gutenberg_show_text_before_share":"","sfsi_plus_gutenberg_icon_type":"","sfsi_plus_gutenberg_icon_alignemt":"","sfsi_plus_gutenburg_max_per_row":"","site-sidebar-layout":"default","site-content-layout":"","ast-site-content-layout":"default","site-content-style":"default","site-sidebar-style":"default","ast-global-header-display":"","ast-banner-title-visibility":"","ast-main-header-display":"","ast-hfb-above-header-display":"","ast-hfb-below-header-display":"","ast-hfb-mobile-header-display":"","site-post-title":"","ast-breadcrumbs-content":"","ast-featured-img":"","footer-sml-layout":"","ast-disable-related-posts":"","theme-transparent-header-meta":"","adv-header-id-meta":"","stick-header-meta":"","header-above-stick-meta":"","header-main-stick-meta":"","header-below-stick-meta":"","astra-migrate-meta-layouts":"default","ast-page-background-enabled":"default","ast-page-background-meta":{"desktop":{"background-color":"var(--ast-global-color-4)","background-image":"","background-repeat":"repeat","background-position":"center center","background-size":"auto","background-attachment":"scroll","background-type":"","background-media":"","overlay-type":"","overlay-color":"","overlay-opacity":"","overlay-gradient":""},"tablet":{"background-color":"","background-image":"","background-repeat":"repeat","background-position":"center center","background-size":"auto","background-attachment":"scroll","background-type":"","background-media":"","overlay-type":"","overlay-color":"","overlay-opacity":"","overlay-gradient":""},"mobile":{"background-color":"","background-image":"","background-repeat":"repeat","background-position":"center center","background-size":"auto","background-attachment":"scroll","background-type":"","background-media":"","overlay-type":"","overlay-color":"","overlay-opacity":"","overlay-gradient":""}},"ast-content-background-meta":{"desktop":{"background-color":"var(--ast-global-color-5)","background-image":"","background-repeat":"repeat","background-position":"center center","background-size":"auto","background-attachment":"scroll","background-type":"","background-media":"","overlay-type":"","overlay-color":"","overlay-opacity":"","overlay-gradient":""},"tablet":{"background-color":"var(--ast-global-color-5)","background-image":"","background-repeat":"repeat","background-position":"center center","background-size":"auto","background-attachment":"scroll","background-type":"","background-media":"","overlay-type":"","overlay-color":"","overlay-opacity":"","overlay-gradient":""},"mobile":{"background-color":"var(--ast-global-color-5)","background-image":"","background-repeat":"repeat","background-position":"center center","background-size":"auto","background-attachment":"scroll","background-type":"","background-media":"","overlay-type":"","overlay-color":"","overlay-opacity":"","overlay-gradient":""}},"footnotes":""},"categories":[16],"tags":[],"class_list":["post-794","post","type-post","status-publish","format-standard","has-post-thumbnail","hentry","category-archives-cms"],"_links":{"self":[{"href":"https:\/\/lavoiedessansvoix.fr\/lavoie\/wp-json\/wp\/v2\/posts\/794","targetHints":{"allow":["GET"]}}],"collection":[{"href":"https:\/\/lavoiedessansvoix.fr\/lavoie\/wp-json\/wp\/v2\/posts"}],"about":[{"href":"https:\/\/lavoiedessansvoix.fr\/lavoie\/wp-json\/wp\/v2\/types\/post"}],"author":[{"embeddable":true,"href":"https:\/\/lavoiedessansvoix.fr\/lavoie\/wp-json\/wp\/v2\/users\/1"}],"replies":[{"embeddable":true,"href":"https:\/\/lavoiedessansvoix.fr\/lavoie\/wp-json\/wp\/v2\/comments?post=794"}],"version-history":[{"count":1,"href":"https:\/\/lavoiedessansvoix.fr\/lavoie\/wp-json\/wp\/v2\/posts\/794\/revisions"}],"predecessor-version":[{"id":3607,"href":"https:\/\/lavoiedessansvoix.fr\/lavoie\/wp-json\/wp\/v2\/posts\/794\/revisions\/3607"}],"wp:featuredmedia":[{"embeddable":true,"href":"https:\/\/lavoiedessansvoix.fr\/lavoie\/wp-json\/wp\/v2\/media\/4379"}],"wp:attachment":[{"href":"https:\/\/lavoiedessansvoix.fr\/lavoie\/wp-json\/wp\/v2\/media?parent=794"}],"wp:term":[{"taxonomy":"category","embeddable":true,"href":"https:\/\/lavoiedessansvoix.fr\/lavoie\/wp-json\/wp\/v2\/categories?post=794"},{"taxonomy":"post_tag","embeddable":true,"href":"https:\/\/lavoiedessansvoix.fr\/lavoie\/wp-json\/wp\/v2\/tags?post=794"}],"curies":[{"name":"wp","href":"https:\/\/api.w.org\/{rel}","templated":true}]}}