{"id":792,"date":"2018-04-05T02:10:00","date_gmt":"2018-04-05T00:10:00","guid":{"rendered":"https:\/\/lavoiedessansvoix.fr\/lavoie\/2018\/04\/05\/archive-tous-ensemble\/"},"modified":"2026-04-26T21:25:49","modified_gmt":"2026-04-26T19:25:49","slug":"archive-tous-ensemble","status":"publish","type":"post","link":"https:\/\/lavoiedessansvoix.fr\/lavoie\/2018\/04\/05\/archive-tous-ensemble\/","title":{"rendered":"TOUS ENSEMBLE"},"content":{"rendered":"<p>TOUS ENSEMBLE   Tu es ch\u00f4meur Tu es donc un travailleur priv\u00e9 d\u2019emploi par ceux-l\u00e0 m\u00eame qui s\u2019annoncent \u00e0 grand bruit comme les d\u00e9fenseurs de \u00ab la libert\u00e9 du travail \u00bb. Or, pas assez d\u2019\u00eatre ainsi sans travail et sans salaire  tu es de plus humili\u00e9 quand on te mets en demeure de chercher un emploi qui n\u2019existe pas vu que les responsables politiques et \u00e9conomiques de ce pays s\u2019acharnent depuis des d\u00e9cennies \u00e0 en d\u00e9truire ou \u00ab d\u00e9localiser \u00bb toujours plus. Mais sais-tu pourquoi ils s\u2019ing\u00e9nient ainsi \u00e0 culpabiliser les ch\u00f4meurs. Pour masquer leur infamie et leur propre responsabilit\u00e9. Crois-tu vraiment que le ch\u00f4mage est une calamit\u00e9 sociale in\u00e9vitable ? Pas le moins du monde, c\u2019est une volont\u00e9 d\u00e9lib\u00e9r\u00e9e, c\u2019est une politique voulu pour \u00e9craser les salaires et r\u00e9duire les salari\u00e9s au silence. Le ch\u00f4mage est en quelque sorte un instrument de cette fameuse rentabilit\u00e9 des entreprises, tant pris\u00e9e des d\u00e9cideurs, car il permet de maintenir les salaires bas et ainsi d\u2019accro\u00eetre la part du profit capitaliste.  Tu es jeune et tu devras entrer bient\u00f4t dans la vie active. L\u2019anxi\u00e9t\u00e9 s\u2019empare de toi voyant tes ain\u00e9s qui gal\u00e8re d\u00e9j\u00e0 alors que chaque semaines des milliers d\u2019emplois sont d\u00e9truits et que ce que l\u2019on te promet pour ta f\u00e9licit\u00e9 est d\u2019en d\u00e9truire tr\u00e8s prochainement encore des dizaines voire des centaines de milliers dans l\u2019administration, le secteur bancaire etc. Qu\u2019elle sera ta place dans cette soci\u00e9t\u00e9 ? Tu n\u2019es s\u00fbr de rien. Vivras-tu une existence m\u00e9diocre faites d\u2019incertitudes et d\u2019angoisses sans jamais pouvoir te reposer sur la l\u2019assurance du lendemain. Ch\u00f4mage de masse et pr\u00e9carit\u00e9 g\u00e9n\u00e9ralis\u00e9e, voil\u00e0 les perspectives que te promet la soci\u00e9t\u00e9 capitaliste lib\u00e9rale. Et sais-tu pourquoi ? Parce que les salari\u00e9s ainsi fragilis\u00e9s sont plus dociles et acceptes de travailler pour des salaires de plus en plus \u00e9triqu\u00e9s. L\u2019avenir que te pr\u00e9pare le \u00ab lib\u00e9ralisme \u00e9conomique \u00bb c\u2019est celui qui convient aux objectifs de \u00ab rentabilit\u00e9 accrue des entreprises. A force de ch\u00f4mage et de pr\u00e9carit\u00e9 ils souhaitent briser ta volont\u00e9 afin que tu acceptes les conditions de vie indignes qu\u2019ils te concoctent.  Tu es enseignant la\u00efque, attach\u00e9 aux valeurs r\u00e9publicaines, \u00e0 l\u2019\u00e9cole de la nation, et tu as compris qu\u2019apr\u00e8s la privatisation larv\u00e9e du secteur de l\u2019enseignement viendra le temps du passage en grand \u00e0 la moulinette lib\u00e9rale. Comment croirais-tu, sauf \u00e0 \u00eatre aveugle et sourd, qu\u2019apr\u00e8s avoir liquid\u00e9 les statuts de la Poste, de l\u2019EDF, de la Fonction Publique, ils laisseraient subsister le seul \u00ab statut des enseignants ? Notre pays est d\u00e9j\u00e0 dot\u00e9 d\u2019une \u00e9cole \u00e0 deux vitesses. Celle des riches qui confient leurs enfants \u00e0 des institutions priv\u00e9es, religieuses ou non, celle du peuple qui les confie \u00e0 l\u2019enseignement public. Il en va de m\u00eame dans l\u2019enseignement secondaire ou de plus en plus de \u00ab grandes \u00e9coles, tr\u00e8s cher payantes, forment les jeunes des couches sup\u00e9rieures de la soci\u00e9t\u00e9 en marge du syst\u00e8me universitaire traditionnel. Car c\u2019est \u00e7a aussi la rentabilit\u00e9 des entreprises : r\u00e9duire les co\u00fbts de la formation des jeunes, car celui-ci, d\u2019une mani\u00e8re ou d\u2019une autre est imputable sur la richesse g\u00e9n\u00e9rale produite par l\u2019activit\u00e9 \u00e9conomique et que r\u00e9duire ce poste de d\u00e9pense c\u2019est aussi accroitre la part du profit capitaliste.  Tu es \u00e9tudiant et tu voudrais aborder l\u2019\u00e0 venir avec plaisir et optimisme en cherchant ta voie et ton d\u00e9veloppement personnel selon tes go\u00fbts et tes aptitudes. Mais tu as compris que l\u2019enseignement universitaire es con\u00e7u par les gouvernants comme un simple auxiliaire de \u00ab l\u2019\u00e9conomie \u00bb charg\u00e9 de \u00ab produire \u00bb au capitalisme lib\u00e9ral, seulement les cadres dont il a besoin. Comme il vient d\u2019\u00eatre dit pour le syst\u00e8me scolaire en g\u00e9n\u00e9ral, il convient du point de vue de \u00ab la rentabilit\u00e9 \u00bb de r\u00e9duire les co\u00fbts de l\u2019enseignement sup\u00e9rieur, en multipliant les cursus courts chaque fois que c\u2019est possible, en sortant de l\u2019universit\u00e9, avant m\u00eame qu\u2019ils y acc\u00e8dent, les \u00e9tudiants en surnombre dont le syst\u00e8me n\u2019a pas besoin pour recruter le contingent des cadres utile \u00e0 son fonctionnement.  Tu es m\u00e9decin, infirmi\u00e8re ou personnel hospitalier et tu es outr\u00e9 que la sant\u00e9 publique puisse \u00eatre consid\u00e9r\u00e9 comme un secteur \u00e9conomique comme les autres, soumis aux lois de la concurrence et de la rentabilit\u00e9 et \u00e0 ce titre charg\u00e9, moins de soigner tes contemporains que de g\u00e9n\u00e9rer du profit. Profit que tu dois payer en acceptant de travailler pour un salaire inappropri\u00e9, par ta surcharge de travail et ton stress. C\u2019est qu\u2019il ne suffit pas de r\u00e9duire les contributions sociales il faut r\u00e9duire aussi des d\u00e9penses de sant\u00e9. La recherche de la \u00ab rentabilit\u00e9 optimum \u00bb des entreprises passe \u00e9galement par-l\u00e0, il ne suffit pas de r\u00e9duire les salaires directs, c\u2019est tout le revenu salarial, donc les cotisations sociales, sant\u00e9 et retraites, qu\u2019il faut amputer pour accroitre la part du capital, les dividendes des actionnaires.   Tu es retrait\u00e9 et tu es insult\u00e9, ayant travaill\u00e9 ta vie enti\u00e8re, quand ils osent affirmer, les bougres, que ru es \u00ab privil\u00e9gi\u00e9 \u00bb parce que tu per\u00e7ois une pension un peu plus \u00e9lev\u00e9e que la moyenne, et qu\u2019ils s\u2019emploient, non \u00e0 am\u00e9liorer le niveau g\u00e9n\u00e9ral mais \u00e0 abaisser la majorit\u00e9 de la population au niveau plancher qui es celui de la mis\u00e8re et de l\u2019assistanat. Une maison de retraite co\u00fbte 2200 \u00e0 2400 euros. Aucun petit retrait\u00e9 ne peut se l\u2019offrir avec ses seuls deniers. Tant bien qu\u2019il est r\u00e9duit dans ses vieux jours, apr\u00e8s une vie de labeur et de dignit\u00e9, \u00e0 l\u2019\u00e9tat infamant d\u2019assist\u00e9. La d\u00e9cence sociale ne devrait-elle pas exiger que le niveau des retraites soit suffisant pour couvrir les besoins des anciens sans recourir aux exp\u00e9dients de l\u2019assistanat et de la charit\u00e9 publique ? Pourquoi cela n\u2019est-il pas le cas ? Parce qu\u2019il manque de l\u2019argent pour payer les retraites ? Que nenni ! Mais parce qu\u2019ils veulent r\u00e9duire le niveau de celles-ci pour accroitre la rentabilit\u00e9 des entreprises, c\u2019est-\u00e0-dire l\u2019accumulation de la fortune par quelques-uns.  Tu es ouvrier ou salari\u00e9. Et avec des millions de tes fr\u00e8res sans emplois qui poussent aux portillons des entreprises tu crains de rejoindre un jour ou l\u2019autre cette immense cohorte et de choir de ta condition de n\u00e9cessit\u00e9 dans celle de \u00ab n\u00e9cessiteux \u00bb. Or, pour rendre ta situation plus pr\u00e9caire, plus instable encore, pour accroitre ton angoisse sociale afin que de surnager tu acceptes de travailler \u00e0 n\u2019importe qu\u2019elle conditions, ils viennent de liquider les dispositions essentielles du Code du Travail pour faire de chaque salari\u00e9 un \u00ab employ\u00e9 jetable \u00bb. Pourquoi cela ? Pour peser toujours plus fort sur les salaires, accroitre en diminuant ceux-ci \u00ab la rentabilit\u00e9 des entreprises \u00bb c\u2019est-\u00e0-dire le revenu des riches.  Tu es agriculteur. Et tu dois travailler pour d\u00e9gager un  revenu n\u00e9gligeable, voire \u00e0 perte quelque fois. Cependant la grande distribution dicte sa loi, ach\u00e8te (ou n\u2019ach\u00e8te pas) tes productions pour un prix d\u00e9risoire, te mets en concurrence avec le monde entier. C\u2019est que ce n\u2019est pas tout de r\u00e9duire les salaires pour accroitre la rentabilit\u00e9 capitaliste des entreprises, il faut faire chuter le co\u00fbt des denr\u00e9es de consommation g\u00e9n\u00e9rales et populaires afin que les salari\u00e9s appauvris puissent \u00ab bouffer \u00bb tout de m\u00eame. Si bien que c\u2019est cette fameuse course \u00e0 la rentabilit\u00e9 qui t\u2019accule \u00e0 ce choix sinistre de te \u00ab suicider \u00bb ou de crever lentement. L\u2019agriculture familiale et traditionnelle meurt remplac\u00e9e par une agriculture industrielle, sous serres, hors sol, des volailles confin\u00e9es dans des hangars par centaines de milliers, des porcs tortur\u00e9s sur des caillebotis, des fermes \u00e0 milles vaches et des veaux \u00e9lev\u00e9s au carcan. Tel est l\u2019\u00e0 venir radieux de l\u2019agriculture \u00ab lib\u00e9rale \u00bb.  Tu es commer\u00e7ant. Et tu te d\u00e9sole de la n\u00e9crose qui s\u2019est empar\u00e9 de nos villages et de nos centre-ville, autrefois si chaleureux, au profit de \u00ab Zones \u00bb commerciales inf\u00e2mes et  d\u00e9shumanis\u00e9es \u00e0 la p\u00e9riph\u00e9rie de nos agglom\u00e9rations. C\u2019est une loi de l\u2019accumulation capitaliste qui est un fondement du \u00ab lib\u00e9ralisme d\u00e9brid\u00e9 \u00bb de s\u2019emparer de tous les secteurs de l\u2019\u00e9conomie pour les transformer en source de profit capitaliste. C\u2019est une loi du lib\u00e9ralisme  \u00e9conomique de faire par la concentration capitalistes baisser les co\u00fbts de production et de distribution des marchandises de premi\u00e8re n\u00e9cessit\u00e9 afin de pouvoir r\u00e9duire le niveaux des salaires et accroitre ainsi la productivit\u00e9 et le profit capitaliste.  Tu es membre d\u2019une profession lib\u00e9rale  Et tu as constat\u00e9 que l\u2019action de nos gouvernements, (Macron alors Ministre des finances c\u2019est particuli\u00e8rement illustr\u00e9 en cela), pour rendre, comme ils disent, du pouvoir d\u2019achat aux Fran\u00e7ais, opte pour la solution de facilit\u00e9 qui consiste \u00e0 prendre dans ta poche en rognant le niveau de tes prestations. Cela afin d\u2019\u00e9viter d\u2019agir pour un partage plus \u00e9quitable de la richesse entre capital et travail qui irait \u00e0 l\u2019encontre de son orientation fondamentale d\u2019accroitre la rentabilit\u00e9 du capital et les dividendes des actionnaires.  LA RENTABILIT\u00c9, LE CREDO DU LIB\u00c9RALISME. Ce que les pouvoirs publics, les tr\u00e8s savants \u00ab \u00e9conomistes \u00bb apologistes du capitalisme lib\u00e9ral, entendent par am\u00e9lioration de la rentabilit\u00e9 des entreprises n\u2019est rien moins qu\u2019un partage de la richesse produite, de plus en plus favorable au capital et de plus en plus d\u00e9favorables aux salari\u00e9s et couches populaires mais aussi \u00e0 l\u2019ensemble de la soci\u00e9t\u00e9 active. D\u00e9valoriser le travail pour valoriser la rente. N\u2019avez-vous pas remarqu\u00e9 que dans le contexte de crise qui nous environne depuis plusieurs ann\u00e9es, les seuls secteurs \u00e9conomiques qui progressent, souvent de fa\u00e7on spectaculaire, sont ceux de la mode et du luxe ? Comment cela se peut-il La logique voudrait quand les difficult\u00e9s augmentent que l\u2019on diminue au contraire les d\u00e9penses somptuaires. Mais en l\u2019occurrence ce ne sont pas les m\u00eames qui souffrent et qui ach\u00e8tent le luxe. Ceux qui souffrent sont de moins en moins \u00e0 l\u2019aise et foin de produits de luxes ils ont \u00e0 peine de quoi s\u2019offrir le n\u00e9cessaire. Ce sont les autres, ceux dont les revenus capitalistes s\u2019accroissent autant que se r\u00e9duit le revenu des pauvres, qui d\u00e9pensent sans compter et font gonfler le chiffre d\u2019affaire des industries du luxe. Vous avez-l\u00e0 l\u2019illustration insoutenable de ce \u00e0 quoi sert \u00e0 payer la mis\u00e8re qu\u2019on vous impose.  LA PRIVATISATION DE L\u2019\u00c9TAT. Les choses sont all\u00e9es si loin aujourd\u2019hui que le capitalisme lib\u00e9ral avide se sent pousser des ailes ne se connait plus de limites. L\u2019eau ressource naturelle en partage de l\u2019Humanit\u00e9, aussi indispensable que l\u2019air que l\u2019on respire a \u00e9t\u00e9 accapar\u00e9e en propri\u00e9t\u00e9 propre par une multinationale tentaculaire. A quand la gestion de l\u2019Air par une soci\u00e9t\u00e9 priv\u00e9e charg\u00e9e de veiller \u00e0 sa qualit\u00e9 et \u00e0 cet effet en charge de pr\u00e9lever sur chaque individu une taxe en fonction des capacit\u00e9s de sa cage thoracique ? \u2019Les autoroutes, c\u2019est \u00e0 dire l\u2019espace public lui-m\u00eame, ont \u00e9t\u00e9 privatis\u00e9s et le libre droits de circulation et de stationnement devenu payant et c\u00e9d\u00e9 comme source de revenu \u00e0 des soci\u00e9t\u00e9s priv\u00e9es. On a entendu \u00e0 plusieurs reprises d\u00e9j\u00e0 \u00e9voqu\u00e9 la possibilit\u00e9 de vendre le syst\u00e8me carc\u00e9ral \u00e0 des soci\u00e9t\u00e9s capitalistes, plusieurs pouvoirs de polices comme celui de \u00ab verbaliser \u00bb sont aussi de plus en plus c\u00e9d\u00e9 \u00e0 des soci\u00e9t\u00e9s priv\u00e9es et soumis au crit\u00e8re de rentabilit\u00e9. Il existe d\u00e9j\u00e0 dans nos soci\u00e9t\u00e9s occidentales des soci\u00e9t\u00e9s priv\u00e9es de mercenaires qui louent leurs services et remplacent les arm\u00e9es des Etats sur les th\u00e9\u00e2tres d\u2019op\u00e9ration. Ce sont ainsi les \u00c9tats, et cela m\u00eame que l\u2019on appelle les fonctions r\u00e9galiennes de l\u2019Etat, qui se transforment en \u00ab Soci\u00e9t\u00e9s capitalistes priv\u00e9es \u00bb Cette \u00e9volution annule le principe r\u00e9publicain et nous pr\u00e9cipite dans un syst\u00e8me de f\u00e9odalit\u00e9 capitaliste.  TOUS ENSEMBLE.Vous ne voulez pas de cette sinistre perspective ? Vous ne voulez pas de cette d\u00e9rive. Vous voulez mettre un coup d\u2019arr\u00eat \u00e0 la progression du cancer lib\u00e9ral qui m\u00e9tastase toute la soci\u00e9t\u00e9 ? Une chance-vous est donn\u00e9 d\u2019y parvenir encore :   En enclenchant la lutte contre la privatisation du service public ferroviaire et la liquidation de leur statut, c\u2019est bien plus que la d\u00e9fense de leurs propres int\u00e9r\u00eats que les cheminots  ont entrepris. Nonobstant la conscience qu\u2019ils ont eux-m\u00eames de leur propre lutte et de sa signification Historique, ils ouvrent la voie \u00e0 une mobilisation qui en v\u00e9rit\u00e9 nous concerne tous.   Alors, Ch\u00f4meurs, jeunes, enseignants, \u00e9tudiants, M\u00e9decins, infirmi\u00e8res, personnels hospitaliers, retrait\u00e9s, salari\u00e9s, agriculteurs, commer\u00e7ants, professions lib\u00e9rales, n\u2019h\u00e9sitez plus, serrez les rangs autour des cheminots en lutte, dressez-vous aussi par maints moyens de solidarit\u00e9 active ou morales, joignez-vous par la manifestation l\u2019action et la gr\u00e8ve \u00e0 la lutte g\u00e9n\u00e9rale pour en finir avec la barbarie de l\u2019ultra lib\u00e9ralisme.  Patrick Seignon. \u00ab lavoiedessansvoix.fr \u00bb. Jeudi 5 avril 2018.<\/p>\n","protected":false},"excerpt":{"rendered":"<p>TOUS ENSEMBLE Tu es ch\u00f4meur Tu es donc un travailleur priv\u00e9 d\u2019emploi par ceux-l\u00e0 m\u00eame qui s\u2019annoncent \u00e0 grand bruit [&hellip;]<\/p>\n","protected":false},"author":1,"featured_media":4377,"comment_status":"open","ping_status":"open","sticky":false,"template":"","format":"standard","meta":{"sfsi_plus_gutenberg_text_before_share":"","sfsi_plus_gutenberg_show_text_before_share":"","sfsi_plus_gutenberg_icon_type":"","sfsi_plus_gutenberg_icon_alignemt":"","sfsi_plus_gutenburg_max_per_row":"","site-sidebar-layout":"default","site-content-layout":"","ast-site-content-layout":"default","site-content-style":"default","site-sidebar-style":"default","ast-global-header-display":"","ast-banner-title-visibility":"","ast-main-header-display":"","ast-hfb-above-header-display":"","ast-hfb-below-header-display":"","ast-hfb-mobile-header-display":"","site-post-title":"","ast-breadcrumbs-content":"","ast-featured-img":"","footer-sml-layout":"","ast-disable-related-posts":"","theme-transparent-header-meta":"","adv-header-id-meta":"","stick-header-meta":"","header-above-stick-meta":"","header-main-stick-meta":"","header-below-stick-meta":"","astra-migrate-meta-layouts":"default","ast-page-background-enabled":"default","ast-page-background-meta":{"desktop":{"background-color":"var(--ast-global-color-4)","background-image":"","background-repeat":"repeat","background-position":"center center","background-size":"auto","background-attachment":"scroll","background-type":"","background-media":"","overlay-type":"","overlay-color":"","overlay-opacity":"","overlay-gradient":""},"tablet":{"background-color":"","background-image":"","background-repeat":"repeat","background-position":"center center","background-size":"auto","background-attachment":"scroll","background-type":"","background-media":"","overlay-type":"","overlay-color":"","overlay-opacity":"","overlay-gradient":""},"mobile":{"background-color":"","background-image":"","background-repeat":"repeat","background-position":"center center","background-size":"auto","background-attachment":"scroll","background-type":"","background-media":"","overlay-type":"","overlay-color":"","overlay-opacity":"","overlay-gradient":""}},"ast-content-background-meta":{"desktop":{"background-color":"var(--ast-global-color-5)","background-image":"","background-repeat":"repeat","background-position":"center center","background-size":"auto","background-attachment":"scroll","background-type":"","background-media":"","overlay-type":"","overlay-color":"","overlay-opacity":"","overlay-gradient":""},"tablet":{"background-color":"var(--ast-global-color-5)","background-image":"","background-repeat":"repeat","background-position":"center center","background-size":"auto","background-attachment":"scroll","background-type":"","background-media":"","overlay-type":"","overlay-color":"","overlay-opacity":"","overlay-gradient":""},"mobile":{"background-color":"var(--ast-global-color-5)","background-image":"","background-repeat":"repeat","background-position":"center center","background-size":"auto","background-attachment":"scroll","background-type":"","background-media":"","overlay-type":"","overlay-color":"","overlay-opacity":"","overlay-gradient":""}},"footnotes":""},"categories":[16],"tags":[],"class_list":["post-792","post","type-post","status-publish","format-standard","has-post-thumbnail","hentry","category-archives-cms"],"_links":{"self":[{"href":"https:\/\/lavoiedessansvoix.fr\/lavoie\/wp-json\/wp\/v2\/posts\/792","targetHints":{"allow":["GET"]}}],"collection":[{"href":"https:\/\/lavoiedessansvoix.fr\/lavoie\/wp-json\/wp\/v2\/posts"}],"about":[{"href":"https:\/\/lavoiedessansvoix.fr\/lavoie\/wp-json\/wp\/v2\/types\/post"}],"author":[{"embeddable":true,"href":"https:\/\/lavoiedessansvoix.fr\/lavoie\/wp-json\/wp\/v2\/users\/1"}],"replies":[{"embeddable":true,"href":"https:\/\/lavoiedessansvoix.fr\/lavoie\/wp-json\/wp\/v2\/comments?post=792"}],"version-history":[{"count":1,"href":"https:\/\/lavoiedessansvoix.fr\/lavoie\/wp-json\/wp\/v2\/posts\/792\/revisions"}],"predecessor-version":[{"id":3603,"href":"https:\/\/lavoiedessansvoix.fr\/lavoie\/wp-json\/wp\/v2\/posts\/792\/revisions\/3603"}],"wp:featuredmedia":[{"embeddable":true,"href":"https:\/\/lavoiedessansvoix.fr\/lavoie\/wp-json\/wp\/v2\/media\/4377"}],"wp:attachment":[{"href":"https:\/\/lavoiedessansvoix.fr\/lavoie\/wp-json\/wp\/v2\/media?parent=792"}],"wp:term":[{"taxonomy":"category","embeddable":true,"href":"https:\/\/lavoiedessansvoix.fr\/lavoie\/wp-json\/wp\/v2\/categories?post=792"},{"taxonomy":"post_tag","embeddable":true,"href":"https:\/\/lavoiedessansvoix.fr\/lavoie\/wp-json\/wp\/v2\/tags?post=792"}],"curies":[{"name":"wp","href":"https:\/\/api.w.org\/{rel}","templated":true}]}}