{"id":791,"date":"2018-04-06T03:07:00","date_gmt":"2018-04-06T01:07:00","guid":{"rendered":"https:\/\/lavoiedessansvoix.fr\/lavoie\/2018\/04\/06\/archive-gaza-que-se-levent-les-justes-parmi-les-nations\/"},"modified":"2026-04-26T21:25:40","modified_gmt":"2026-04-26T19:25:40","slug":"archive-gaza-que-se-levent-les-justes-parmi-les-nations","status":"publish","type":"post","link":"https:\/\/lavoiedessansvoix.fr\/lavoie\/2018\/04\/06\/archive-gaza-que-se-levent-les-justes-parmi-les-nations\/","title":{"rendered":"GAZA  QUE SE L\u00c8VENT \u00ab LES JUSTES PARMI LES NATIONS \u00bb"},"content":{"rendered":"<p>GAZA,  QUE SE L\u00c8VENT \u00ab LES JUSTES PARMI LES NATIONS \u00bb   Je regardais hier soir sur FR3 l\u2019\u00e9mission sp\u00e9ciale sur Martin Luther King et la lutte pour les droits civiques des noirs aux \u00c9tats-Unis dans les ann\u00e9es soixante. Je voyais ces sc\u00e8nes horribles o\u00f9 des policiers et des nervis volontaires frappez \u00e0 mort des militants pacifiques noirs qui ne se d\u00e9fendaient pas. J\u2019avais honte pour les \u00c9tats-Unis d\u2019Am\u00e9rique, Ce pays fier et imbu de lui-m\u00eame qui \u00e0 l\u2019\u00e9poque d\u00e9j\u00e0 pr\u00e9tendait pouvoir donner au monde des le\u00e7ons de d\u00e9mocratie  et engageait alors la guerre du Vietnam sous l\u2019\u00e9tendard de la libert\u00e9. Des Am\u00e9ricains blancs ont eu honte eux m\u00eame \u00e0 l\u2019\u00e9poque et ce sont joint \u00e0 la mobilisation des am\u00e9ricains noirs pour les droits civiques. Gloire soit rendue \u00e0 ceux-l\u00e0. Leur \u00ab lutte \u00bb a \u00e9t\u00e9 victorieuse. Pourtant,  plus de cinquante ans apr\u00e8s, des policiers, investis \u00e0 ce titre d\u2019une parcelle de la \u00ab l\u00e9galit\u00e9 am\u00e9ricaine \u00bb tirent encore les noirs am\u00e9ricains, comme des Lapins, jusque dans leur Jardin.  Je regardais ces images insoutenables de la brutalit\u00e9 et de la b\u00eatise humaine, et des larmes me venaient aux yeux, car mon regard se tournait d\u00e9j\u00e0 vers Gaza o\u00f9 le lendemain, c\u2019est-\u00e0-dire aujourd\u2019hui vendredi, des manifestants Palestiniens d\u00e9sarm\u00e9s eux aussi, vont probablement encore mourir par dizaines sous les balles des \u00ab snipers \u00bb isra\u00e9liens.  Y en aura-t-il un jour au c\u0153ur de ce peuple isra\u00e9lien qui convoque sans cesse les pleurs et la culpabilit\u00e9 de la terre enti\u00e8re pour les horreurs dont il fut la victime, un sursaut de conscience et de honte ? Quand donc des citoyens isra\u00e9liens par milliers se joindront-ils aux manifestants palestiniens, pour que cesse le massacre et que soit lev\u00e9 enfin l\u2019ignoble blocus du \u00ab ghetto de Gaza \u00bb ? S\u2019en l\u00e8vera-t-il enfin \u00ab des justes parmi les nations \u00bb dans les rangs de ce peuple dont l\u2019\u00e9tat d\u00e9cerne \u00e0 d\u2019autres cette distinction ?   Patrick Seignon. \u00ab lavoiedessansvoix.fr \u00bb. Vendredi 6 avril 2018.<\/p>\n","protected":false},"excerpt":{"rendered":"<p>GAZA, QUE SE L\u00c8VENT \u00ab LES JUSTES PARMI LES NATIONS \u00bb Je regardais hier soir sur FR3 l\u2019\u00e9mission sp\u00e9ciale sur [&hellip;]<\/p>\n","protected":false},"author":1,"featured_media":4376,"comment_status":"open","ping_status":"open","sticky":false,"template":"","format":"standard","meta":{"sfsi_plus_gutenberg_text_before_share":"","sfsi_plus_gutenberg_show_text_before_share":"","sfsi_plus_gutenberg_icon_type":"","sfsi_plus_gutenberg_icon_alignemt":"","sfsi_plus_gutenburg_max_per_row":"","site-sidebar-layout":"default","site-content-layout":"","ast-site-content-layout":"default","site-content-style":"default","site-sidebar-style":"default","ast-global-header-display":"","ast-banner-title-visibility":"","ast-main-header-display":"","ast-hfb-above-header-display":"","ast-hfb-below-header-display":"","ast-hfb-mobile-header-display":"","site-post-title":"","ast-breadcrumbs-content":"","ast-featured-img":"","footer-sml-layout":"","ast-disable-related-posts":"","theme-transparent-header-meta":"","adv-header-id-meta":"","stick-header-meta":"","header-above-stick-meta":"","header-main-stick-meta":"","header-below-stick-meta":"","astra-migrate-meta-layouts":"default","ast-page-background-enabled":"default","ast-page-background-meta":{"desktop":{"background-color":"var(--ast-global-color-4)","background-image":"","background-repeat":"repeat","background-position":"center center","background-size":"auto","background-attachment":"scroll","background-type":"","background-media":"","overlay-type":"","overlay-color":"","overlay-opacity":"","overlay-gradient":""},"tablet":{"background-color":"","background-image":"","background-repeat":"repeat","background-position":"center center","background-size":"auto","background-attachment":"scroll","background-type":"","background-media":"","overlay-type":"","overlay-color":"","overlay-opacity":"","overlay-gradient":""},"mobile":{"background-color":"","background-image":"","background-repeat":"repeat","background-position":"center center","background-size":"auto","background-attachment":"scroll","background-type":"","background-media":"","overlay-type":"","overlay-color":"","overlay-opacity":"","overlay-gradient":""}},"ast-content-background-meta":{"desktop":{"background-color":"var(--ast-global-color-5)","background-image":"","background-repeat":"repeat","background-position":"center center","background-size":"auto","background-attachment":"scroll","background-type":"","background-media":"","overlay-type":"","overlay-color":"","overlay-opacity":"","overlay-gradient":""},"tablet":{"background-color":"var(--ast-global-color-5)","background-image":"","background-repeat":"repeat","background-position":"center center","background-size":"auto","background-attachment":"scroll","background-type":"","background-media":"","overlay-type":"","overlay-color":"","overlay-opacity":"","overlay-gradient":""},"mobile":{"background-color":"var(--ast-global-color-5)","background-image":"","background-repeat":"repeat","background-position":"center center","background-size":"auto","background-attachment":"scroll","background-type":"","background-media":"","overlay-type":"","overlay-color":"","overlay-opacity":"","overlay-gradient":""}},"footnotes":""},"categories":[16],"tags":[],"class_list":["post-791","post","type-post","status-publish","format-standard","has-post-thumbnail","hentry","category-archives-cms"],"_links":{"self":[{"href":"https:\/\/lavoiedessansvoix.fr\/lavoie\/wp-json\/wp\/v2\/posts\/791","targetHints":{"allow":["GET"]}}],"collection":[{"href":"https:\/\/lavoiedessansvoix.fr\/lavoie\/wp-json\/wp\/v2\/posts"}],"about":[{"href":"https:\/\/lavoiedessansvoix.fr\/lavoie\/wp-json\/wp\/v2\/types\/post"}],"author":[{"embeddable":true,"href":"https:\/\/lavoiedessansvoix.fr\/lavoie\/wp-json\/wp\/v2\/users\/1"}],"replies":[{"embeddable":true,"href":"https:\/\/lavoiedessansvoix.fr\/lavoie\/wp-json\/wp\/v2\/comments?post=791"}],"version-history":[{"count":1,"href":"https:\/\/lavoiedessansvoix.fr\/lavoie\/wp-json\/wp\/v2\/posts\/791\/revisions"}],"predecessor-version":[{"id":3601,"href":"https:\/\/lavoiedessansvoix.fr\/lavoie\/wp-json\/wp\/v2\/posts\/791\/revisions\/3601"}],"wp:featuredmedia":[{"embeddable":true,"href":"https:\/\/lavoiedessansvoix.fr\/lavoie\/wp-json\/wp\/v2\/media\/4376"}],"wp:attachment":[{"href":"https:\/\/lavoiedessansvoix.fr\/lavoie\/wp-json\/wp\/v2\/media?parent=791"}],"wp:term":[{"taxonomy":"category","embeddable":true,"href":"https:\/\/lavoiedessansvoix.fr\/lavoie\/wp-json\/wp\/v2\/categories?post=791"},{"taxonomy":"post_tag","embeddable":true,"href":"https:\/\/lavoiedessansvoix.fr\/lavoie\/wp-json\/wp\/v2\/tags?post=791"}],"curies":[{"name":"wp","href":"https:\/\/api.w.org\/{rel}","templated":true}]}}