{"id":781,"date":"2018-04-14T17:30:00","date_gmt":"2018-04-14T15:30:00","guid":{"rendered":"https:\/\/lavoiedessansvoix.fr\/lavoie\/2018\/04\/14\/archive-macron-le-choix-des-preuves\/"},"modified":"2026-04-26T21:24:07","modified_gmt":"2026-04-26T19:24:07","slug":"archive-macron-le-choix-des-preuves","status":"publish","type":"post","link":"https:\/\/lavoiedessansvoix.fr\/lavoie\/2018\/04\/14\/archive-macron-le-choix-des-preuves\/","title":{"rendered":"MACRON, LE CHOIX DES PREUVES"},"content":{"rendered":"<p>MACRON, LE CHOIX DES PREUVES   A quoi \u00e7a peut-il servir d\u2019autre les preuves qu\u2019\u00e0 \u00e9tablir la preuve devant un tribunal, l\u2019opinion publique ou un quelconque auditoire, de la v\u00e9racit\u00e9 des faits que l\u2019on all\u00e8gue ? Mais pour prouver des faits ou sa bonne foi encore faut-il faire \u00e9tat des preuves que l\u2019on poss\u00e8de. Rien ne sert de les garder par devers soi. Des \u00ab preuves \u00bb que personne ne voit ne prouvent rien du tout.  Emmanuel Macron a affirm\u00e9 le 12 avril qu\u2019il \u00e9tait en possession \u00ab des preuves \u00bb de l\u2019attaque chimique suppos\u00e9e de Douma et de la responsabilit\u00e9 de Bachar Al-Assad dans la r\u00e9alisation de celle-ci. Nous avons toujours dit pour notre part, et cela depuis fort longtemps, que toutes les attaques chimiques, pr\u00e9tendues ou r\u00e9elles, imput\u00e9es \u00e0 Damas, n\u2019\u00e9taient que des provocations ou des mises en sc\u00e8nes, foment\u00e9es par les services secrets occidentaux et leur complices du terrain, pour justifier l\u2019agression contre la Syrie et le r\u00e9gime la\u00efque du Baas syrien. Mais nous ne sommes pas obtus nous. Alors si Emmanuel Macron qui dit poss\u00e9der de telles preuves irr\u00e9futables des attaques chimiques et de l\u2019implication du r\u00e9gime de Bachar Al Assad, daignait les produire au jugement de ses concitoyens, sur le champ, en un instant, nous changerions notre jugement du tout au tout.  Le Pr\u00e9sident Poutine a demand\u00e9 \u00e0 Emmanuel Macron de lui transmettre les preuves en sa possession. Mais Macron a refus\u00e9 au pr\u00e9texte que \u00ab c\u2019est un secret \u00bb et que de plus \u00ab ce n\u2019est pas le sien \u00bb. Stratag\u00e8me tr\u00e8s sp\u00e9cieux et d\u00e9suet n\u2019est-ce pas ?.  Jean-Luc M\u00e9lenchon l\u2019a dit aujourd\u2019hui \u00e0 Marseille o\u00f9 il manifestait : \u00ab Si Macron a des preuves il faut qu\u2019il les montre \u00bb.  Au sens du droit et de la justice, refuser dans le cas d\u2019esp\u00e8ce de produire les preuves que l\u2019on d\u00e9tient, cela s\u2019appelle de \u00ab la r\u00e9tention ou de la dissimulation de preuves de crimes contre l\u2019humanit\u00e9  \u00bb susceptible je le suppose de poursuites devant le Tribunal P\u00e9nal international (TPI). En tout \u00e9tat de cause il est bien pr\u00e9somptueux le chef d\u2019\u00c9tat qui pr\u00e9tend que son opinion publique devrait le croire sur parole et adh\u00e9rer aux forfaits qu\u2019il fomente, alors qu\u2019il refuse de lui faire connaitre les preuves qu\u2019il pr\u00e9tend d\u00e9tenir des crimes suppos\u00e9s d\u2019autrui par lesquels il justifie sa conduite.    Quant au bon sens populaire il nous dicte cette maxime : \u00ab\u00a0DES PREUVES DONT ON NE PEUT, OU NE VEUT PAS, FAIRE \u00c9TAT NE SONT QUE DES MENSONGES QUE L\u2019ON NE VEUT PAS AVOUER.\u00a0\u00bb  Tant et si bien qu\u2019\u00e0 d\u00e9faut de faire rapidement et publiquement \u00e9tat des preuves qu\u2019il d\u00e9tient (ou pas) de l&rsquo;attaque de Douma, Emmanuel Macron ferait alors la preuve qu\u2019il n\u2019est qu\u2019un fieff\u00e9 menteur. Patrick Seignon. \u00ab lavoiedessansvoix.fr \u00bb. Samedi 14 avril 2018.<\/p>\n","protected":false},"excerpt":{"rendered":"<p>MACRON, LE CHOIX DES PREUVES A quoi \u00e7a peut-il servir d\u2019autre les preuves qu\u2019\u00e0 \u00e9tablir la preuve devant un tribunal, [&hellip;]<\/p>\n","protected":false},"author":1,"featured_media":4366,"comment_status":"open","ping_status":"open","sticky":false,"template":"","format":"standard","meta":{"sfsi_plus_gutenberg_text_before_share":"","sfsi_plus_gutenberg_show_text_before_share":"","sfsi_plus_gutenberg_icon_type":"","sfsi_plus_gutenberg_icon_alignemt":"","sfsi_plus_gutenburg_max_per_row":"","site-sidebar-layout":"default","site-content-layout":"","ast-site-content-layout":"default","site-content-style":"default","site-sidebar-style":"default","ast-global-header-display":"","ast-banner-title-visibility":"","ast-main-header-display":"","ast-hfb-above-header-display":"","ast-hfb-below-header-display":"","ast-hfb-mobile-header-display":"","site-post-title":"","ast-breadcrumbs-content":"","ast-featured-img":"","footer-sml-layout":"","ast-disable-related-posts":"","theme-transparent-header-meta":"","adv-header-id-meta":"","stick-header-meta":"","header-above-stick-meta":"","header-main-stick-meta":"","header-below-stick-meta":"","astra-migrate-meta-layouts":"default","ast-page-background-enabled":"default","ast-page-background-meta":{"desktop":{"background-color":"var(--ast-global-color-4)","background-image":"","background-repeat":"repeat","background-position":"center center","background-size":"auto","background-attachment":"scroll","background-type":"","background-media":"","overlay-type":"","overlay-color":"","overlay-opacity":"","overlay-gradient":""},"tablet":{"background-color":"","background-image":"","background-repeat":"repeat","background-position":"center center","background-size":"auto","background-attachment":"scroll","background-type":"","background-media":"","overlay-type":"","overlay-color":"","overlay-opacity":"","overlay-gradient":""},"mobile":{"background-color":"","background-image":"","background-repeat":"repeat","background-position":"center center","background-size":"auto","background-attachment":"scroll","background-type":"","background-media":"","overlay-type":"","overlay-color":"","overlay-opacity":"","overlay-gradient":""}},"ast-content-background-meta":{"desktop":{"background-color":"var(--ast-global-color-5)","background-image":"","background-repeat":"repeat","background-position":"center center","background-size":"auto","background-attachment":"scroll","background-type":"","background-media":"","overlay-type":"","overlay-color":"","overlay-opacity":"","overlay-gradient":""},"tablet":{"background-color":"var(--ast-global-color-5)","background-image":"","background-repeat":"repeat","background-position":"center center","background-size":"auto","background-attachment":"scroll","background-type":"","background-media":"","overlay-type":"","overlay-color":"","overlay-opacity":"","overlay-gradient":""},"mobile":{"background-color":"var(--ast-global-color-5)","background-image":"","background-repeat":"repeat","background-position":"center center","background-size":"auto","background-attachment":"scroll","background-type":"","background-media":"","overlay-type":"","overlay-color":"","overlay-opacity":"","overlay-gradient":""}},"footnotes":""},"categories":[16],"tags":[],"class_list":["post-781","post","type-post","status-publish","format-standard","has-post-thumbnail","hentry","category-archives-cms"],"_links":{"self":[{"href":"https:\/\/lavoiedessansvoix.fr\/lavoie\/wp-json\/wp\/v2\/posts\/781","targetHints":{"allow":["GET"]}}],"collection":[{"href":"https:\/\/lavoiedessansvoix.fr\/lavoie\/wp-json\/wp\/v2\/posts"}],"about":[{"href":"https:\/\/lavoiedessansvoix.fr\/lavoie\/wp-json\/wp\/v2\/types\/post"}],"author":[{"embeddable":true,"href":"https:\/\/lavoiedessansvoix.fr\/lavoie\/wp-json\/wp\/v2\/users\/1"}],"replies":[{"embeddable":true,"href":"https:\/\/lavoiedessansvoix.fr\/lavoie\/wp-json\/wp\/v2\/comments?post=781"}],"version-history":[{"count":1,"href":"https:\/\/lavoiedessansvoix.fr\/lavoie\/wp-json\/wp\/v2\/posts\/781\/revisions"}],"predecessor-version":[{"id":3581,"href":"https:\/\/lavoiedessansvoix.fr\/lavoie\/wp-json\/wp\/v2\/posts\/781\/revisions\/3581"}],"wp:featuredmedia":[{"embeddable":true,"href":"https:\/\/lavoiedessansvoix.fr\/lavoie\/wp-json\/wp\/v2\/media\/4366"}],"wp:attachment":[{"href":"https:\/\/lavoiedessansvoix.fr\/lavoie\/wp-json\/wp\/v2\/media?parent=781"}],"wp:term":[{"taxonomy":"category","embeddable":true,"href":"https:\/\/lavoiedessansvoix.fr\/lavoie\/wp-json\/wp\/v2\/categories?post=781"},{"taxonomy":"post_tag","embeddable":true,"href":"https:\/\/lavoiedessansvoix.fr\/lavoie\/wp-json\/wp\/v2\/tags?post=781"}],"curies":[{"name":"wp","href":"https:\/\/api.w.org\/{rel}","templated":true}]}}