{"id":776,"date":"2018-04-26T10:04:00","date_gmt":"2018-04-26T08:04:00","guid":{"rendered":"https:\/\/lavoiedessansvoix.fr\/lavoie\/2018\/04\/26\/archive-une-etoile-au-ciel-d-israel-a-propos-de-l-insupportable-arrogance-israelienne\/"},"modified":"2026-04-26T21:23:21","modified_gmt":"2026-04-26T19:23:21","slug":"archive-une-etoile-au-ciel-d-israel-a-propos-de-l-insupportable-arrogance-israelienne","status":"publish","type":"post","link":"https:\/\/lavoiedessansvoix.fr\/lavoie\/2018\/04\/26\/archive-une-etoile-au-ciel-d-israel-a-propos-de-l-insupportable-arrogance-israelienne\/","title":{"rendered":"UNE \u00c9TOILE AU CIEL D\u2019ISRA\u00cbL  (A PROPOS DE L\u2019INSUPPORTABLE ARROGANCE ISRA\u00c9LIENNE)"},"content":{"rendered":"<p>UNE \u00c9TOILE AU CIEL D\u2019ISRA\u00cbL  (A PROPOS DE L\u2019INSUPPORTABLE ARROGANCE ISRA\u00c9LIENNE)  Charles De Gaulle  lors d\u2019une conf\u00e9rence de presse tenue \u00e0 l\u2019\u00c9lys\u00e9e le 27 novembre 1967, cinq mois apr\u00e8s la guerre des six jours au Moyen-Orient, avait exprim\u00e9 la crainte, partag\u00e9e par d\u2019autres observateurs, que \u00ab les juifs, jusqu\u2019alors dispers\u00e9s, et qui \u00e9taient rest\u00e9s ce qu\u2019ils avaient \u00e9t\u00e9 de tout temps, c\u2019est-\u00e0-dire un peuple d\u2019\u00e9lite, s\u00fbr de lui-m\u00eame et dominateur, une fois qu\u2019ils seraient rassembl\u00e9s dans les sites de son ancienne grandeur, n\u2019en viennent \u00e0 changer en ambition ardente et conqu\u00e9rante les souhaits tr\u00e8s \u00e9mouvants qu\u2019ils formaient depuis dix-neuf si\u00e8cles : \u201cl\u2019an prochain \u00e0 J\u00e9rusalem\u201d. \u00bb Cette petite phrase, certes un peu mal adroite par sa tournure \u00ab g\u00e9n\u00e9ralisatrice \u00bb, avait alors suscit\u00e9 une d\u00e9ferlante de propos injurieux \u00e0 l\u2019encontre du G\u00e9n\u00e9ral tax\u00e9 d\u2019antis\u00e9mitisme par une presse et des journalistes mal embouch\u00e9s. Il n\u2019\u00e9tait pas bon d\u00e9j\u00e0 en 1967, tout De Gaulle que l\u2019on fut, d\u2019oser, \u00e9mettre le moindre jugement de valeur sur les juifs et la politique Isra\u00e9lienne. C\u2019est David Ben Gourion, figure embl\u00e9matique de l\u2019Etat d\u2019Isra\u00ebl qui fit taire cette \u00ab critique injuste \u00bb.  Cette phrase, avons-nous admis, \u00e9tait \u00ab maladroite \u00bb, par sa tournure g\u00e9n\u00e9ralisatrice \u00ab les juifs \u00bb y \u00e9tait-il dit, alors qu\u2019il ne fait aucun doute que ce que De Gaulle avait en vue s\u2019\u00e9tait l\u2019\u00c9tat d\u2019Isra\u00ebl et les interrogations que pouvaient susciter ses ambitions politiques. Il avait eu tort de parler \u00ab du peuple juif \u00bb comme d\u2019un ensemble homog\u00e8ne, abondant ainsi dans la logique outranci\u00e8re qui est celle du sionisme lequel s\u2019arroge le monopole de la \u00ab jud\u00e9it\u00e9 \u00bb. Or, par-del\u00e0 cette maladresse, les interrogations et craintes du G\u00e9n\u00e9ral De Gaulle \u00e9taient plus que fond\u00e9es, on doit-en convenir lorsque l\u2019on porte un regard r\u00e9trospectif sur l\u2019Histoire d\u2019Isra\u00ebl de 1966 \u00e0 nos jours.  L\u2019Etat d\u2019Isra\u00ebl a depuis ce temps multipli\u00e9s les exemples de cette \u00ab assurance \u00bb et de l\u2019esprit dominateur qui l\u2019anime et lui ont inspir\u00e9 l\u2019insupportable arrogance qu\u2019il affiche \u00e0 pr\u00e9sent.  On a vu cela durant la \u00ab guerre des six jours \u00bb (juin 1967), puis celle du Kippour (1973.), lors du raid d\u2019Entebbe en 1976, pendant la guerre du Liban (1975\/1990) puis pendant le si\u00e8ge de la Mouqata\u2019a de Ramallah (2002\/2004), lors de l\u2019op\u00e9ration \u00ab jambe de bois \u00bb : bombardement du si\u00e8ge de l\u2019OLP \u00e0 Tunis (1985), lors des diverses offensives contre la bande de Gaza et le si\u00e8ge inhumain de ce territoire qui se prolonge depuis 10 ans en d\u00e9pit de toutes les conventions internationales et avec l\u2019approbation tacite \u00ab de la communaut\u00e9 internationale \u00bb. On a vu cela dans la d\u00e9sinvolture avec laquelle l\u2019\u00c9tat d\u2019Isra\u00ebl se fiche au coquillard toutes les r\u00e9solutions de l\u2019ONU depuis 1947 (34 depuis la r\u00e9solution 181 de 1947 \u00e0 la r\u00e9solution 1860 de 2009). Cette insolence a enfl\u00e9 particuli\u00e8rement du temps ou le G\u00e9n\u00e9ral Charon retenait captif Yasser Arafat dans l\u2019immeuble d\u00e9truit de \u00ab la Mouqata\u2019a de Ramallah. C\u2019est alors que les Lobbies isra\u00e9lien entreprirent de faire taire toute contestation de la politique d\u2019Isra\u00ebl en tentant d\u2019imposer l\u2019ignoble raccourci : \u00ab antisionisme \u00e9gale antis\u00e9mitisme \u00bb. Or, il faut bien admettre qu\u2019avec la complicit\u00e9 d\u2019une large fraction du personnel politique occidental, cette op\u00e9ration a pour une large part r\u00e9ussie. Isra\u00ebl peut \u00e0 pr\u00e9sent se permettre toutes les outrances, et crimes. A l\u2019exception de quelques voix isol\u00e9es comme la n\u00f4tre on n\u2019entend plus gu\u00e8re de protestation ni de manifestations pour les d\u00e9noncer.  Or, deux \u00e9v\u00e8nements r\u00e9cents, peu m\u00e9diatis\u00e9s, viennent t\u00e9moigner \u00e0 quel point l\u2019Arrogance Isra\u00e9lienne a maintenant d\u00e9pass\u00e9 toutes les bornes du \u00ab civilement correct \u00bb.  Voil\u00e0 les faits :   1\u00b0De la volont\u00e9 d\u2019humilier un peuple.  \u00ab Le Parlement Europ\u00e9en \u00e0 Bruxelles a adopt\u00e9 mercredi dernier une l\u00e9gislation emp\u00eachant le transfert d\u2019aide financi\u00e8re (depuis le fonds europ\u00e9en PEGASE) de l\u2019Union europ\u00e9enne \u00e0 l\u2019Autorit\u00e9 palestinienne, si ces fonds doivent \u00eatre utilis\u00e9s dans le but d\u2019enseigner la haine dans les \u00e9coles palestiniennes\u2026.   La nouvelle l\u00e9gislation exigera d\u00e9sormais que les classes et les programmes d\u2019enseignements  refl\u00e8tent des valeurs de paix, de libert\u00e9, de tol\u00e9rance pour \u00eatre financ\u00e9 par des fonds de l\u2019UE.  C\u2019est l\u2019institut de recherche isra\u00e9lien IMPACT-SE de l\u2019Universit\u00e9 h\u00e9bra\u00efque de J\u00e9rusalem, qui analyse des manuels officiels dans le monde entier, qui a aid\u00e9 l\u2019Union europ\u00e9enne \u00e0 construire cette nouvelle directive. \u00bb \u00a7  (Source Site \u00ab Tel Avivre \u00bb 22 avril 2018)  Voil\u00e0 donc les Palestiniens somm\u00e9s d\u2019apprendre \u00e0 leurs enfants \u00ab les valeurs de paix, de libert\u00e9, de tol\u00e9rance \u00bb, autant le dire clairement mis en demeure d\u2019aimer leurs tortionnaires et  assassins.  Or vous remarquerez la part prise dans cette d\u00e9cision europ\u00e9enne par les lobbyistes isra\u00e9liens. Comment, est-on en droit de s\u2019interroger, des hommes ont-ils l\u2019audace de pousser l\u2019impudence aussi loin, d\u2019user \u00e0 cette fin malhonn\u00eate du langage mi\u00e8vre de la fausse empathie humaine.  2) De l\u2019impudence comme principe  Apr\u00e8s  l\u2019attaque Occidentale du 14 avril, la Russie a \u00e9voqu\u00e9 la possibilit\u00e9 d\u2019\u00e9quiper la d\u00e9fense antia\u00e9rienne syrienne de syst\u00e8me S300. Alors, Isra\u00ebl qui s\u2019autorise r\u00e9guli\u00e8rement \u00e0 violer l\u2019espace a\u00e9rien de la Syrie pour mener des attaques contre des objectifs sur le sol de ce pays, ose paraitre indign\u00e9, demande \u00e0 la Russie de ne pas livrer ces syst\u00e8mes et menace de les d\u00e9truire s\u2019ils \u00e9taient livr\u00e9s tout de m\u00eame.  Voil\u00e0 la Syrie somm\u00e9 de ne pas se d\u00e9fendre sous peines de repr\u00e9sailles pires encore. Voil\u00e0 la Russie somm\u00e9e de ne pas s\u2019interposer pour la sauvegarde de son alli\u00e9.  Vous en jugerez par vous-m\u00eame. Isra\u00ebl, comme je l\u2019annon\u00e7ais, n\u2019a-t-il pas franchi toutes les lignes rouges de la simple d\u00e9cence et le summum de l\u2019arrogance ?  Nous ne sommes plus tr\u00e8s nombreux \u00e0 oser dire tout haut notre d\u00e9sapprobation de la politique isra\u00e9lienne et notre d\u00e9go\u00fbt de cette arrogance permanente affich\u00e9e par l\u2019Etat H\u00e9breu. Ils nous en ha\u00efssent d\u2019autant plus. Car ils savent que le silence impos\u00e9 par la terreur intellectuelle ne change rien au fond \u00e0 la d\u00e9sapprobation sous-jacente et que celle-ci, entretenue par nos voix fluettes n\u2019en finira pas moins par \u00e9clater au grand jour. Alors, quand c\u2019est un des leurs qui s\u2019exprime et ose leur tenir t\u00eate, ils perdent d\u00e9finitivement la raison et tout sens de la mesure. C\u2019est ce qui vient de se produire pas plus tard qu\u2019avant-hier. Alors que la trame du pr\u00e9sent article \u00e9tait mont\u00e9e sur notre m\u00e9tier, Nathalie Portman, actrice binationale am\u00e9ricano-isra\u00e9lienne, s\u2019est fendue d\u2019une d\u00e9claration et d\u2019un acte d\u2019inimit\u00e9 \u00e0 l\u2019\u00e9gard d\u2019Isra\u00ebl, qui a eu pour effet de mettre ses chefs en fureur.  Natalie Portman qui avait dans un premier temps accept\u00e9 de recevoir le prix \u00ab Genesis \u00bb, \u00e9quivalent Isra\u00e9lien du prix Nobel, , a finalement d\u00e9clin\u00e9e l\u2019offre et refus\u00e9 de se rendre \u00e0 J\u00e9rusalem, afin de  protester contre la conduite du gouvernement isra\u00e9lien \u00e0 l\u2019encontre des Gazaou\u00efs, et parce qu\u2019aux m\u00eames raisons elle refuse de s\u2019afficher avec l\u2019actuel premier Ministre Benyamin Netanyahou. \u00ab Le mauvais traitement de ceux qui souffrent des atrocit\u00e9s d\u2019aujourd\u2019hui n\u2019est simplement pas en accord avec mes valeurs juives. Parce qu\u2019Isra\u00ebl m\u2019est cher, je dois m\u2019opposer \u00e0 la violence, \u00e0 la corruption,  aux in\u00e9galit\u00e9s et \u00e0 l\u2019abus de pouvoir \u00bb a-t-elle \u00e9crit.  Difficile de traiter tout \u00e0 fait \u00ab d\u2019antis\u00e9mite \u00bb la c\u00e9l\u00e8bre \u00ab juive \u00bb qui devait pr\u00e9cis\u00e9ment \u00eatre honor\u00e9e en \u00ab  r\u00e9compense de son d\u00e9vouement envers la communaut\u00e9 et les valeurs juives \u00bb. Alors \u00e0 d\u00e9faut, comme le Ministre de la culture Miri Regev,  ils la traite \u00ab de fruit m\u00fbr \u00bb, \u00ab de potiche idiote \u00bb elle serait \u00ab la gourde \u00bb otage du BDS (Boycott. Desinvestissement. Sanctions) pour lequel elle milite. Comme le d\u00e9put\u00e9 Oren Hazan ils la menacent de \u00ab d\u00e9ch\u00e9ance de la nationalit\u00e9 \u00bb.  Ah donc les gentils d\u00e9mocrates, fichtre les beaux exemples de tol\u00e9rance et de respect de la \u00ab libert\u00e9 \u00bb de conscience et d\u2019expression.  Or, m\u00eame d\u00e9chue de sa nationalit\u00e9 isra\u00e9lienne, qui est soit dit en passant sa nationalit\u00e9 de naissance (elle est n\u00e9e \u00e0 J\u00e9rusalem) Nathalie Portman n\u2019en serait pas moins juive encore au sens confessionnel de ce mot. Alors faudra-t-il aussi que quelque rabbin hyst\u00e9rique demande qu\u2019elle soit \u00ab excommuni\u00e9e \u00bb de parmi les Juifs ?  Difficile disions-nous de traiter \u00ab la juive d\u2019antis\u00e9mitisme \u00bb ? Pourtant Yuval Steinitz Ministre des infrastructures en est tout pr\u00e8s : qui l\u2019accuse \u00ab d&rsquo;avoir une relation \u00e0 Isra\u00ebl proche de l&rsquo;antis\u00e9mitisme\u00a0\u00bb, et de \u00ab\u00a0collaborer avec ceux qui nous ha\u00efssent \u00bb.   On n\u2019approuve pas, on condamne m\u00eame sans d\u00e9tour leur col\u00e8re mal plac\u00e9e et leur indignation injustifi\u00e9e, ce qui ne nous emp\u00eache pas d\u2019en comprendre les raisons. Elle a, aux yeux de tous ces hyst\u00e9riques et fous extr\u00e9mistes (Chaque religion a les siens) un tort consid\u00e9rable Nathalie Portman, c\u2019est qu\u2019elle est la preuve vivante que ceux qui critiquent la politique, l\u2019inhumanit\u00e9 ou l\u2019arrogance isra\u00e9lienne ne sont pas n\u00e9cessairement de \u00ab vulgaires antis\u00e9mites \u00bb. Elle est la preuve vivante et incontestable que Netanyahou et le CRIF ne sont pas habilit\u00e9s \u00e0 parler au nom de tous les Juifs. Elle a un tort consid\u00e9rable \u00e0 leurs yeux, c\u2019est qu\u2019elle me donne l\u2019occasion, et \u00e0 mes semblables aussi, de prouver que pour combattre le sionisme nous n\u2019en aimons pas moins les juifs que le reste de l\u2019humanit\u00e9.   Nous indignant comme elle de la conduite de \u00ab Tsahal \u00bb qui tire \u00e0 balles r\u00e9elle sur des manifestants aux mains nues, nous avions \u00e9crit le 6 avril courant \u00ab Y en aura-t-il un jour au c\u0153ur de ce peuple isra\u00e9lien qui convoque sans-cesse les pleurs et la culpabilit\u00e9 de la terre enti\u00e8re pour les horreurs dont il fut la victime, un sursaut de conscience et de honte ? Quand donc des citoyens isra\u00e9liens par milliers se joindront-ils aux manifestants palestiniens, pour que cesse le massacre et que soit lev\u00e9 enfin l\u2019ignoble blocus du \u00ab ghetto de Gaza \u00bb ? S\u2019en l\u00e8vera-t-il enfin \u00ab des justes parmi les nations \u00bb dans les rangs de ce peuple dont l\u2019\u00c9tat d\u00e9cerne \u00e0 d\u2019autres cette distinction ? (GAZA \u2013 Que se l\u00e8vent les \u00ab justes parmi les nations \u00bb)  Des milliers ? Pas encore, mais en voil\u00e0 une.   Une \u00e9toile dans le ciel d\u2019Isra\u00ebl. Et pour une fois ce n\u2019est pas l\u2019\u00e9toile de David peinte aux ailes des avions de la mort. 83   C\u2019est une \u00ab star \u00bb si bien nomm\u00e9e, une \u00e9toile de la conscience humaine. Elle s\u2019appelle Natalie Portman .  Patrick Seignon. \u00ab lavoiedessansvoix.fr \u00bb. Mercredi 25 avril 2018.\u00a7<\/p>\n","protected":false},"excerpt":{"rendered":"<p>UNE \u00c9TOILE AU CIEL D\u2019ISRA\u00cbL (A PROPOS DE L\u2019INSUPPORTABLE ARROGANCE ISRA\u00c9LIENNE) Charles De Gaulle lors d\u2019une conf\u00e9rence de presse tenue [&hellip;]<\/p>\n","protected":false},"author":1,"featured_media":4361,"comment_status":"open","ping_status":"open","sticky":false,"template":"","format":"standard","meta":{"sfsi_plus_gutenberg_text_before_share":"","sfsi_plus_gutenberg_show_text_before_share":"","sfsi_plus_gutenberg_icon_type":"","sfsi_plus_gutenberg_icon_alignemt":"","sfsi_plus_gutenburg_max_per_row":"","site-sidebar-layout":"default","site-content-layout":"","ast-site-content-layout":"default","site-content-style":"default","site-sidebar-style":"default","ast-global-header-display":"","ast-banner-title-visibility":"","ast-main-header-display":"","ast-hfb-above-header-display":"","ast-hfb-below-header-display":"","ast-hfb-mobile-header-display":"","site-post-title":"","ast-breadcrumbs-content":"","ast-featured-img":"","footer-sml-layout":"","ast-disable-related-posts":"","theme-transparent-header-meta":"","adv-header-id-meta":"","stick-header-meta":"","header-above-stick-meta":"","header-main-stick-meta":"","header-below-stick-meta":"","astra-migrate-meta-layouts":"default","ast-page-background-enabled":"default","ast-page-background-meta":{"desktop":{"background-color":"var(--ast-global-color-4)","background-image":"","background-repeat":"repeat","background-position":"center center","background-size":"auto","background-attachment":"scroll","background-type":"","background-media":"","overlay-type":"","overlay-color":"","overlay-opacity":"","overlay-gradient":""},"tablet":{"background-color":"","background-image":"","background-repeat":"repeat","background-position":"center center","background-size":"auto","background-attachment":"scroll","background-type":"","background-media":"","overlay-type":"","overlay-color":"","overlay-opacity":"","overlay-gradient":""},"mobile":{"background-color":"","background-image":"","background-repeat":"repeat","background-position":"center center","background-size":"auto","background-attachment":"scroll","background-type":"","background-media":"","overlay-type":"","overlay-color":"","overlay-opacity":"","overlay-gradient":""}},"ast-content-background-meta":{"desktop":{"background-color":"var(--ast-global-color-5)","background-image":"","background-repeat":"repeat","background-position":"center center","background-size":"auto","background-attachment":"scroll","background-type":"","background-media":"","overlay-type":"","overlay-color":"","overlay-opacity":"","overlay-gradient":""},"tablet":{"background-color":"var(--ast-global-color-5)","background-image":"","background-repeat":"repeat","background-position":"center center","background-size":"auto","background-attachment":"scroll","background-type":"","background-media":"","overlay-type":"","overlay-color":"","overlay-opacity":"","overlay-gradient":""},"mobile":{"background-color":"var(--ast-global-color-5)","background-image":"","background-repeat":"repeat","background-position":"center center","background-size":"auto","background-attachment":"scroll","background-type":"","background-media":"","overlay-type":"","overlay-color":"","overlay-opacity":"","overlay-gradient":""}},"footnotes":""},"categories":[16],"tags":[],"class_list":["post-776","post","type-post","status-publish","format-standard","has-post-thumbnail","hentry","category-archives-cms"],"_links":{"self":[{"href":"https:\/\/lavoiedessansvoix.fr\/lavoie\/wp-json\/wp\/v2\/posts\/776","targetHints":{"allow":["GET"]}}],"collection":[{"href":"https:\/\/lavoiedessansvoix.fr\/lavoie\/wp-json\/wp\/v2\/posts"}],"about":[{"href":"https:\/\/lavoiedessansvoix.fr\/lavoie\/wp-json\/wp\/v2\/types\/post"}],"author":[{"embeddable":true,"href":"https:\/\/lavoiedessansvoix.fr\/lavoie\/wp-json\/wp\/v2\/users\/1"}],"replies":[{"embeddable":true,"href":"https:\/\/lavoiedessansvoix.fr\/lavoie\/wp-json\/wp\/v2\/comments?post=776"}],"version-history":[{"count":1,"href":"https:\/\/lavoiedessansvoix.fr\/lavoie\/wp-json\/wp\/v2\/posts\/776\/revisions"}],"predecessor-version":[{"id":3571,"href":"https:\/\/lavoiedessansvoix.fr\/lavoie\/wp-json\/wp\/v2\/posts\/776\/revisions\/3571"}],"wp:featuredmedia":[{"embeddable":true,"href":"https:\/\/lavoiedessansvoix.fr\/lavoie\/wp-json\/wp\/v2\/media\/4361"}],"wp:attachment":[{"href":"https:\/\/lavoiedessansvoix.fr\/lavoie\/wp-json\/wp\/v2\/media?parent=776"}],"wp:term":[{"taxonomy":"category","embeddable":true,"href":"https:\/\/lavoiedessansvoix.fr\/lavoie\/wp-json\/wp\/v2\/categories?post=776"},{"taxonomy":"post_tag","embeddable":true,"href":"https:\/\/lavoiedessansvoix.fr\/lavoie\/wp-json\/wp\/v2\/tags?post=776"}],"curies":[{"name":"wp","href":"https:\/\/api.w.org\/{rel}","templated":true}]}}