{"id":775,"date":"2018-05-06T02:05:00","date_gmt":"2018-05-06T00:05:00","guid":{"rendered":"https:\/\/lavoiedessansvoix.fr\/lavoie\/2018\/05\/06\/archive-attaque-chimique-de-douma-petition-contre-un-mensonge-d-etats\/"},"modified":"2026-04-26T21:23:11","modified_gmt":"2026-04-26T19:23:11","slug":"archive-attaque-chimique-de-douma-petition-contre-un-mensonge-d-etats","status":"publish","type":"post","link":"https:\/\/lavoiedessansvoix.fr\/lavoie\/2018\/05\/06\/archive-attaque-chimique-de-douma-petition-contre-un-mensonge-d-etats\/","title":{"rendered":"ATTAQUE CHIMIQUE DE DOUMA :  P\u00c9TITION CONTRE UN MENSONGE D\u2019\u00c9TATS"},"content":{"rendered":"<p>ATTAQUE CHIMIQUE DE DOUMA : P\u00c9TITION CONTRE UN MENSONGE D\u2019\u00c9TATS    Depuis l\u2019attaque du 14 avril, les agressions occidentales et isra\u00e9liennes se sont multipli\u00e9es. Les informations s\u2019accumulent au fil des jours qui laissent pr\u00e9sager une mont\u00e9e en puissance prochaine de l\u2019agression occidentalo-isra\u00e9lienne contre la Syrie et l\u2019Iran, ainsi que nous l\u2019avons pr\u00e9dit, avant m\u00eame l\u2019attaque du 14 avril. L\u2019intensit\u00e9 des pr\u00e9paratifs militaires et les rodomontades de part et d\u2019autres donnent \u00e0 craindre le pire. Il semblerait qu\u2019une nouvelle provocation chimique des services secrets occidentaux et de leurs alli\u00e9s, les groupes factieux sur place, soit en pr\u00e9paration qui donnerait-on s\u2019en doute le signal d\u2019une nouvelle attaque plus ample que la pr\u00e9c\u00e9dente. Serait-ce le genre de \u00ab preuves \u00bb dont les puissances occidentales veulent r\u00e9galer leurs opinions publiques, de faire oublier, en en mettant en sc\u00e8ne une nouvelle, qu\u2019ils n\u2019ont toujours pas fait \u00e9tat des preuves de l\u2019attaque pr\u00e9c\u00e9dente suppos\u00e9e ? Les opinions publiques occidentales accepteront-elles plus longtemps que les dirigeants de leurs pays justifient leurs crimes par des mensonges ? Les peuples Am\u00e9ricains, Britanniques et Fran\u00e7ais, accepterons-t-ils d\u2019\u00eatre de facto les complices des \u00ab fous \u00bb qui ne redoutent pas de prendre le risque de les pr\u00e9cipiter eux et peut-\u00eatre l\u2019Humanit\u00e9 toute enti\u00e8re, dans les horreurs d\u2019un conflit militaire majeur ?  Nous demandons des comptes.  Vous avez des preuves ? Nous voulons les voir et les analyser.  Emmanuel Macron a dit d\u00e9tenir des preuves de la r\u00e9alit\u00e9, et nous l\u2019esp\u00e9rons fortement en ce cas de l\u2019origine, de l\u2019attaque chimique de Douma dont le cartel occidental a fait le pr\u00e9texte de son agression contre la Syrie dans la nuit du 14 avril. Des preuves disons-nous de l\u2019origine de l\u2019attaque et de l\u2019implication de ceux qui ont \u00e9t\u00e9 d\u00e9sign\u00e9s comme responsables et sanctionn\u00e9s avant les preuves. Car la r\u00e9alit\u00e9 \u00e9ventuelle de l\u2019usage de substances chimique n\u2019est en rien une preuve de la responsabilit\u00e9 de Damas. Donald Trump affirme lui aussi \u00eatre en possession de telles preuves et les deux chefs d\u2019\u00c9tat les auraient d\u2019ailleurs \u00e9chang\u00e9es. Quant \u00e0 la Premi\u00e8re-ministre britannique elle fait Chorus avec les deux pr\u00e9c\u00e9dents.  Si Macron a dit \u00ab d\u00e9tenir des preuves \u00bb les citoyens fran\u00e7ais sont en droit de penser qu\u2019elles sont tangibles et irr\u00e9futables, donc autres que les simples vid\u00e9os parues sur les r\u00e9seaux sociaux, si mal arrang\u00e9es que la falsification saute aux yeux des plus na\u00effs, \u00e0 l\u2019exception bien entendu des assassins qui ont commandit\u00e9 l\u2019arrangement de ce mauvais spectacle.  La fiabilit\u00e9 des preuves pourrait les absoudre tous-trois des accusations qu\u2019\u00e0 d\u00e9faut les peuples sont en droit de formuler \u00e0 leur encontre. Or, la premi\u00e8re condition de fiabilit\u00e9 d\u2019une preuve c\u2019est que l\u2019on puisse la produire. En l\u2019absence en effet de la pr\u00e9sentation de celles-ci devant l\u2019opinion publique internationale, convoqu\u00e9e par eux-m\u00eames comme t\u00e9moin et caution de leur \u00ab bon \u00bb droit, il faudra formuler les choses clairement et convenir que les plus hauts responsables de nos trois Etats (U.S.A., France et Royaume-Uni) sont trois larrons sans foi ni loi, menteurs, comploteurs et assassins   Quand les Argus qui veillent pour eux sur \u00ab l\u2019espace de libre expression \u00bb qu\u2019est cens\u00e9 \u00eatre le \u00ab Net \u00bb liront ces lignes, ils hurleront tr\u00e8s fort et alerteront leur maitres lesquels ordonneront de faire taire notre petite voix p\u00e9titoire, de nous faire des mis\u00e8res, ou peut-\u00eatre m\u00eame de nous poursuivre pour injure aux chefs d\u2019\u00c9tats coalis\u00e9s. Or il n\u2019y a pas d\u2019injure \u00e0 ce stade, mais de simples supputations que tout citoyen libre et raisonnable a, plus que le droit, le devoir m\u00eame d\u2019\u00e9mettre.   Quoi qu\u2019il en soit :  Nous les pr\u00e9venons, ils seraient bien avis\u00e9s alors de faire publiquement \u00e9tat des preuves qu\u2019ils pr\u00e9tendent poss\u00e9der, et il serait bon \u00e0 eux que celles-ci soient v\u00e9ritablement incontestables. A d\u00e9faut il faudra ajouter aux accusations de mensonge d\u2019\u00e9tat et de crimes contre un Etat souverain et un peuple ind\u00e9pendant celle de Tyran et de tourmenteur des libert\u00e9s publiques. Un titre bien embarrassant pour des nations qui s\u2019arrogent la qualit\u00e9 de \u00ab trois plus grandes d\u00e9mocraties du monde \u00bb.  Patrick Seignon. \u00ab lavoiedessansvoix.fr \u00bb Dimanche 6 mai 2018<\/p>\n","protected":false},"excerpt":{"rendered":"<p>ATTAQUE CHIMIQUE DE DOUMA : P\u00c9TITION CONTRE UN MENSONGE D\u2019\u00c9TATS Depuis l\u2019attaque du 14 avril, les agressions occidentales et isra\u00e9liennes [&hellip;]<\/p>\n","protected":false},"author":1,"featured_media":4360,"comment_status":"open","ping_status":"open","sticky":false,"template":"","format":"standard","meta":{"sfsi_plus_gutenberg_text_before_share":"","sfsi_plus_gutenberg_show_text_before_share":"","sfsi_plus_gutenberg_icon_type":"","sfsi_plus_gutenberg_icon_alignemt":"","sfsi_plus_gutenburg_max_per_row":"","site-sidebar-layout":"default","site-content-layout":"","ast-site-content-layout":"default","site-content-style":"default","site-sidebar-style":"default","ast-global-header-display":"","ast-banner-title-visibility":"","ast-main-header-display":"","ast-hfb-above-header-display":"","ast-hfb-below-header-display":"","ast-hfb-mobile-header-display":"","site-post-title":"","ast-breadcrumbs-content":"","ast-featured-img":"","footer-sml-layout":"","ast-disable-related-posts":"","theme-transparent-header-meta":"","adv-header-id-meta":"","stick-header-meta":"","header-above-stick-meta":"","header-main-stick-meta":"","header-below-stick-meta":"","astra-migrate-meta-layouts":"default","ast-page-background-enabled":"default","ast-page-background-meta":{"desktop":{"background-color":"var(--ast-global-color-4)","background-image":"","background-repeat":"repeat","background-position":"center center","background-size":"auto","background-attachment":"scroll","background-type":"","background-media":"","overlay-type":"","overlay-color":"","overlay-opacity":"","overlay-gradient":""},"tablet":{"background-color":"","background-image":"","background-repeat":"repeat","background-position":"center center","background-size":"auto","background-attachment":"scroll","background-type":"","background-media":"","overlay-type":"","overlay-color":"","overlay-opacity":"","overlay-gradient":""},"mobile":{"background-color":"","background-image":"","background-repeat":"repeat","background-position":"center center","background-size":"auto","background-attachment":"scroll","background-type":"","background-media":"","overlay-type":"","overlay-color":"","overlay-opacity":"","overlay-gradient":""}},"ast-content-background-meta":{"desktop":{"background-color":"var(--ast-global-color-5)","background-image":"","background-repeat":"repeat","background-position":"center center","background-size":"auto","background-attachment":"scroll","background-type":"","background-media":"","overlay-type":"","overlay-color":"","overlay-opacity":"","overlay-gradient":""},"tablet":{"background-color":"var(--ast-global-color-5)","background-image":"","background-repeat":"repeat","background-position":"center center","background-size":"auto","background-attachment":"scroll","background-type":"","background-media":"","overlay-type":"","overlay-color":"","overlay-opacity":"","overlay-gradient":""},"mobile":{"background-color":"var(--ast-global-color-5)","background-image":"","background-repeat":"repeat","background-position":"center center","background-size":"auto","background-attachment":"scroll","background-type":"","background-media":"","overlay-type":"","overlay-color":"","overlay-opacity":"","overlay-gradient":""}},"footnotes":""},"categories":[16],"tags":[],"class_list":["post-775","post","type-post","status-publish","format-standard","has-post-thumbnail","hentry","category-archives-cms"],"_links":{"self":[{"href":"https:\/\/lavoiedessansvoix.fr\/lavoie\/wp-json\/wp\/v2\/posts\/775","targetHints":{"allow":["GET"]}}],"collection":[{"href":"https:\/\/lavoiedessansvoix.fr\/lavoie\/wp-json\/wp\/v2\/posts"}],"about":[{"href":"https:\/\/lavoiedessansvoix.fr\/lavoie\/wp-json\/wp\/v2\/types\/post"}],"author":[{"embeddable":true,"href":"https:\/\/lavoiedessansvoix.fr\/lavoie\/wp-json\/wp\/v2\/users\/1"}],"replies":[{"embeddable":true,"href":"https:\/\/lavoiedessansvoix.fr\/lavoie\/wp-json\/wp\/v2\/comments?post=775"}],"version-history":[{"count":1,"href":"https:\/\/lavoiedessansvoix.fr\/lavoie\/wp-json\/wp\/v2\/posts\/775\/revisions"}],"predecessor-version":[{"id":3569,"href":"https:\/\/lavoiedessansvoix.fr\/lavoie\/wp-json\/wp\/v2\/posts\/775\/revisions\/3569"}],"wp:featuredmedia":[{"embeddable":true,"href":"https:\/\/lavoiedessansvoix.fr\/lavoie\/wp-json\/wp\/v2\/media\/4360"}],"wp:attachment":[{"href":"https:\/\/lavoiedessansvoix.fr\/lavoie\/wp-json\/wp\/v2\/media?parent=775"}],"wp:term":[{"taxonomy":"category","embeddable":true,"href":"https:\/\/lavoiedessansvoix.fr\/lavoie\/wp-json\/wp\/v2\/categories?post=775"},{"taxonomy":"post_tag","embeddable":true,"href":"https:\/\/lavoiedessansvoix.fr\/lavoie\/wp-json\/wp\/v2\/tags?post=775"}],"curies":[{"name":"wp","href":"https:\/\/api.w.org\/{rel}","templated":true}]}}