{"id":770,"date":"2018-05-25T07:51:00","date_gmt":"2018-05-25T05:51:00","guid":{"rendered":"https:\/\/lavoiedessansvoix.fr\/lavoie\/2018\/05\/25\/archive-un-pepin-pour-pepy-dispute-a-propos-d-un-referendum-et-d-un-sondage\/"},"modified":"2026-04-26T21:22:20","modified_gmt":"2026-04-26T19:22:20","slug":"archive-un-pepin-pour-pepy-dispute-a-propos-d-un-referendum-et-d-un-sondage","status":"publish","type":"post","link":"https:\/\/lavoiedessansvoix.fr\/lavoie\/2018\/05\/25\/archive-un-pepin-pour-pepy-dispute-a-propos-d-un-referendum-et-d-un-sondage\/","title":{"rendered":"UN P\u00c9PIN POUR PEPY  (DISPUTE A PROPOS D\u2019UN REFERENDUM ET D\u2019UN SONDAGE)"},"content":{"rendered":"<p>UN P\u00c9PIN POUR PEPY(DISPUTE A PROPOS D\u2019UN REFERENDUM ET D\u2019UN SONDAGE) 61, 8 % des employ\u00e9s de (l\u2019encore SNCF) ce sont exprim\u00e9 lors d\u2019un \u00ab r\u00e9f\u00e9rendum \u00bb organis\u00e9 par les syndicats, \u00e0 95 % contre le projet liquidateur du gouvernement.  Alors ces messieurs les dirigeants en exercice, s&rsquo;esclaffent : ce n\u2019est m\u00eame pas d\u00e9mocratique, \u00ab les urnes, les isoloirs, les huissiers, la participation. \u00bb Rien ne va \u00e0 leur sens.  Ils avaient ordonn\u00e9 un \u00ab sondage \u00bb dont les r\u00e9sultats ont \u00e9t\u00e9 publi\u00e9s, \u00ab Le barom\u00e8tre de l\u2019\u00e9conomie Odoxa pour le mois d\u2019avril r\u00e9v\u00e8le que 65 % des fran\u00e7ais pensent qu\u2019Emmanuel Macron a raison de conduire la r\u00e9forme de la SNCF. \u00bb (La Provence, jeudi 5 mai 2018). Et comme de bien entendu les r\u00e9sultats de celui-ci sont en totale opposition avec celui de la consultation des cheminots.  La SNCF nous disent les grands docteurs Es-d\u00e9mocratie, n\u2019appartient pas aux seuls cheminots mais \u00e0 la nation toute enti\u00e8re. Le r\u00e9f\u00e9rendum des cheminots n\u2019a donc aucune valeur. C\u2019est \u00e0 la repr\u00e9sentation nationale et au gouvernement qui est l\u2019\u00e9manation de toute la nation de d\u00e9cider du destin du chemin de fer Fran\u00e7ais. L\u2019actuel pr\u00e9sident de la R\u00e9publique, le gouvernement et l\u2019Assembl\u00e9e nationale ne sont pas comme ils pr\u00e9tendent repr\u00e9sentatifs de la majorit\u00e9 du peuple fran\u00e7ais. Ils disposent certes d\u2019une majorit\u00e9 parlementaire, vol\u00e9e aux Fran\u00e7ais \u00ab par effraction \u00bb selon les termes avis\u00e9s de Fran\u00e7ois Hollande qui avait fourni le pied de biche. Mais ils ne sont en v\u00e9rit\u00e9, malgr\u00e9 \u00ab le viol de la d\u00e9mocratie dont ils se sont rendus coupables \u00bb  les \u00e9lus que d\u2019une minorit\u00e9 des Fran\u00e7ais (40 % environ) .Aussi sont-ils mal, tr\u00e8s mal venus d\u2019arguer de leur pr\u00e9tendu repr\u00e9sentativit\u00e9 dans le but de faire taire les voix p\u00e9titoires de la contestation populaire.  Au demeurant, ces cambrioleurs, ne sont-ils pas un peu \u00ab gonfl\u00e9s \u00bb d\u2019argumenter de la sorte, \u00e0 propos de l\u2019appartenance du chemin de fer \u00e0 tous les fran\u00e7ais pour promouvoir une r\u00e9forme dont la finalit\u00e9 est de vendre ce joyaux national \u00e0 leurs \u00ab copains et coquins \u00bb, banques et grands financiers.   \u00ab Le chemin de fer est la propri\u00e9t\u00e9 de tous les Fran\u00e7ais \u00bb lorsqu\u2019il s\u2019agit de faire taire les cheminots. Dans leurs bouches il ne s\u2019agit l\u00e0 que de flatter le peuple pour le mieux spolier.  Alors certes dans l\u2019attente que ce bien national de tous les fran\u00e7ais ait \u00e9t\u00e9 brad\u00e9 pour quelques euros symboliques \u00e0 des op\u00e9rateurs priv\u00e9s, il est vrai que le chemin de fer appartient encore \u00e0 tous les fran\u00e7ais. Mais n\u2019est-ce pas pr\u00e9cis\u00e9ment ce que disent les cheminots qui appellent tous les travailleurs et classes populaires de ce pays \u00e0 serrer les rangs autour d\u2019eux, \u00e0 r\u00e9sister \u00ab tous ensemble \u00bb \u00e0 l\u2019offensive destructrice de l\u2019ultra lib\u00e9ralisme.    S\u2019il est donc vrai qu\u2019il n\u2019appartient pas aux seuls cheminots de d\u00e9cider de l\u2019avenir et des orientation d\u2019une entreprise qui est un bien national commun \u00e0 tous les Fran\u00e7ais, il n\u2019en est pas moins vrai qu\u2019il leur appartient en propre de d\u00e9fendre leur \u00ab statut du cheminot \u00bb, qui est une sorte de convention collective d\u2019entreprise et un \u00ab acquis social \u00bb qu\u2019il n\u2019y a pas lieu de remettre en cause. Il s\u2019agit la non pas des orientations et de la strat\u00e9gie de l\u2019entreprise ferroviaire, mais de la question des relations internes entre l\u2019employeur SNCF et son personnel. Cette question ne saurait en aucun cas relever de \u2018la d\u00e9mocratie politique g\u00e9n\u00e9rale \u00bb. Le vouloir ce serait vouloir tuer le d\u00e9bat social, r\u00e9duire \u00e0 n\u00e9ant le sens m\u00eame de l\u2019action syndicale. Supposez que des salari\u00e9s d\u2019une entreprise quelconque, \u00e0 la suite d\u2019une gr\u00e8ve obtiennent une augmentation de salaire et qu\u2019on leur dise alors on va faire voter tous les fran\u00e7ais pour savoir si cette augmentation est l\u00e9gale. Comment tous les fran\u00e7ais auraient-ils le droit de se prononcer sur des rapports internes de travail et de gestion du personnel qui rel\u00e8ve de l\u2019entreprise. Alors oui, il est tout \u00e0 fait l\u00e9gitime que les seuls cheminots se prononcent sur l\u2019avenir de leur statut, sur la d\u00e9fense de leurs acquis sociaux. C\u2019est m\u00eame l\u00e0 un droit sacr\u00e9 et exclusif de les d\u00e9fendre bec et ongles.   La d\u00e9mocratie la vraie, commence par le respect du droit des minorit\u00e9s. Toute communaut\u00e9 d\u2019entreprise constitue une minorit\u00e9 susceptible d\u2019avoir ses propres accords internes et modes de fonctionnement  d\u00e8s lors qu\u2019ils respectent la loi g\u00e9n\u00e9rale Et l\u2019on ne saurait au nom d\u2019une quelconque majorit\u00e9 nationale s\u2019ing\u00e9rer dans les rapports internes de celles-ci,   En v\u00e9rit\u00e9 ce gouvernement voudrait venir \u00e0 bout de la r\u00e9sistance des cheminots qui est un des derniers points d\u2019accroche social. Ce qu\u2019il redoute, et il a en cela bien raison, c\u2019est qu\u2019une \u00e9ventuelles victoire des cheminots ne soul\u00e8ve dans son sillage une contestation massive de sa politique ultra lib\u00e9rale.  Or, c\u2019est cela la vraie d\u00e9mocratie, quand les peuples s\u2019insurgent et prennent leurs destin en main. La vraie d\u00e9mocratie n\u2019est certes pas dans les r\u00e9f\u00e9rendums et encore moins dans les sondages ni m\u00eame dans les urnes en g\u00e9n\u00e9ral. Elle est dans la rue les usines et les facs, elle est dans les gr\u00e8ves et les AG. Quid des urnes, elle est dans le vote \u00e0 main lev\u00e9e.  Quant au r\u00e9f\u00e9rendum interne organis\u00e9 par les syndicats, s\u2019il n\u2019a aucune valeur juridique, nous en convenons bien volontiers (ce n\u2019\u00e9tait d\u2019ailleurs ni son but ni sa pr\u00e9tention), il a tout de m\u00eame une valeur \u00ab indicative, mais oh combien incontestable de l\u2019\u00e9tat de l\u2019opinion des salari\u00e9s concern\u00e9s. Incontestable : comment ces messieurs dames qui s\u2019en remettent si volontiers \u00e0 des \u00ab sondages \u00bb dont il est loisible de tordre les questions pos\u00e9es et de manipuler les \u00e9chantillons de population afin d\u2019induire la r\u00e9ponse souhait\u00e9e, oseraient-ils afficher tant de d\u00e9dain pour ce qui est un \u00ab sondage grandeur nature \u00bb avec une question pos\u00e9e sans d\u00e9tour. Or que dit sans contestation possible le r\u00e9sultat du r\u00e9f\u00e9rendum interne des syndicats ? Il dit que les cheminots sont massivement oppos\u00e9s aux plans du gouvernement concernant l\u2019avenir de la SNCF et de leur statut.  Le PDG de la SNCF avait pr\u00e9tendu lui le contraire, il affirmait, sans le moindre souci des r\u00e9alit\u00e9s, que \ud83d\ude2f % des cheminots \u00e9taient \u00ab pour \u00bb. Le r\u00e9f\u00e9rendum interne des syndicats a au moins cet effet imm\u00e9diat de le d\u00e9mentir de fa\u00e7on cinglante. Le \u00ab d\u00e9mentir \u00bb c\u2019est le mot qui convient car Guillaume P\u00e9py mentait sciemment avec l\u2019intention de faire douter les cheminots de leur propre d\u00e9termination. Vous accusez monsieur, me dira-t-on peut-\u00eatre, le PDG de cette grande entreprise d\u2019\u00eatre un menteur ! C\u2019est grave cela, le savez-vous ? Je le sais, mais pr\u00e9f\u00e9reriez-vous, r\u00e9torquerai-je aussit\u00f4t, que je le traitasse d\u2019incomp\u00e9tent ? Car il faut bien s\u2019entendre, si l\u2019on admet un seul instant que monsieur P\u00e9py ne mentait pas, alors il faudra bien admettre que la terrible m\u00e9connaissance de l\u2019\u00e9tat de l\u2019opinion interne de ses personnels que signale cet \u00e9pisode, d\u00e9montre son incomp\u00e9tence crasse.  Menteur, manipulateur ou incomp\u00e9tent, qu\u2019importe somme toute le \u00ab titre \u00bb dont on le l\u2019affuble. Dans tous les cas il est vrai, ceux qui l\u2019exigent ont raison, l\u2019honneur voudrait que cet homme d\u00e9missionne de son poste. D\u2019ailleurs dites-moi, de quel bois vulgaire est-il fait cet homme enr\u00f4l\u00e9 comme PDG d\u2019une entreprise nationale, fi\u00e8re et grande, et qui accepte sans \u00e9tats d\u2019\u00e2me d\u2019en \u00eatre le fossoyeur quand il devrait en \u00eatre le premier et le plus ardent d\u00e9fenseur ?  Patrick Seignon. \u00ab lavoiedessansvoix.fr \u00bb Vendredi 25 mai 2018.<\/p>\n","protected":false},"excerpt":{"rendered":"<p>UN P\u00c9PIN POUR PEPY(DISPUTE A PROPOS D\u2019UN REFERENDUM ET D\u2019UN SONDAGE) 61, 8 % des employ\u00e9s de (l\u2019encore SNCF) ce [&hellip;]<\/p>\n","protected":false},"author":1,"featured_media":4355,"comment_status":"open","ping_status":"open","sticky":false,"template":"","format":"standard","meta":{"sfsi_plus_gutenberg_text_before_share":"","sfsi_plus_gutenberg_show_text_before_share":"","sfsi_plus_gutenberg_icon_type":"","sfsi_plus_gutenberg_icon_alignemt":"","sfsi_plus_gutenburg_max_per_row":"","site-sidebar-layout":"default","site-content-layout":"","ast-site-content-layout":"default","site-content-style":"default","site-sidebar-style":"default","ast-global-header-display":"","ast-banner-title-visibility":"","ast-main-header-display":"","ast-hfb-above-header-display":"","ast-hfb-below-header-display":"","ast-hfb-mobile-header-display":"","site-post-title":"","ast-breadcrumbs-content":"","ast-featured-img":"","footer-sml-layout":"","ast-disable-related-posts":"","theme-transparent-header-meta":"","adv-header-id-meta":"","stick-header-meta":"","header-above-stick-meta":"","header-main-stick-meta":"","header-below-stick-meta":"","astra-migrate-meta-layouts":"default","ast-page-background-enabled":"default","ast-page-background-meta":{"desktop":{"background-color":"var(--ast-global-color-4)","background-image":"","background-repeat":"repeat","background-position":"center center","background-size":"auto","background-attachment":"scroll","background-type":"","background-media":"","overlay-type":"","overlay-color":"","overlay-opacity":"","overlay-gradient":""},"tablet":{"background-color":"","background-image":"","background-repeat":"repeat","background-position":"center center","background-size":"auto","background-attachment":"scroll","background-type":"","background-media":"","overlay-type":"","overlay-color":"","overlay-opacity":"","overlay-gradient":""},"mobile":{"background-color":"","background-image":"","background-repeat":"repeat","background-position":"center center","background-size":"auto","background-attachment":"scroll","background-type":"","background-media":"","overlay-type":"","overlay-color":"","overlay-opacity":"","overlay-gradient":""}},"ast-content-background-meta":{"desktop":{"background-color":"var(--ast-global-color-5)","background-image":"","background-repeat":"repeat","background-position":"center center","background-size":"auto","background-attachment":"scroll","background-type":"","background-media":"","overlay-type":"","overlay-color":"","overlay-opacity":"","overlay-gradient":""},"tablet":{"background-color":"var(--ast-global-color-5)","background-image":"","background-repeat":"repeat","background-position":"center center","background-size":"auto","background-attachment":"scroll","background-type":"","background-media":"","overlay-type":"","overlay-color":"","overlay-opacity":"","overlay-gradient":""},"mobile":{"background-color":"var(--ast-global-color-5)","background-image":"","background-repeat":"repeat","background-position":"center center","background-size":"auto","background-attachment":"scroll","background-type":"","background-media":"","overlay-type":"","overlay-color":"","overlay-opacity":"","overlay-gradient":""}},"footnotes":""},"categories":[16],"tags":[],"class_list":["post-770","post","type-post","status-publish","format-standard","has-post-thumbnail","hentry","category-archives-cms"],"_links":{"self":[{"href":"https:\/\/lavoiedessansvoix.fr\/lavoie\/wp-json\/wp\/v2\/posts\/770","targetHints":{"allow":["GET"]}}],"collection":[{"href":"https:\/\/lavoiedessansvoix.fr\/lavoie\/wp-json\/wp\/v2\/posts"}],"about":[{"href":"https:\/\/lavoiedessansvoix.fr\/lavoie\/wp-json\/wp\/v2\/types\/post"}],"author":[{"embeddable":true,"href":"https:\/\/lavoiedessansvoix.fr\/lavoie\/wp-json\/wp\/v2\/users\/1"}],"replies":[{"embeddable":true,"href":"https:\/\/lavoiedessansvoix.fr\/lavoie\/wp-json\/wp\/v2\/comments?post=770"}],"version-history":[{"count":1,"href":"https:\/\/lavoiedessansvoix.fr\/lavoie\/wp-json\/wp\/v2\/posts\/770\/revisions"}],"predecessor-version":[{"id":3559,"href":"https:\/\/lavoiedessansvoix.fr\/lavoie\/wp-json\/wp\/v2\/posts\/770\/revisions\/3559"}],"wp:featuredmedia":[{"embeddable":true,"href":"https:\/\/lavoiedessansvoix.fr\/lavoie\/wp-json\/wp\/v2\/media\/4355"}],"wp:attachment":[{"href":"https:\/\/lavoiedessansvoix.fr\/lavoie\/wp-json\/wp\/v2\/media?parent=770"}],"wp:term":[{"taxonomy":"category","embeddable":true,"href":"https:\/\/lavoiedessansvoix.fr\/lavoie\/wp-json\/wp\/v2\/categories?post=770"},{"taxonomy":"post_tag","embeddable":true,"href":"https:\/\/lavoiedessansvoix.fr\/lavoie\/wp-json\/wp\/v2\/tags?post=770"}],"curies":[{"name":"wp","href":"https:\/\/api.w.org\/{rel}","templated":true}]}}