{"id":769,"date":"2018-05-27T02:26:00","date_gmt":"2018-05-27T00:26:00","guid":{"rendered":"https:\/\/lavoiedessansvoix.fr\/lavoie\/2018\/05\/27\/archive-le-fond-et-l-informe-macron-la-russie-et-l-iran\/"},"modified":"2026-04-26T21:22:11","modified_gmt":"2026-04-26T19:22:11","slug":"archive-le-fond-et-l-informe-macron-la-russie-et-l-iran","status":"publish","type":"post","link":"https:\/\/lavoiedessansvoix.fr\/lavoie\/2018\/05\/27\/archive-le-fond-et-l-informe-macron-la-russie-et-l-iran\/","title":{"rendered":"LE FOND ET L\u2019INFORME (Macron, la Russie et l\u2019Iran)"},"content":{"rendered":"<p>LE FOND ET L\u2019INFORME (Macron, la Russie et l\u2019Iran)   Emmanuel Macron c\u2019est rendu en Russie rencontrer le \u00ab dictateur Poutine \u00bb (comme ils disent), il \u00e9tait avec Shinzo Abe, Premier-ministre japonais,  invit\u00e9 d\u2019honneur du forum \u00e9conomique de Saint P\u00e9tersbourg, o\u00f9 il y avait d\u2019all\u00e9chants contrats \u00e0 signer. Un banquier ne crache jamais sur la signature d\u2019un contrat. En particulier pour la compagnie \u00ab TOTAL \u00bb qui vient de se d\u00e9sengager d\u2019une juteuse affaire en Iran parce qu\u2019elle n\u2019a pas voulu s\u2019exposer aux sanctions am\u00e9ricaines.  Tient donc !  Nous avons \u00e9crit le 4 mai (\u00ab R\u00e9publique islamique, trois qui la tienne deux qui la viole \u00bb) qu\u2019il s\u2019agissait pour la France, l\u2019Allemagne et le Royaume-Uni (action compl\u00e9mentaire \u00e0 la d\u00e9nonciation de l\u2019accord sur le nucl\u00e9aire par les U.S.A.) d\u2019apaiser l\u2019Iran afin que celui-ci s\u2019en croyant encore loin ne se pr\u00e9pare pas activement \u00e0 la guerre imminente. Surtout qu\u2019il ne reprenne pas l\u2019enrichissement de l\u2019Uranium, qu\u2019il ne se dote pas de la dissuasion nucl\u00e9aire qui compliquerait s\u00e9rieusement les modes op\u00e9ratoires pour les assassins imp\u00e9rialistes internationaux qui ont promis l\u2019\u00e9crasement de la nation et la mort du r\u00e9gime.  Juguler les vell\u00e9it\u00e9s d\u00e9fensives de l\u2019Iran en maintenant \u00e0 4 + 1 l\u2019accord qui avait \u00e9t\u00e9 conclu \u00e0 5 + 1. Le sens de celui-ci \u00e9tait que l\u2019Iran renon\u00e7ait \u00e0 l\u2019enrichissement de l\u2019Uranium et \u00e0 ses ambitions d\u2019acc\u00e8s au nucl\u00e9aire militaire en \u00e9change de la lev\u00e9e des sanctions. Cet accord est mort avec sa d\u00e9nonciation par les U.S.A. et le retour des sanctions. Son maintien par les autres signataires n\u2019est qu\u2019une illusion, une arnaque d\u2019envergure internationale. L\u2019Iran se verrait ainsi interdire l\u2019enrichissement de l\u2019uranium et l\u2019acc\u00e8s \u00e0 la dissuasion nucl\u00e9aire sans la moindre contrepartie et devant subir des sanctions aggrav\u00e9es en sus. Plus qu\u2019un march\u00e9 de dupes perdant sur tous les tableaux pour l\u2019Iran, il s\u2019agirait l\u00e0 d\u2019un contrat certes, peut-\u00eatre, mais au sens mafieux de ce terme.   L\u2019Ayatollah Kamenei, le guide supr\u00eame de la r\u00e9volution iranienne, qui a pos\u00e9 7 conditions aux partenaires europ\u00e9ens de l\u2019accord s\u2019ils veulent \u00e9viter que l\u2019Iran le d\u00e9nonce \u00e0 son tour, a dit qu\u2019il ne faisait aucune confiance \u00e0 ceux-ci. D\u2019o\u00f9 l\u2019importance d\u2019amadouer la Russie, de donner \u00e0 croire que les pays europ\u00e9ens aspireraient v\u00e9ritablement \u00e0 se d\u00e9marquer des \u00c9tats-Unis, \u00e0 reprendre leur ind\u00e9pendance \u00e9conomique et politique. La France, l\u2019Angleterre et l\u2019Allemagne, Alli\u00e9s et valets des U.S.A. ne peuvent gagner la confiance de l\u2019Iran sans l\u2019aide et la caution de la Russie. Voil\u00e0 pourquoi, sur fond de tensions et de sanctions de plus en plus importantes entre le cartel imp\u00e9rialiste occidental et la Russie, quand on donne foi aux pires mensonges, affaire Skripal, attaques chimiques de Douma, quand on bombarde la Syrie, on maintien tout de m\u00eame la visite de Macron en Russie.  Mais voil\u00e0 pourquoi aussi le langage du Pr\u00e9sident de la R\u00e9publique fran\u00e7aise a du mal \u00e0 convaincre. Voil\u00e0 pourquoi il parait ambigu et faux. Un article publi\u00e9 ce jour dans les pages du Site \u00ab sputniknews \u00bb porte ce titre \u00e9vocateur : \u00ab Convergences de forme et incompr\u00e9hension de fond ? La visite de Macron \u00e0 Saint-P\u00e9tersbourg \u00bb. Parlant de la langue de Macron, c\u2019est \u00ab l\u2019informe \u00bb et non \u00ab la forme \u00bb qu\u2019il eut fallu \u00e9crire. Macron est un sp\u00e9cialiste de la \u00ab langue de silicon \u00bb (version modernis\u00e9e de la langue de bois), un grand nombre d\u2019auditeurs et m\u00eame certains de ses contradicteurs, durant la campagne des \u00e9lections pr\u00e9sidentielles de 2017 en France, reconnurent bien des fois qu\u2019ils n\u2019avaient rien compris \u00e0 ses discours. Il est l\u2019homme des phrases \u00e9vasives et des expos\u00e9s creux. On croit avoir entendu une chose et il a dit une autre, oppos\u00e9e. Il d\u00e9fend l\u2019accord sur le nucl\u00e9aire militaire iranien de 2015 et pr\u00e9tends se d\u00e9solidariser de la politique des sanctions am\u00e9ricaines, mais \u00ab Total \u00bb le grand groupe p\u00e9trolier Fran\u00e7ais quitte l\u2019Iran illico. Or, chacun sait bien que dans le contexte de fonctionnement des \u00e9conomies occidentales et des circuits financiers et de la pr\u00e9\u00e9minence du dollar, ces sanctions s\u2019appliqueront tout de m\u00eame dans toute leur rigueur et que les entreprises fran\u00e7aises passeront sans broncher sous les fourches caudines de la dictature am\u00e9ricaine.  Un autre article de \u00ab sputniknews \u00bb le m\u00eame jour, qui signale lui aussi (l\u2019ambig\u00fcit\u00e9) du pensionnaire de l\u2019Elys\u00e9e, ( Accord nucl\u00e9aire : l\u2019Iran annonce la couleur, les 4+1 discutent, Macron reste ambigu\u00eb.) cite cette phrase prononc\u00e9e par celui-ci : \u00abJ&rsquo;ai dit aussi au Pr\u00e9sident Poutine quelles \u00e9taient nos autres pr\u00e9occupations, et je crois l\u00e0 aussi pouvoir dire que nous les partageons: l&rsquo;activit\u00e9 nucl\u00e9aire apr\u00e8s 2025, l&rsquo;activit\u00e9 balistique et l&rsquo;activit\u00e9 r\u00e9gionale de l&rsquo;Iran.\u00bb Macron est missionn\u00e9. Sa mission c\u2019est de maintenir l\u2019existence de l\u2019accord mort comme un boulet \u00e0 \u00ab la patte de l\u2019Iran \u00bb et de s\u2019efforcer de faire admettre par la R\u00e9publique islamique l\u2019id\u00e9e mortif\u00e8re que son programme balistique et sa place dans la g\u00e9opolitique du Moyen-Orient sont aussi des choses n\u00e9gociables.   Les \u00c9tats-Unis, chef de file du cartel imp\u00e9rialiste occidental et Isra\u00ebl son \u00ab mauvais g\u00e9nie \u00bb en ont jet\u00e9 le sort, l\u2019Iran doit-\u00eatre abaiss\u00e9, r\u00e9duit comme le fut l\u2019Irak. L\u2019invasion am\u00e9ricaine de 2003 fut pr\u00e9par\u00e9e longtemps en avance, par la premi\u00e8re guerre du golfe de 1991, par les sanctions qui suivirent, par l\u2019accusation onusienne mensong\u00e8re de poss\u00e9der des armes de destruction massive et par l\u2019imposition humiliante des inspections internationales, du plan p\u00e9trole contre nourriture, et puis au bout du compte, quand la coh\u00e9sion sociale du pays se fissure \u00e0 cause des difficult\u00e9s r\u00e9sultants des sanctions, quand le r\u00e9gime est d\u00e9consid\u00e9r\u00e9 et affaibli, malgr\u00e9 toutes les concessions et humiliations pr\u00e9c\u00e9dentes, les foudres de la guerre tout de m\u00eame qui tombent comme une ex\u00e9cution.  Voil\u00e0 o\u00f9 ils veulent en venir avec l\u2019Iran. La R\u00e9publique islamique poursuivra-t-elle dans cette voie, acceptera-t-elle de se laisser pi\u00e9ger dans cette spirale infernale qui conduit immanquablement \u00e0 sa perte ? Le r\u00f4le de Macron dans cette affaire c\u2019est de convaincre le \u00ab condamn\u00e9 \u00bb de bien vouloir mettre sans rechigner, la t\u00eate dans la lunette de la guillotine de l\u2019Histoire. Voil\u00e0 des choses qu\u2019il n\u2019est pas ais\u00e9 de dire en langage clair \u00e0 qui que ce soit. Voil\u00e0 pourquoi \u00ab la langue fourchue de Macron \u00e9tait semble-t-il la mieux qualifi\u00e9e pour (mal) formuler ce message.  Patrick Seignon. \u00ab lavoiedessansvoix.fr. Samedi 26 mai 2018.<\/p>\n","protected":false},"excerpt":{"rendered":"<p>LE FOND ET L\u2019INFORME (Macron, la Russie et l\u2019Iran) Emmanuel Macron c\u2019est rendu en Russie rencontrer le \u00ab dictateur Poutine [&hellip;]<\/p>\n","protected":false},"author":1,"featured_media":4354,"comment_status":"open","ping_status":"open","sticky":false,"template":"","format":"standard","meta":{"sfsi_plus_gutenberg_text_before_share":"","sfsi_plus_gutenberg_show_text_before_share":"","sfsi_plus_gutenberg_icon_type":"","sfsi_plus_gutenberg_icon_alignemt":"","sfsi_plus_gutenburg_max_per_row":"","site-sidebar-layout":"default","site-content-layout":"","ast-site-content-layout":"default","site-content-style":"default","site-sidebar-style":"default","ast-global-header-display":"","ast-banner-title-visibility":"","ast-main-header-display":"","ast-hfb-above-header-display":"","ast-hfb-below-header-display":"","ast-hfb-mobile-header-display":"","site-post-title":"","ast-breadcrumbs-content":"","ast-featured-img":"","footer-sml-layout":"","ast-disable-related-posts":"","theme-transparent-header-meta":"","adv-header-id-meta":"","stick-header-meta":"","header-above-stick-meta":"","header-main-stick-meta":"","header-below-stick-meta":"","astra-migrate-meta-layouts":"default","ast-page-background-enabled":"default","ast-page-background-meta":{"desktop":{"background-color":"var(--ast-global-color-4)","background-image":"","background-repeat":"repeat","background-position":"center center","background-size":"auto","background-attachment":"scroll","background-type":"","background-media":"","overlay-type":"","overlay-color":"","overlay-opacity":"","overlay-gradient":""},"tablet":{"background-color":"","background-image":"","background-repeat":"repeat","background-position":"center center","background-size":"auto","background-attachment":"scroll","background-type":"","background-media":"","overlay-type":"","overlay-color":"","overlay-opacity":"","overlay-gradient":""},"mobile":{"background-color":"","background-image":"","background-repeat":"repeat","background-position":"center center","background-size":"auto","background-attachment":"scroll","background-type":"","background-media":"","overlay-type":"","overlay-color":"","overlay-opacity":"","overlay-gradient":""}},"ast-content-background-meta":{"desktop":{"background-color":"var(--ast-global-color-5)","background-image":"","background-repeat":"repeat","background-position":"center center","background-size":"auto","background-attachment":"scroll","background-type":"","background-media":"","overlay-type":"","overlay-color":"","overlay-opacity":"","overlay-gradient":""},"tablet":{"background-color":"var(--ast-global-color-5)","background-image":"","background-repeat":"repeat","background-position":"center center","background-size":"auto","background-attachment":"scroll","background-type":"","background-media":"","overlay-type":"","overlay-color":"","overlay-opacity":"","overlay-gradient":""},"mobile":{"background-color":"var(--ast-global-color-5)","background-image":"","background-repeat":"repeat","background-position":"center center","background-size":"auto","background-attachment":"scroll","background-type":"","background-media":"","overlay-type":"","overlay-color":"","overlay-opacity":"","overlay-gradient":""}},"footnotes":""},"categories":[16],"tags":[],"class_list":["post-769","post","type-post","status-publish","format-standard","has-post-thumbnail","hentry","category-archives-cms"],"_links":{"self":[{"href":"https:\/\/lavoiedessansvoix.fr\/lavoie\/wp-json\/wp\/v2\/posts\/769","targetHints":{"allow":["GET"]}}],"collection":[{"href":"https:\/\/lavoiedessansvoix.fr\/lavoie\/wp-json\/wp\/v2\/posts"}],"about":[{"href":"https:\/\/lavoiedessansvoix.fr\/lavoie\/wp-json\/wp\/v2\/types\/post"}],"author":[{"embeddable":true,"href":"https:\/\/lavoiedessansvoix.fr\/lavoie\/wp-json\/wp\/v2\/users\/1"}],"replies":[{"embeddable":true,"href":"https:\/\/lavoiedessansvoix.fr\/lavoie\/wp-json\/wp\/v2\/comments?post=769"}],"version-history":[{"count":1,"href":"https:\/\/lavoiedessansvoix.fr\/lavoie\/wp-json\/wp\/v2\/posts\/769\/revisions"}],"predecessor-version":[{"id":3557,"href":"https:\/\/lavoiedessansvoix.fr\/lavoie\/wp-json\/wp\/v2\/posts\/769\/revisions\/3557"}],"wp:featuredmedia":[{"embeddable":true,"href":"https:\/\/lavoiedessansvoix.fr\/lavoie\/wp-json\/wp\/v2\/media\/4354"}],"wp:attachment":[{"href":"https:\/\/lavoiedessansvoix.fr\/lavoie\/wp-json\/wp\/v2\/media?parent=769"}],"wp:term":[{"taxonomy":"category","embeddable":true,"href":"https:\/\/lavoiedessansvoix.fr\/lavoie\/wp-json\/wp\/v2\/categories?post=769"},{"taxonomy":"post_tag","embeddable":true,"href":"https:\/\/lavoiedessansvoix.fr\/lavoie\/wp-json\/wp\/v2\/tags?post=769"}],"curies":[{"name":"wp","href":"https:\/\/api.w.org\/{rel}","templated":true}]}}