{"id":768,"date":"2018-05-28T18:13:00","date_gmt":"2018-05-28T16:13:00","guid":{"rendered":"https:\/\/lavoiedessansvoix.fr\/lavoie\/2018\/05\/28\/archive-toufi-sera-t-il-naturalise-fran9ais\/"},"modified":"2026-04-26T21:22:01","modified_gmt":"2026-04-26T19:22:01","slug":"archive-toufi-sera-t-il-naturalise-fran9ais","status":"publish","type":"post","link":"https:\/\/lavoiedessansvoix.fr\/lavoie\/2018\/05\/28\/archive-toufi-sera-t-il-naturalise-fran9ais\/","title":{"rendered":"TOUFI SERA-T-IL NATURALISE FRAN9AIS ?"},"content":{"rendered":"<p>TOUFI SERA-T-IL NATURALISE FRAN\u00c7AIS ?   \u00ab D\u00e9cret de la R\u00e9publique portant sur la gratification des h\u00e9ros venus de loin  Tous les migrants clandestins sans papiers, morts ou vifs,  qui ont escalad\u00e9 4 \u00e9tages d\u2019un immeuble \u00e0 mains nues, ceux qui ont  plong\u00e9 dans les eaux boueuses du Tarn ou d\u2019autre rivi\u00e8re en crue, ceux qui ont dissimul\u00e9s dans une chambre froide des victimes d\u00e9sign\u00e9es du terrorisme, ou tout autre exploit ou acte de bravoure de  m\u00eame nature, pour (ou tenter de) sauver une (ou plusieurs) personne en danger seront automatiquement naturalis\u00e9s Fran\u00e7ais \u00e0 titre  honorifique ou posthume.   Les autres seront reconduits \u00e0 la fronti\u00e8re. \u00bb  \u00ab\u00a0La France g\u00e9n\u00e9reuse, 28 mai 2018.\u00a0\u00bb  H\u00e9 Missiou, mon signor, sahib, \u00e9coute un peu Toufi, s\u00e9n\u00e9galais, sans papiers, travailleur du b\u00e2timent et dis moi qu\u00e9 tu penses de \u00e7a: Traverser la mer \u00e0 100 sur une embarcation de caoutchouc pour 20, travailler 5 ans clandestinement, se cacher pour \u00e9chapper aux contr\u00f4les d\u2019identit\u00e9,  loger 5 dans une chambre pour 2, et d\u00e9labr\u00e9e, dormir parterre, \u00eatre pay\u00e9 avec un lance pierre, pour assurer les sales boulots  et contribuer \u00e0 la meilleure \u00ab rentabilit\u00e9 \u00bb des entreprises  de madame la France, \u00e7a n\u2019est pas un exploit \u00e7\u00e0 qui m\u00e9rite aussi la reconnaissance de la nation ?  Patrick Seignon. \u00ab lavoiedessansvoix.fr \u00bb. Lundi 28 mai 2018.<\/p>\n","protected":false},"excerpt":{"rendered":"<p>TOUFI SERA-T-IL NATURALISE FRAN\u00c7AIS ? \u00ab D\u00e9cret de la R\u00e9publique portant sur la gratification des h\u00e9ros venus de loin Tous [&hellip;]<\/p>\n","protected":false},"author":1,"featured_media":4353,"comment_status":"open","ping_status":"open","sticky":false,"template":"","format":"standard","meta":{"sfsi_plus_gutenberg_text_before_share":"","sfsi_plus_gutenberg_show_text_before_share":"","sfsi_plus_gutenberg_icon_type":"","sfsi_plus_gutenberg_icon_alignemt":"","sfsi_plus_gutenburg_max_per_row":"","site-sidebar-layout":"default","site-content-layout":"","ast-site-content-layout":"default","site-content-style":"default","site-sidebar-style":"default","ast-global-header-display":"","ast-banner-title-visibility":"","ast-main-header-display":"","ast-hfb-above-header-display":"","ast-hfb-below-header-display":"","ast-hfb-mobile-header-display":"","site-post-title":"","ast-breadcrumbs-content":"","ast-featured-img":"","footer-sml-layout":"","ast-disable-related-posts":"","theme-transparent-header-meta":"","adv-header-id-meta":"","stick-header-meta":"","header-above-stick-meta":"","header-main-stick-meta":"","header-below-stick-meta":"","astra-migrate-meta-layouts":"default","ast-page-background-enabled":"default","ast-page-background-meta":{"desktop":{"background-color":"var(--ast-global-color-4)","background-image":"","background-repeat":"repeat","background-position":"center center","background-size":"auto","background-attachment":"scroll","background-type":"","background-media":"","overlay-type":"","overlay-color":"","overlay-opacity":"","overlay-gradient":""},"tablet":{"background-color":"","background-image":"","background-repeat":"repeat","background-position":"center center","background-size":"auto","background-attachment":"scroll","background-type":"","background-media":"","overlay-type":"","overlay-color":"","overlay-opacity":"","overlay-gradient":""},"mobile":{"background-color":"","background-image":"","background-repeat":"repeat","background-position":"center center","background-size":"auto","background-attachment":"scroll","background-type":"","background-media":"","overlay-type":"","overlay-color":"","overlay-opacity":"","overlay-gradient":""}},"ast-content-background-meta":{"desktop":{"background-color":"var(--ast-global-color-5)","background-image":"","background-repeat":"repeat","background-position":"center center","background-size":"auto","background-attachment":"scroll","background-type":"","background-media":"","overlay-type":"","overlay-color":"","overlay-opacity":"","overlay-gradient":""},"tablet":{"background-color":"var(--ast-global-color-5)","background-image":"","background-repeat":"repeat","background-position":"center center","background-size":"auto","background-attachment":"scroll","background-type":"","background-media":"","overlay-type":"","overlay-color":"","overlay-opacity":"","overlay-gradient":""},"mobile":{"background-color":"var(--ast-global-color-5)","background-image":"","background-repeat":"repeat","background-position":"center center","background-size":"auto","background-attachment":"scroll","background-type":"","background-media":"","overlay-type":"","overlay-color":"","overlay-opacity":"","overlay-gradient":""}},"footnotes":""},"categories":[16],"tags":[],"class_list":["post-768","post","type-post","status-publish","format-standard","has-post-thumbnail","hentry","category-archives-cms"],"_links":{"self":[{"href":"https:\/\/lavoiedessansvoix.fr\/lavoie\/wp-json\/wp\/v2\/posts\/768","targetHints":{"allow":["GET"]}}],"collection":[{"href":"https:\/\/lavoiedessansvoix.fr\/lavoie\/wp-json\/wp\/v2\/posts"}],"about":[{"href":"https:\/\/lavoiedessansvoix.fr\/lavoie\/wp-json\/wp\/v2\/types\/post"}],"author":[{"embeddable":true,"href":"https:\/\/lavoiedessansvoix.fr\/lavoie\/wp-json\/wp\/v2\/users\/1"}],"replies":[{"embeddable":true,"href":"https:\/\/lavoiedessansvoix.fr\/lavoie\/wp-json\/wp\/v2\/comments?post=768"}],"version-history":[{"count":1,"href":"https:\/\/lavoiedessansvoix.fr\/lavoie\/wp-json\/wp\/v2\/posts\/768\/revisions"}],"predecessor-version":[{"id":3555,"href":"https:\/\/lavoiedessansvoix.fr\/lavoie\/wp-json\/wp\/v2\/posts\/768\/revisions\/3555"}],"wp:featuredmedia":[{"embeddable":true,"href":"https:\/\/lavoiedessansvoix.fr\/lavoie\/wp-json\/wp\/v2\/media\/4353"}],"wp:attachment":[{"href":"https:\/\/lavoiedessansvoix.fr\/lavoie\/wp-json\/wp\/v2\/media?parent=768"}],"wp:term":[{"taxonomy":"category","embeddable":true,"href":"https:\/\/lavoiedessansvoix.fr\/lavoie\/wp-json\/wp\/v2\/categories?post=768"},{"taxonomy":"post_tag","embeddable":true,"href":"https:\/\/lavoiedessansvoix.fr\/lavoie\/wp-json\/wp\/v2\/tags?post=768"}],"curies":[{"name":"wp","href":"https:\/\/api.w.org\/{rel}","templated":true}]}}