{"id":767,"date":"2018-06-11T02:28:00","date_gmt":"2018-06-11T00:28:00","guid":{"rendered":"https:\/\/lavoiedessansvoix.fr\/lavoie\/2018\/06\/11\/archive-macron-destitution\/"},"modified":"2026-04-26T21:21:53","modified_gmt":"2026-04-26T19:21:53","slug":"archive-macron-destitution","status":"publish","type":"post","link":"https:\/\/lavoiedessansvoix.fr\/lavoie\/2018\/06\/11\/archive-macron-destitution\/","title":{"rendered":"MACRON DESTITUTION !"},"content":{"rendered":"<p>MACRON DESTITUTION !   Nous avons bien entendu vot\u00e9 des deux mains au sondage paru sur \u00ab Mesopinions.com \u00bb pour exiger \u00ab la d\u00e9mission ou la destitution d\u2019Emmanuel Macron \u00bb, et avons post\u00e9 l&rsquo;article ci-dessous en commentaire de notre signature. N\u2019avions-nous pas \u00e9mise, d\u00e8s \u00ab son \u00e9lection \u00bb acquise, l\u2019id\u00e9e que celle-ci, \u00e9tait \u00ab usurp\u00e9e, et qu\u2019il convenait d\u2019en contester la l\u00e9gitimit\u00e9 ? Depuis, Fran\u00e7ois Hollande qui b\u00e9n\u00e9ficie d\u2019une grande expertise sur le sujet, puisqu\u2019il en a \u00e9t\u00e9 le maitre d\u2019\u0153uvres, a lui-m\u00eame admis qu\u2019il s\u2019agissait d\u2019une \u00ab \u00e9lection par effraction \u00bb. Aussi publions nous en annexes \u00e0 l\u2019article ci-dessous Deux articles pr\u00e9c\u00e9dents parus dans nos pages : \u00ab MAIS QU\u2019ATTENDS-T-ON POUR LE FICHE DEHORS, \u00ab \u00ab BORDEL ! \u00bb (6\/10\/2017) et \u00ab IMPEACHMENT \u00bb MACRON D\u00c9GAGE ! \u00bb (13\/9\/2017)  *   Le m\u00e9contentement est profond, quasi g\u00e9n\u00e9ral. \u00ab La \u00bb, ou \u00ab les \u00bb grognes s\u2019expriment dans tous les secteurs de la soci\u00e9t\u00e9. : \u00c9tudiants, cheminots, personnels d\u2019Air France, Avocats, agriculteurs, retrait\u00e9s, automobilistes, fonctionnaires, personnels hospitaliers. On en parle, on r\u00eave,  de convergence des luttes. Elle ne se fait pas. Pourquoi ?  Parce qu\u2019il n\u2019y a pas, pour l\u2019heure, de revendication \u00ab unifiante \u00bb qui cimente le mouvement  Alors, du haut de la pyramide institutionnelle de la 5\u00e8me R\u00e9publique vermoulue, notre \u00ab Jupiter \u00bben culotte courte, se pavane, joue les gros bras, se prend pour plus malin qu\u2019il n\u2019est r\u00e9ellement, \u00e9dicte la loi, les contres r\u00e9formes antisociales, annule la d\u00e9mocratie et d\u00e9daigne les protestations. Se vante de venir \u00e0 bout de chacune de ces grognes s\u00e9par\u00e9ment.   Elle est l\u00e0 la revendication unificatrice  de la grogne sociale. Haro sur ce pouvoir de \u00ab monarchie \u00e9lective \u00bb, d\u00e9mission \u00bb ou s\u2019il s\u2019accroche, \u00ab destitution \u00bb d\u2019Emmanuel Macron. Le voil\u00e0 le mot d\u2019ordre de la convergence des luttes.  On quitte le terrain de la revendication professionnelle ou sociale il s\u2019agit l\u00e0 d\u2019une revendication politique, nous dirons certains \u00ab syndicalistes maison \u00bb effarouch\u00e9s, trop contents de prendre ce pr\u00e9texte pour quitter le navire de la contestation et s\u2019adonner \u00e0 leurs petites compromissions et \u00ab magouilles \u00bb habituelles. Mais telle est l\u2019imparable r\u00e9alit\u00e9, toute revendication unificatrice parce qu\u2019elle f\u00e9d\u00e8re les mouvements \u00e0 l\u2019\u00e9chelle de la soci\u00e9t\u00e9 toute enti\u00e8re rev\u00eat un caract\u00e8re politique obligatoire.  Ceux qui la refuse \u00e0 ce pr\u00e9texte sont ceux qui pr\u00e9f\u00e8rent perdre en d\u00e9tail, chacun dans son coin, plut\u00f4t que gagner \u00ab TOUS ENSEMBLE \u00bb.  Patrick Seignon. \u00ab lavoiedessansvoix.fr \u00bb. Lundi 11 juin 2018.MAIS QU\u2019ATTENDS-T-ON POUR LE FICHE DEHORS, \u00ab BORDEL \u00bb ?   Sarkozy avec des allures de marchand de vestes du carreau du temple, s\u2019\u00e9tait signal\u00e9 par sa brutalit\u00e9 et son ignominie langagi\u00e8re dont on a retenu entre autre les m\u00e9morables sorties du \u00ab lkarcher de la Courneuve \u00bb et le \u00ab casses toi pauvre con \u00bb du salon de l\u2019agriculture 2008.Avec des allures polic\u00e9es de fils \u00e0 papa, Macron ne s\u2019en l\u00e2che pas moins trop souvent. Nous ne ferons pas ici la liste exhaustives de toutes les saillies contestables qu\u2019il s\u2019est autoris\u00e9 depuis son apparition sur la sc\u00e8ne publiques. Nous nous limiterons \u00e0 rappeler qu\u2019il y a quelques jours seulement il qualifiait de fain\u00e9ants ceux qui travaillent et lui servent son caviar st ses dividendes. Et apoth\u00e9ose avant-hier, plus ignoble que \u00ab Sarko \u00bb au salon de l\u2019agriculture, voil\u00e0 qu\u2019il se pait de mots orduriers pour parler de ceux qui angoissent et se battent pour leur \u00e0 venir.Cet homme-l\u00e0 se disqualifie et insulte la fonction pr\u00e9sidentielle.Cet homme-l\u00e0 sue la r\u00e9action sociale et la haine de classe par tous les pores de sa peau. Cet homme-l\u00e0 il faut le virer de la fonction usurp\u00e9e qu\u2019il occupe.Nous l\u2019avons dit depuis le d\u00e9but, Emmanuel Macron n\u2019est pas le Pr\u00e9sident \u00e9lu de tous les Fran\u00e7ais. Tout au plus est-il le fond\u00e9 de pouvoir des plus riches, coopt\u00e9 \u00e0 la t\u00eate de l\u2019\u00e9tat \u00e0 force de moyens litigieux qui ont bafou\u00e9 le suffrage universel. Il n\u2019y a pas de dialogue, composition ou n\u00e9gociation \u00e0 avoir avec cet usurpateur, qui reviendrait \u00e0 lui reconnaitre une l\u00e9gitimit\u00e9 qu\u2019il n\u2019a pas. C\u2019est cette l\u00e9gitimit\u00e9 pr\u00e9tendue qu\u2019il faut au contraire contester et \u00e0 raison de quoi il faut se mobiliser pour le fiche dehors de la responsabilit\u00e9 pr\u00e9sidentielle, lui son gouvernement et toutes ses contre r\u00e9formes antisociales.La question est la suivante. Doit-on rev\u00eatir le costume cravate d\u2019une opposition rang\u00e9e qui pr\u00e9pare l\u2019\u00e9mergence d\u2019un nouveau Pr\u00e9sidentiable en vue d\u2019une nouvelle \u00ab alternance \u00bb dans cinq ans ? C\u2019est \u00e0 dire le \u00ab formatage \u00bb d\u2019un homme qui aura donn\u00e9 aux riches, qui tiennent les leviers, tous les gages de bonne conduite afin qu\u2019une fois encore \u00ab tout change pour que rien ne change \u00bb. Ou bien doit-on \u00eatre une opposition refondatrice qui renverse la table et les institutions de cette 5\u00e8me R\u00e9publique naus\u00e9abonde ? Et tant pis si cela n\u00e9cessite de \u00ab foutre un peu le bordel \u00bb.Patrick Seignon. \u00ab lavoiedessansvoix.fr \u00bb. Vendredi 6 octobre 2017.  \u00ab IMPEACHMENT \u00bb ? MACRON D\u00c9GAGE ! \u00bb   Serait-il l\u2019\u00e9lu sans ombre \u00ab de la nation \u00bb, que nous contesterions tout de m\u00eame la l\u00e9gitimit\u00e9 du Pr\u00e9sident de la R\u00e9publique. A la raison que l\u2019\u00e9lection d\u2019un homme seul au suffrage universel qui consiste \u00e0 l\u2019extorsion de la souverainet\u00e9 populaire par un monarque \u00e9lectif est un d\u00e9ni de d\u00e9mocratie.  Or, Emmanuel Macron n\u2019est pas m\u00eame l\u2019\u00e9lu incontestable du suffrage universel. Sa \u00ab d\u00e9signation \u00bb au poste de Chef de l\u2019Etat n\u2019est pas le r\u00e9sultat de la volont\u00e9 populaire, m\u00eame abus\u00e9e, mais celui d\u2019une ruse, d\u2019une parodie d\u2019\u00e9lection, d\u2019une manipulation \u00e9hont\u00e9e, d\u2019un \u00ab complot \u00bb ourdit par les plus hautes autorit\u00e9s de l\u2019Etat sous la direction de Fran\u00e7ois Hollande. Emmanuel Macron n\u2019est pas l\u2019\u00e9lu l\u00e9gitime du peuple mais \u00ab le commis des banques \u00bb qui a \u00e9t\u00e9 impos\u00e9 \u00e0 celui-ci. Foin d\u2019\u00eatre le Pr\u00e9sident de tous les Fran\u00e7ais, il n\u2019en est pas m\u00eame \u00ab le monarque \u00e9lectif \u00bb que fonde le suffrage universel, il n\u2019est qu\u2019un \u00ab dictateur \u00bb mandat\u00e9 par les hautes sph\u00e8res de la finance internationale avec l\u2019aval et le soutien de tous les ennemis du peuple laborieux .  Ce gouvernement est un gouvernement de \u00ab classe contre classe \u00bb, l\u2019expression de la pire r\u00e9action sociale. La Haine de classe qu\u2019il v\u00e9hicule transpire dans les propos injurieux du chef de l\u2019\u00c9tat, qui s\u2019autorise \u00e0 qualifier de \u00ab fain\u00e9ants \u00bb ceux pr\u00e9cis\u00e9ment qui travaillent, qui fabriquent son pain, et par leur labeur g\u00e9n\u00e8rent les dividendes que lui et ses semblables \u00ab les oisifs \u00bb ne font que s\u2019arroger et se partager.  \u00abL\u2019impeachment \u00bb ! Voil\u00e0 ce qu\u2019il faut pour arr\u00eater \u00ab la marche \u00bb de la machine \u00e0 nuire macronnienne. Il faut \u00e9conduire sans tarder cet homme de la fonction pr\u00e9sidentielle qu\u2019il a usurp\u00e9e. L\u2019expulser par la petite porte de derri\u00e8re l\u2019Elys\u00e9e, rue Saint-Honor\u00e9.  La constitution fran\u00e7aise ne poss\u00e8de pas comme celle des \u00c9tats-Unis de clause \u00ab d\u2019impeachment \u00bb mais qu\u2019importe. En disposerait-elle que tous les ennemis des classes laborieuses coalis\u00e9s feraient front et se serreraient autour pour d\u00e9fendre la \u00ab fonction pr\u00e9sidentielle \u00bb, la d\u00e9pouille souill\u00e9e de leur 5\u00e8me R\u00e9publique et surtout la politique d\u2019agression contre les classes laborieuses qu\u2019ils partagent tous pleinement, depuis Vauquiez et Fillon jusqu\u2019\u00e0 S\u00e9gol\u00e8ne et Fran\u00e7ois en passant par Sarko et Jupp\u00e9. Non, ce n\u2019est pas de ce genre \u00ab d\u2019impeachment \u00bb l\u00e0 \u00e0 l\u2019anglo-am\u00e9ricaine dont nous voulons parler mais de celui, \u00e0 la fran\u00e7aise, que d\u00e9cr\u00e8te le peuple insurg\u00e9 par la gr\u00e8ve et la manifestation, et qu\u2019en notre idiome l\u2019on nomme \u00ab emp\u00eachement \u00bb, ou plus prosa\u00efquement encore : \u00ab Macron d\u00e9gage ! \u00bb  Patrick Seignon. \u00ab lavoiedessansvoie.fr \u00bb Mercredi 13 septembre 2017.<\/p>\n","protected":false},"excerpt":{"rendered":"<p>MACRON DESTITUTION ! Nous avons bien entendu vot\u00e9 des deux mains au sondage paru sur \u00ab Mesopinions.com \u00bb pour exiger [&hellip;]<\/p>\n","protected":false},"author":1,"featured_media":4352,"comment_status":"open","ping_status":"open","sticky":false,"template":"","format":"standard","meta":{"sfsi_plus_gutenberg_text_before_share":"","sfsi_plus_gutenberg_show_text_before_share":"","sfsi_plus_gutenberg_icon_type":"","sfsi_plus_gutenberg_icon_alignemt":"","sfsi_plus_gutenburg_max_per_row":"","site-sidebar-layout":"default","site-content-layout":"","ast-site-content-layout":"default","site-content-style":"default","site-sidebar-style":"default","ast-global-header-display":"","ast-banner-title-visibility":"","ast-main-header-display":"","ast-hfb-above-header-display":"","ast-hfb-below-header-display":"","ast-hfb-mobile-header-display":"","site-post-title":"","ast-breadcrumbs-content":"","ast-featured-img":"","footer-sml-layout":"","ast-disable-related-posts":"","theme-transparent-header-meta":"","adv-header-id-meta":"","stick-header-meta":"","header-above-stick-meta":"","header-main-stick-meta":"","header-below-stick-meta":"","astra-migrate-meta-layouts":"default","ast-page-background-enabled":"default","ast-page-background-meta":{"desktop":{"background-color":"var(--ast-global-color-4)","background-image":"","background-repeat":"repeat","background-position":"center center","background-size":"auto","background-attachment":"scroll","background-type":"","background-media":"","overlay-type":"","overlay-color":"","overlay-opacity":"","overlay-gradient":""},"tablet":{"background-color":"","background-image":"","background-repeat":"repeat","background-position":"center center","background-size":"auto","background-attachment":"scroll","background-type":"","background-media":"","overlay-type":"","overlay-color":"","overlay-opacity":"","overlay-gradient":""},"mobile":{"background-color":"","background-image":"","background-repeat":"repeat","background-position":"center center","background-size":"auto","background-attachment":"scroll","background-type":"","background-media":"","overlay-type":"","overlay-color":"","overlay-opacity":"","overlay-gradient":""}},"ast-content-background-meta":{"desktop":{"background-color":"var(--ast-global-color-5)","background-image":"","background-repeat":"repeat","background-position":"center center","background-size":"auto","background-attachment":"scroll","background-type":"","background-media":"","overlay-type":"","overlay-color":"","overlay-opacity":"","overlay-gradient":""},"tablet":{"background-color":"var(--ast-global-color-5)","background-image":"","background-repeat":"repeat","background-position":"center center","background-size":"auto","background-attachment":"scroll","background-type":"","background-media":"","overlay-type":"","overlay-color":"","overlay-opacity":"","overlay-gradient":""},"mobile":{"background-color":"var(--ast-global-color-5)","background-image":"","background-repeat":"repeat","background-position":"center center","background-size":"auto","background-attachment":"scroll","background-type":"","background-media":"","overlay-type":"","overlay-color":"","overlay-opacity":"","overlay-gradient":""}},"footnotes":""},"categories":[16],"tags":[],"class_list":["post-767","post","type-post","status-publish","format-standard","has-post-thumbnail","hentry","category-archives-cms"],"_links":{"self":[{"href":"https:\/\/lavoiedessansvoix.fr\/lavoie\/wp-json\/wp\/v2\/posts\/767","targetHints":{"allow":["GET"]}}],"collection":[{"href":"https:\/\/lavoiedessansvoix.fr\/lavoie\/wp-json\/wp\/v2\/posts"}],"about":[{"href":"https:\/\/lavoiedessansvoix.fr\/lavoie\/wp-json\/wp\/v2\/types\/post"}],"author":[{"embeddable":true,"href":"https:\/\/lavoiedessansvoix.fr\/lavoie\/wp-json\/wp\/v2\/users\/1"}],"replies":[{"embeddable":true,"href":"https:\/\/lavoiedessansvoix.fr\/lavoie\/wp-json\/wp\/v2\/comments?post=767"}],"version-history":[{"count":1,"href":"https:\/\/lavoiedessansvoix.fr\/lavoie\/wp-json\/wp\/v2\/posts\/767\/revisions"}],"predecessor-version":[{"id":3553,"href":"https:\/\/lavoiedessansvoix.fr\/lavoie\/wp-json\/wp\/v2\/posts\/767\/revisions\/3553"}],"wp:featuredmedia":[{"embeddable":true,"href":"https:\/\/lavoiedessansvoix.fr\/lavoie\/wp-json\/wp\/v2\/media\/4352"}],"wp:attachment":[{"href":"https:\/\/lavoiedessansvoix.fr\/lavoie\/wp-json\/wp\/v2\/media?parent=767"}],"wp:term":[{"taxonomy":"category","embeddable":true,"href":"https:\/\/lavoiedessansvoix.fr\/lavoie\/wp-json\/wp\/v2\/categories?post=767"},{"taxonomy":"post_tag","embeddable":true,"href":"https:\/\/lavoiedessansvoix.fr\/lavoie\/wp-json\/wp\/v2\/tags?post=767"}],"curies":[{"name":"wp","href":"https:\/\/api.w.org\/{rel}","templated":true}]}}