{"id":764,"date":"2018-06-20T07:19:00","date_gmt":"2018-06-20T05:19:00","guid":{"rendered":"https:\/\/lavoiedessansvoix.fr\/lavoie\/2018\/06\/20\/archive-un-messager-de-la-mort-sous-la-garde-de-la-bonne-mere\/"},"modified":"2026-04-26T21:21:26","modified_gmt":"2026-04-26T19:21:26","slug":"archive-un-messager-de-la-mort-sous-la-garde-de-la-bonne-mere","status":"publish","type":"post","link":"https:\/\/lavoiedessansvoix.fr\/lavoie\/2018\/06\/20\/archive-un-messager-de-la-mort-sous-la-garde-de-la-bonne-mere\/","title":{"rendered":"UN MESSAGER DE LA MORT SOUS LA GARDE DE \u00ab LA BONNE M\u00c8RE \u00bb ?"},"content":{"rendered":"<p>UN MESSAGER DE LA MORT SOUS LA GARDE DE \u00ab LA BONNE M\u00c8RE \u00bb ? L\u2019Am\u00e9rique nous envoi ce qu\u2019elle a de \u00ab meilleur \u00bb, le messager de la mort et de la destruction, sa base navale flottante \u00ab USS Harry S Truman \u00bb, qui viendra mouiller \u00e0 Marseille ce jeudi 21 juin.  L\u2019USS H S Truman \u00bb qui op\u00e8re en M\u00e9diterran\u00e9e depuis le d\u00e9but du mois de juin \u00e0 la t\u00eate d\u2019un groupe naval am\u00e9ricain est susceptible de prendre part bient\u00f4t \u00e0 des op\u00e9rations militaires massives contre la Syrie ou l\u2019Iran. Il viendra donc dans la cit\u00e9 phoc\u00e9enne demain pour recevoir, je suppose, la b\u00e9n\u00e9diction de notre \u00ab bonne m\u00e8re \u00bb, avant d\u2019aller r\u00e9pandre sa terreur en M\u00e9diterran\u00e9e orientale.  La b\u00e9n\u00e9diction de la bonne-m\u00e8re ?  Celle de la France agressive et de son \u00ab foudre de guerre \u00e9lys\u00e9en \u00bb en tout cas. Car vous l\u2019avez compris l\u2019escale marseillaise de ce fleuron de la puissance militaire des USA, n\u2019est pas qu\u2019une escale touristique ni une simple visite de courtoisie. Il s\u2019agit d\u2019un acte symbolique fort, pour marquer de mani\u00e8re ostentatoire, la solidarit\u00e9 sans faille de la France avec l\u2019action internationale de son alli\u00e9 am\u00e9ricain, par-del\u00e0 les petites tracasseries qui animent l\u2019actualit\u00e9 des relations \u00e9conomiques.  Patrick Seignon. \u00ab Lavoiedessansvoix.fr \u00bb. Mercredi 20 juin 2018.<\/p>\n","protected":false},"excerpt":{"rendered":"<p>UN MESSAGER DE LA MORT SOUS LA GARDE DE \u00ab LA BONNE M\u00c8RE \u00bb ? L\u2019Am\u00e9rique nous envoi ce qu\u2019elle [&hellip;]<\/p>\n","protected":false},"author":1,"featured_media":4349,"comment_status":"open","ping_status":"open","sticky":false,"template":"","format":"standard","meta":{"sfsi_plus_gutenberg_text_before_share":"","sfsi_plus_gutenberg_show_text_before_share":"","sfsi_plus_gutenberg_icon_type":"","sfsi_plus_gutenberg_icon_alignemt":"","sfsi_plus_gutenburg_max_per_row":"","site-sidebar-layout":"default","site-content-layout":"","ast-site-content-layout":"default","site-content-style":"default","site-sidebar-style":"default","ast-global-header-display":"","ast-banner-title-visibility":"","ast-main-header-display":"","ast-hfb-above-header-display":"","ast-hfb-below-header-display":"","ast-hfb-mobile-header-display":"","site-post-title":"","ast-breadcrumbs-content":"","ast-featured-img":"","footer-sml-layout":"","ast-disable-related-posts":"","theme-transparent-header-meta":"","adv-header-id-meta":"","stick-header-meta":"","header-above-stick-meta":"","header-main-stick-meta":"","header-below-stick-meta":"","astra-migrate-meta-layouts":"default","ast-page-background-enabled":"default","ast-page-background-meta":{"desktop":{"background-color":"var(--ast-global-color-4)","background-image":"","background-repeat":"repeat","background-position":"center center","background-size":"auto","background-attachment":"scroll","background-type":"","background-media":"","overlay-type":"","overlay-color":"","overlay-opacity":"","overlay-gradient":""},"tablet":{"background-color":"","background-image":"","background-repeat":"repeat","background-position":"center center","background-size":"auto","background-attachment":"scroll","background-type":"","background-media":"","overlay-type":"","overlay-color":"","overlay-opacity":"","overlay-gradient":""},"mobile":{"background-color":"","background-image":"","background-repeat":"repeat","background-position":"center center","background-size":"auto","background-attachment":"scroll","background-type":"","background-media":"","overlay-type":"","overlay-color":"","overlay-opacity":"","overlay-gradient":""}},"ast-content-background-meta":{"desktop":{"background-color":"var(--ast-global-color-5)","background-image":"","background-repeat":"repeat","background-position":"center center","background-size":"auto","background-attachment":"scroll","background-type":"","background-media":"","overlay-type":"","overlay-color":"","overlay-opacity":"","overlay-gradient":""},"tablet":{"background-color":"var(--ast-global-color-5)","background-image":"","background-repeat":"repeat","background-position":"center center","background-size":"auto","background-attachment":"scroll","background-type":"","background-media":"","overlay-type":"","overlay-color":"","overlay-opacity":"","overlay-gradient":""},"mobile":{"background-color":"var(--ast-global-color-5)","background-image":"","background-repeat":"repeat","background-position":"center center","background-size":"auto","background-attachment":"scroll","background-type":"","background-media":"","overlay-type":"","overlay-color":"","overlay-opacity":"","overlay-gradient":""}},"footnotes":""},"categories":[16],"tags":[],"class_list":["post-764","post","type-post","status-publish","format-standard","has-post-thumbnail","hentry","category-archives-cms"],"_links":{"self":[{"href":"https:\/\/lavoiedessansvoix.fr\/lavoie\/wp-json\/wp\/v2\/posts\/764","targetHints":{"allow":["GET"]}}],"collection":[{"href":"https:\/\/lavoiedessansvoix.fr\/lavoie\/wp-json\/wp\/v2\/posts"}],"about":[{"href":"https:\/\/lavoiedessansvoix.fr\/lavoie\/wp-json\/wp\/v2\/types\/post"}],"author":[{"embeddable":true,"href":"https:\/\/lavoiedessansvoix.fr\/lavoie\/wp-json\/wp\/v2\/users\/1"}],"replies":[{"embeddable":true,"href":"https:\/\/lavoiedessansvoix.fr\/lavoie\/wp-json\/wp\/v2\/comments?post=764"}],"version-history":[{"count":1,"href":"https:\/\/lavoiedessansvoix.fr\/lavoie\/wp-json\/wp\/v2\/posts\/764\/revisions"}],"predecessor-version":[{"id":3547,"href":"https:\/\/lavoiedessansvoix.fr\/lavoie\/wp-json\/wp\/v2\/posts\/764\/revisions\/3547"}],"wp:featuredmedia":[{"embeddable":true,"href":"https:\/\/lavoiedessansvoix.fr\/lavoie\/wp-json\/wp\/v2\/media\/4349"}],"wp:attachment":[{"href":"https:\/\/lavoiedessansvoix.fr\/lavoie\/wp-json\/wp\/v2\/media?parent=764"}],"wp:term":[{"taxonomy":"category","embeddable":true,"href":"https:\/\/lavoiedessansvoix.fr\/lavoie\/wp-json\/wp\/v2\/categories?post=764"},{"taxonomy":"post_tag","embeddable":true,"href":"https:\/\/lavoiedessansvoix.fr\/lavoie\/wp-json\/wp\/v2\/tags?post=764"}],"curies":[{"name":"wp","href":"https:\/\/api.w.org\/{rel}","templated":true}]}}