{"id":763,"date":"2018-07-14T02:09:00","date_gmt":"2018-07-14T00:09:00","guid":{"rendered":"https:\/\/lavoiedessansvoix.fr\/lavoie\/2018\/07\/14\/archive-la-france-qui-perd-gagne\/"},"modified":"2026-04-26T21:21:17","modified_gmt":"2026-04-26T19:21:17","slug":"archive-la-france-qui-perd-gagne","status":"publish","type":"post","link":"https:\/\/lavoiedessansvoix.fr\/lavoie\/2018\/07\/14\/archive-la-france-qui-perd-gagne\/","title":{"rendered":"LA FRANCE QUI PERD GAGNE"},"content":{"rendered":"<p>LA FRANCE QUI PERD GAGNE   Voil\u00e0 donc l\u2019\u00e9quipe nationale de football de la France qualifi\u00e9e pour disputer la finale du Mondial.  Ceux qui ont regard\u00e9 le match de demi-finale contre l\u2019\u00e9quipe belge ont pu d\u00e9j\u00e0 constater la volont\u00e9 politique opportuniste du \u00ab Prince \u00bb de r\u00e9cup\u00e9rer \u00e0 son profit l\u2019engouement ressuscit\u00e9 d\u2019une grande partie des Fran\u00e7ais pour leur \u00e9quipe nationale. A d\u00e9faut pour l\u2019instant de la couronne imp\u00e9riale, il voudrait bien, lui qui n\u2019y est pour rien, se couvrir la t\u00eate avec les lauriers d\u2019une possible victoire. \u00ab La France qui gagne \u00bb Cette antienne idiote nous a d\u00e9j\u00e0 \u00e9t\u00e9 d\u00e9bit\u00e9e en 1998 ; il se verrait bien nous resservir la m\u00eame en 2018.  \u00ab La France qui gagne \u00bb ? Tu parles.   Elle perd sur tous les tableaux la France populaire. Avec l\u2019\u00e9lection \u00ab par effraction \u00bb d\u2019Emmanuel Macron elle a perdu ce qui lui restait de dignit\u00e9 d\u00e9mocratique D\u00e8s lors le Pr\u00e9sident des Fran\u00e7ais, \u00e0 l\u2019instar de ceux de n\u2019importe quelle autre R\u00e9publique banani\u00e8re est choisi au sommet et impos\u00e9 aux peuple par des man\u0153uvres douteuses \u00e0 la faveur d\u2019une mascarade \u00e9lectorale. Elle a perdu son code du travail r\u00e9sultat d\u2019un si\u00e8cle et demi de luttes sociales, Elle perd ses emplois et son agriculture et ses derniers agriculteurs qui se suicident. Elle perd chaque jour un peu plus de pouvoir d\u2019achat (chute des salaires et des pensions) augmentation de la CSG, des carburants des tarifs du gaz + 7,45 % cet \u00e9t\u00e9. Elle se fait gruger de mille fa\u00e7ons et par tous les bouts. Elle perd ses biens nationaux brad\u00e9s \u00e0 des entreprises priv\u00e9es, elle vent \u00e0 l\u2019encan les pouvoirs r\u00e9galiens de l\u2019Etat, elle perd son \u00ab mod\u00e8le \u00bb social et son service de sant\u00e9. Elle a perdu son ind\u00e9pendance politique en se soumettant \u00e0 la suzerainet\u00e9 des Etats-Unis. Elle a perdu son honneur en se rendant complice des crimes de l\u2019imp\u00e9rialisme am\u00e9ricain contre plusieurs nations arabes (Libye, Syrie).   Elle souffre, elle g\u00e9mit et elle peste la France populaire contre les \u00ab\u00a0gav\u00e9s\u00a0\u00bb qui la gouverne.  Et c\u2019est \u00e0 cette France qui perd sa sueur son sang et sa substance, qu\u2019ils veulent faire crier \u00e0 l\u2019unisson \u00ab on a gagn\u00e9 \u00bb ?  L\u2019\u00e9quipe nationale fran\u00e7aise de football gagnera peut \u00eatre demain dimanche, la coupe du monde de football 2018, les fans et supporters y auront gagn\u00e9 alors sans nul doute un moment de bonheur, tant mieux pour eux, nous le leur souhaitons. L\u2019\u00e9quipe nationale de football aura peut-\u00eatre gagn\u00e9 mais la France d\u2019en bas celle qui souffre et qui geint, n\u2019aura rien gagn\u00e9 du tout, elle aura continu\u00e9 \u00e0 perdre.  Alors si l\u2019\u00e9quipe de France gagne la coupe du monde, nous ne rechignerions pas \u00e0 nous en r\u00e9jouir avec nos compatriotes. Nous consentirions m\u00eame \u00e0 hurler de joie avec eux : \u00ab ils ont gagn\u00e9 ! Ils ont gagn\u00e9 ! \u00bb   \u00ab Ils \u00bb ont, mais pas \u00ab Nous \u00bb  Nous ne sommes pas \u00ab la France qui gagne \u00bb,  nous sommes la France qui perd. Mais attention, pas pour toujours. La roue de l\u2019Histoire tourne, elle finira bien par resservir au peuple la bonne donne, celle de la r\u00e9volte et de la r\u00e9volution.  \u00ab Oui mais sa branle dans le manche, les mauvais jours finiront \u00bb*  Patrick Seignon. \u00ab lavoiedessansvoix.fr \u00bb. Samedi 14 juillet 2018.  *Extrait de la chanson de lutte \u00ab La semaine sanglante \u00bb en souvenir de la Commune de Paris.<\/p>\n","protected":false},"excerpt":{"rendered":"<p>LA FRANCE QUI PERD GAGNE Voil\u00e0 donc l\u2019\u00e9quipe nationale de football de la France qualifi\u00e9e pour disputer la finale du [&hellip;]<\/p>\n","protected":false},"author":1,"featured_media":4348,"comment_status":"open","ping_status":"open","sticky":false,"template":"","format":"standard","meta":{"sfsi_plus_gutenberg_text_before_share":"","sfsi_plus_gutenberg_show_text_before_share":"","sfsi_plus_gutenberg_icon_type":"","sfsi_plus_gutenberg_icon_alignemt":"","sfsi_plus_gutenburg_max_per_row":"","site-sidebar-layout":"default","site-content-layout":"","ast-site-content-layout":"default","site-content-style":"default","site-sidebar-style":"default","ast-global-header-display":"","ast-banner-title-visibility":"","ast-main-header-display":"","ast-hfb-above-header-display":"","ast-hfb-below-header-display":"","ast-hfb-mobile-header-display":"","site-post-title":"","ast-breadcrumbs-content":"","ast-featured-img":"","footer-sml-layout":"","ast-disable-related-posts":"","theme-transparent-header-meta":"","adv-header-id-meta":"","stick-header-meta":"","header-above-stick-meta":"","header-main-stick-meta":"","header-below-stick-meta":"","astra-migrate-meta-layouts":"default","ast-page-background-enabled":"default","ast-page-background-meta":{"desktop":{"background-color":"var(--ast-global-color-4)","background-image":"","background-repeat":"repeat","background-position":"center center","background-size":"auto","background-attachment":"scroll","background-type":"","background-media":"","overlay-type":"","overlay-color":"","overlay-opacity":"","overlay-gradient":""},"tablet":{"background-color":"","background-image":"","background-repeat":"repeat","background-position":"center center","background-size":"auto","background-attachment":"scroll","background-type":"","background-media":"","overlay-type":"","overlay-color":"","overlay-opacity":"","overlay-gradient":""},"mobile":{"background-color":"","background-image":"","background-repeat":"repeat","background-position":"center center","background-size":"auto","background-attachment":"scroll","background-type":"","background-media":"","overlay-type":"","overlay-color":"","overlay-opacity":"","overlay-gradient":""}},"ast-content-background-meta":{"desktop":{"background-color":"var(--ast-global-color-5)","background-image":"","background-repeat":"repeat","background-position":"center center","background-size":"auto","background-attachment":"scroll","background-type":"","background-media":"","overlay-type":"","overlay-color":"","overlay-opacity":"","overlay-gradient":""},"tablet":{"background-color":"var(--ast-global-color-5)","background-image":"","background-repeat":"repeat","background-position":"center center","background-size":"auto","background-attachment":"scroll","background-type":"","background-media":"","overlay-type":"","overlay-color":"","overlay-opacity":"","overlay-gradient":""},"mobile":{"background-color":"var(--ast-global-color-5)","background-image":"","background-repeat":"repeat","background-position":"center center","background-size":"auto","background-attachment":"scroll","background-type":"","background-media":"","overlay-type":"","overlay-color":"","overlay-opacity":"","overlay-gradient":""}},"footnotes":""},"categories":[16],"tags":[],"class_list":["post-763","post","type-post","status-publish","format-standard","has-post-thumbnail","hentry","category-archives-cms"],"_links":{"self":[{"href":"https:\/\/lavoiedessansvoix.fr\/lavoie\/wp-json\/wp\/v2\/posts\/763","targetHints":{"allow":["GET"]}}],"collection":[{"href":"https:\/\/lavoiedessansvoix.fr\/lavoie\/wp-json\/wp\/v2\/posts"}],"about":[{"href":"https:\/\/lavoiedessansvoix.fr\/lavoie\/wp-json\/wp\/v2\/types\/post"}],"author":[{"embeddable":true,"href":"https:\/\/lavoiedessansvoix.fr\/lavoie\/wp-json\/wp\/v2\/users\/1"}],"replies":[{"embeddable":true,"href":"https:\/\/lavoiedessansvoix.fr\/lavoie\/wp-json\/wp\/v2\/comments?post=763"}],"version-history":[{"count":1,"href":"https:\/\/lavoiedessansvoix.fr\/lavoie\/wp-json\/wp\/v2\/posts\/763\/revisions"}],"predecessor-version":[{"id":3545,"href":"https:\/\/lavoiedessansvoix.fr\/lavoie\/wp-json\/wp\/v2\/posts\/763\/revisions\/3545"}],"wp:featuredmedia":[{"embeddable":true,"href":"https:\/\/lavoiedessansvoix.fr\/lavoie\/wp-json\/wp\/v2\/media\/4348"}],"wp:attachment":[{"href":"https:\/\/lavoiedessansvoix.fr\/lavoie\/wp-json\/wp\/v2\/media?parent=763"}],"wp:term":[{"taxonomy":"category","embeddable":true,"href":"https:\/\/lavoiedessansvoix.fr\/lavoie\/wp-json\/wp\/v2\/categories?post=763"},{"taxonomy":"post_tag","embeddable":true,"href":"https:\/\/lavoiedessansvoix.fr\/lavoie\/wp-json\/wp\/v2\/tags?post=763"}],"curies":[{"name":"wp","href":"https:\/\/api.w.org\/{rel}","templated":true}]}}