{"id":760,"date":"2018-07-23T00:44:00","date_gmt":"2018-07-22T22:44:00","guid":{"rendered":"https:\/\/lavoiedessansvoix.fr\/lavoie\/2018\/07\/23\/archive-affaire-benalla-c-est-deja-l-affaire-macron\/"},"modified":"2026-04-26T21:20:51","modified_gmt":"2026-04-26T19:20:51","slug":"archive-affaire-benalla-c-est-deja-l-affaire-macron","status":"publish","type":"post","link":"https:\/\/lavoiedessansvoix.fr\/lavoie\/2018\/07\/23\/archive-affaire-benalla-c-est-deja-l-affaire-macron\/","title":{"rendered":"AFFAIRE BENALLA, C\u2019EST D\u00c9J\u00c0 L\u2019AFFAIRE MACRON"},"content":{"rendered":"<p>AFFAIRE BENALLA, C\u2019EST D\u00c9J\u00c0 L\u2019AFFAIRE MACRON   Marine Le Pen a dit que si \u00ab Manu \u00bb se murait dans le silence l\u2019affaire Benalla deviendrait \u00ab l\u2019affaire Macron \u00bb.  L\u2019homme qui ne respecte pas la fonction pr\u00e9sidentielle mais qui voudrait que l\u2019on respecte le pr\u00e9sident qu\u2019il est devenu \u00ab par effraction \u00bb, a tent\u00e9 hier une timide sortie du silence.  Mais c\u2019est d\u00e9j\u00e0 trop tard. Dans l\u2019intervalle il y a eu de nouvelles r\u00e9v\u00e9lation et en particulier celle de la d\u00e9tention d\u2019un badge officiel donnant \u00e0 Alexandre Benalla libre acc\u00e8s \u00e0 l\u2019h\u00e9micycle de l\u2019Assembl\u00e9e Nationale. Or la loi interdit un tel acc\u00e8s au Pr\u00e9sident de la R\u00e9publique sauf s\u2019il y est requis par les d\u00e9put\u00e9s. C&rsquo;est la derni\u00e8re pr\u00e9rogative du Parlement qui fait que notre R\u00e9publique n\u2019est pas encore tout \u00e0 fait une R\u00e9publique banani\u00e8re \u00e0 cent pour cent. Or, en accordant \u00e0 \u00ab son argus \u00bb la pr\u00e9rogative \u00e0 laquelle il ne peut pr\u00e9tendre lui-m\u00eame, Emmanuel Macron a contourn\u00e9 la loi de la R\u00e9publique et ainsi viol\u00e9 cet ultime privil\u00e8ge de \u00ab la repr\u00e9sentation Nationale \u00bb. C\u2019est une agression contre la R\u00e9publique et un crime contre l\u2019un des derniers dispositifs d\u00e9mocratique de nos institutions ?  Jean-Luc M\u00e9lenchon n\u2019\u00e9tait pas dans l\u2019exc\u00e8s quand il risquait une comparaison avec l\u2019affaire du \u00ab Watergate \u00bb qui avait contraint le Pr\u00e9sident des \u00c9tats-Unis \u00e0 la d\u00e9mission en 1974  L\u2019affaire Benalla est devenue l\u2019affaire Macron ! C\u2019est le Watergate de la France et de la V\u00e8me R\u00e9publique.  Patrick Seignon. \u00ab lavoiedessansvoix.fr \u00bb. Lundi 23 juillet 2018 ;<\/p>\n","protected":false},"excerpt":{"rendered":"<p>AFFAIRE BENALLA, C\u2019EST D\u00c9J\u00c0 L\u2019AFFAIRE MACRON Marine Le Pen a dit que si \u00ab Manu \u00bb se murait dans le [&hellip;]<\/p>\n","protected":false},"author":1,"featured_media":4345,"comment_status":"open","ping_status":"open","sticky":false,"template":"","format":"standard","meta":{"sfsi_plus_gutenberg_text_before_share":"","sfsi_plus_gutenberg_show_text_before_share":"","sfsi_plus_gutenberg_icon_type":"","sfsi_plus_gutenberg_icon_alignemt":"","sfsi_plus_gutenburg_max_per_row":"","site-sidebar-layout":"default","site-content-layout":"","ast-site-content-layout":"default","site-content-style":"default","site-sidebar-style":"default","ast-global-header-display":"","ast-banner-title-visibility":"","ast-main-header-display":"","ast-hfb-above-header-display":"","ast-hfb-below-header-display":"","ast-hfb-mobile-header-display":"","site-post-title":"","ast-breadcrumbs-content":"","ast-featured-img":"","footer-sml-layout":"","ast-disable-related-posts":"","theme-transparent-header-meta":"","adv-header-id-meta":"","stick-header-meta":"","header-above-stick-meta":"","header-main-stick-meta":"","header-below-stick-meta":"","astra-migrate-meta-layouts":"default","ast-page-background-enabled":"default","ast-page-background-meta":{"desktop":{"background-color":"var(--ast-global-color-4)","background-image":"","background-repeat":"repeat","background-position":"center center","background-size":"auto","background-attachment":"scroll","background-type":"","background-media":"","overlay-type":"","overlay-color":"","overlay-opacity":"","overlay-gradient":""},"tablet":{"background-color":"","background-image":"","background-repeat":"repeat","background-position":"center center","background-size":"auto","background-attachment":"scroll","background-type":"","background-media":"","overlay-type":"","overlay-color":"","overlay-opacity":"","overlay-gradient":""},"mobile":{"background-color":"","background-image":"","background-repeat":"repeat","background-position":"center center","background-size":"auto","background-attachment":"scroll","background-type":"","background-media":"","overlay-type":"","overlay-color":"","overlay-opacity":"","overlay-gradient":""}},"ast-content-background-meta":{"desktop":{"background-color":"var(--ast-global-color-5)","background-image":"","background-repeat":"repeat","background-position":"center center","background-size":"auto","background-attachment":"scroll","background-type":"","background-media":"","overlay-type":"","overlay-color":"","overlay-opacity":"","overlay-gradient":""},"tablet":{"background-color":"var(--ast-global-color-5)","background-image":"","background-repeat":"repeat","background-position":"center center","background-size":"auto","background-attachment":"scroll","background-type":"","background-media":"","overlay-type":"","overlay-color":"","overlay-opacity":"","overlay-gradient":""},"mobile":{"background-color":"var(--ast-global-color-5)","background-image":"","background-repeat":"repeat","background-position":"center center","background-size":"auto","background-attachment":"scroll","background-type":"","background-media":"","overlay-type":"","overlay-color":"","overlay-opacity":"","overlay-gradient":""}},"footnotes":""},"categories":[16],"tags":[],"class_list":["post-760","post","type-post","status-publish","format-standard","has-post-thumbnail","hentry","category-archives-cms"],"_links":{"self":[{"href":"https:\/\/lavoiedessansvoix.fr\/lavoie\/wp-json\/wp\/v2\/posts\/760","targetHints":{"allow":["GET"]}}],"collection":[{"href":"https:\/\/lavoiedessansvoix.fr\/lavoie\/wp-json\/wp\/v2\/posts"}],"about":[{"href":"https:\/\/lavoiedessansvoix.fr\/lavoie\/wp-json\/wp\/v2\/types\/post"}],"author":[{"embeddable":true,"href":"https:\/\/lavoiedessansvoix.fr\/lavoie\/wp-json\/wp\/v2\/users\/1"}],"replies":[{"embeddable":true,"href":"https:\/\/lavoiedessansvoix.fr\/lavoie\/wp-json\/wp\/v2\/comments?post=760"}],"version-history":[{"count":1,"href":"https:\/\/lavoiedessansvoix.fr\/lavoie\/wp-json\/wp\/v2\/posts\/760\/revisions"}],"predecessor-version":[{"id":3539,"href":"https:\/\/lavoiedessansvoix.fr\/lavoie\/wp-json\/wp\/v2\/posts\/760\/revisions\/3539"}],"wp:featuredmedia":[{"embeddable":true,"href":"https:\/\/lavoiedessansvoix.fr\/lavoie\/wp-json\/wp\/v2\/media\/4345"}],"wp:attachment":[{"href":"https:\/\/lavoiedessansvoix.fr\/lavoie\/wp-json\/wp\/v2\/media?parent=760"}],"wp:term":[{"taxonomy":"category","embeddable":true,"href":"https:\/\/lavoiedessansvoix.fr\/lavoie\/wp-json\/wp\/v2\/categories?post=760"},{"taxonomy":"post_tag","embeddable":true,"href":"https:\/\/lavoiedessansvoix.fr\/lavoie\/wp-json\/wp\/v2\/tags?post=760"}],"curies":[{"name":"wp","href":"https:\/\/api.w.org\/{rel}","templated":true}]}}