{"id":758,"date":"2018-08-29T06:14:00","date_gmt":"2018-08-29T04:14:00","guid":{"rendered":"https:\/\/lavoiedessansvoix.fr\/lavoie\/2018\/08\/29\/archive-chouette-hulot-demissionne\/"},"modified":"2026-04-26T21:20:28","modified_gmt":"2026-04-26T19:20:28","slug":"archive-chouette-hulot-demissionne","status":"publish","type":"post","link":"https:\/\/lavoiedessansvoix.fr\/lavoie\/2018\/08\/29\/archive-chouette-hulot-demissionne\/","title":{"rendered":"CHOUETTE ! HULOT D\u00c9MISSIONNE ?"},"content":{"rendered":"<p>CHOUETTE ! HULOT D\u00c9MISSIONNE ?Nicolas Hulot a d\u00e9missionn\u00e9 hier de son poste de ministre de l\u2019\u00e9cologie et du d\u00e9veloppement durable. Tient donc, enfin !  Mais qu\u2019a t-il donc attendu si longtemps pour s\u2019y r\u00e9soudre ?  Il y a une incompatibilit\u00e9 totale entre les pr\u00e9occupations \u00e9cologiste et le capitalisme lib\u00e9ral productiviste. La d\u00e9nomination m\u00eame du minist\u00e8re dont il \u00e9tait en charge, \u00ab de la transition \u00e9cologique et solidaire \u00bb,  est une arnaque dialectale. Il n\u2019y a aucune transition \u00e9cologique possible dans un mode de production fond\u00e9 sur la course aux profits et le pillage des peuples et de la plan\u00e8te. Toutes les mesures adopt\u00e9es r\u00e9cemment (pour ne pas parler de pr\u00e9c\u00e9demment) augmentation des taxes sur les carburants, durcissement des contr\u00f4le techniques, \u00e9cotaxes, primes \u00e0 la casse, etc., qui aboutisses \u00e0 la mise \u00e0 la ferraille anticip\u00e9 de milliers de v\u00e9hicules quasiment \u00ab neufs \u00bb sont en v\u00e9rit\u00e9 des mesures \u00ab productivistes \u00bb faites pour soutenir l\u2019industrie automobile. Elles s\u2019apparentent \u00e0 la destruction des stocks de marchandises  auxquelles donnaient lieu les crises de surproduction des d\u00e9buts de l\u2019\u00e8re capitaliste. Quant \u00e0 la \u00ab solidarit\u00e9 \u00bb par quel sophisme Nicolas Hulot pourrait-il justifier jamais qu\u2019il est all\u00e9 chercher \u00ab ce Graal \u00bb dans un gouvernement des banques mandat\u00e9 pour piller les droits sociaux du peuple ?   L\u2019\u00e9cologie, les louables pr\u00e9occupations \u00e9cologistes qui animent nombre de nos concitoyens, sont-elles compatibles avec \u00ab la guerre au peuple \u00bb ? Si l\u2019\u00e9cologie politique est une arme contre le peuple alors il est urgent et n\u00e9cessaire qu\u2019elle soit condamn\u00e9e par l\u2019Histoire.  Mais nous l\u2019avions \u00e9crit (\u00ab LA FAILLITE MORALE DE NICOLAS HULOT \u00bb 12 avril 2018) il n\u2019y a pas d\u2019\u00e9cologie politique. Les pr\u00e9occupations \u00e9cologistes sont louables, elles doivent \u00eatre int\u00e9gr\u00e9es \u00e0 un programme socialiste r\u00e9volutionnaire. Seule une subversion sociale fondamentale aboutissant \u00e0 un syst\u00e8me de production bas\u00e9 sur la satisfaction des besoins des populations et non la course au profit, peut permettre la prise en compte radicale du programme \u00e9cologiste. C\u2019est en se mettant au service du peuple et de cette subversion indispensable que les \u00e9cologistes v\u00e9ritables peuvent servir la cause qu\u2019ils d\u00e9fendent. Et non bien s\u00fbr en se salariant au service des De Rothschild et de leurs z\u00e9l\u00e9s Commis et r\u00e9gisseurs.  Nicolas Hulot a d\u00e9missionn\u00e9. Un peu tard. Il lui faudra beaucoup de temps de travail et de patience pour peaufiner \u00e0 l\u2019identique l\u2019image valorisante qui \u00e9tait la sienne dans l\u2019opinion avant son incursion dans les plates-bandes du pouvoir des ennemis des peuples.  Serait-ce tout de m\u00eame un bon point \u00e0 mettre \u00e0 son cr\u00e9dit ? C\u2019est \u00e0 la presse que l\u2019ex Ministre d\u2019\u00c9tat charg\u00e9 de la transition \u00e9cologique durable et solidaire \u00bb a faite l\u2019annonce de sa d\u00e9cision, sans dit-on en avoir pr\u00e9alablement inform\u00e9 le Pr\u00e9sident de la r\u00e9publique. Si cela est v\u00e9ritable, la seule signification que l\u2019on peut en d\u00e9duire c\u2019est sa volont\u00e9 de faire paraitre son inimit\u00e9 \u00e0 l\u2019\u00e9gard de celui-ci. Nicolas Hulot aurait-il \u00ab une dent \u00bb contre Emmanuel Macron ?  Patrick Seignon. \u00ab lavoiedessansvoix.fr \u00bb. Mercredi 29 ao\u00fbt 2018.<\/p>\n","protected":false},"excerpt":{"rendered":"<p>CHOUETTE ! HULOT D\u00c9MISSIONNE ?Nicolas Hulot a d\u00e9missionn\u00e9 hier de son poste de ministre de l\u2019\u00e9cologie et du d\u00e9veloppement durable. [&hellip;]<\/p>\n","protected":false},"author":1,"featured_media":4343,"comment_status":"open","ping_status":"open","sticky":false,"template":"","format":"standard","meta":{"sfsi_plus_gutenberg_text_before_share":"","sfsi_plus_gutenberg_show_text_before_share":"","sfsi_plus_gutenberg_icon_type":"","sfsi_plus_gutenberg_icon_alignemt":"","sfsi_plus_gutenburg_max_per_row":"","site-sidebar-layout":"default","site-content-layout":"","ast-site-content-layout":"default","site-content-style":"default","site-sidebar-style":"default","ast-global-header-display":"","ast-banner-title-visibility":"","ast-main-header-display":"","ast-hfb-above-header-display":"","ast-hfb-below-header-display":"","ast-hfb-mobile-header-display":"","site-post-title":"","ast-breadcrumbs-content":"","ast-featured-img":"","footer-sml-layout":"","ast-disable-related-posts":"","theme-transparent-header-meta":"","adv-header-id-meta":"","stick-header-meta":"","header-above-stick-meta":"","header-main-stick-meta":"","header-below-stick-meta":"","astra-migrate-meta-layouts":"default","ast-page-background-enabled":"default","ast-page-background-meta":{"desktop":{"background-color":"var(--ast-global-color-4)","background-image":"","background-repeat":"repeat","background-position":"center center","background-size":"auto","background-attachment":"scroll","background-type":"","background-media":"","overlay-type":"","overlay-color":"","overlay-opacity":"","overlay-gradient":""},"tablet":{"background-color":"","background-image":"","background-repeat":"repeat","background-position":"center center","background-size":"auto","background-attachment":"scroll","background-type":"","background-media":"","overlay-type":"","overlay-color":"","overlay-opacity":"","overlay-gradient":""},"mobile":{"background-color":"","background-image":"","background-repeat":"repeat","background-position":"center center","background-size":"auto","background-attachment":"scroll","background-type":"","background-media":"","overlay-type":"","overlay-color":"","overlay-opacity":"","overlay-gradient":""}},"ast-content-background-meta":{"desktop":{"background-color":"var(--ast-global-color-5)","background-image":"","background-repeat":"repeat","background-position":"center center","background-size":"auto","background-attachment":"scroll","background-type":"","background-media":"","overlay-type":"","overlay-color":"","overlay-opacity":"","overlay-gradient":""},"tablet":{"background-color":"var(--ast-global-color-5)","background-image":"","background-repeat":"repeat","background-position":"center center","background-size":"auto","background-attachment":"scroll","background-type":"","background-media":"","overlay-type":"","overlay-color":"","overlay-opacity":"","overlay-gradient":""},"mobile":{"background-color":"var(--ast-global-color-5)","background-image":"","background-repeat":"repeat","background-position":"center center","background-size":"auto","background-attachment":"scroll","background-type":"","background-media":"","overlay-type":"","overlay-color":"","overlay-opacity":"","overlay-gradient":""}},"footnotes":""},"categories":[16],"tags":[],"class_list":["post-758","post","type-post","status-publish","format-standard","has-post-thumbnail","hentry","category-archives-cms"],"_links":{"self":[{"href":"https:\/\/lavoiedessansvoix.fr\/lavoie\/wp-json\/wp\/v2\/posts\/758","targetHints":{"allow":["GET"]}}],"collection":[{"href":"https:\/\/lavoiedessansvoix.fr\/lavoie\/wp-json\/wp\/v2\/posts"}],"about":[{"href":"https:\/\/lavoiedessansvoix.fr\/lavoie\/wp-json\/wp\/v2\/types\/post"}],"author":[{"embeddable":true,"href":"https:\/\/lavoiedessansvoix.fr\/lavoie\/wp-json\/wp\/v2\/users\/1"}],"replies":[{"embeddable":true,"href":"https:\/\/lavoiedessansvoix.fr\/lavoie\/wp-json\/wp\/v2\/comments?post=758"}],"version-history":[{"count":1,"href":"https:\/\/lavoiedessansvoix.fr\/lavoie\/wp-json\/wp\/v2\/posts\/758\/revisions"}],"predecessor-version":[{"id":3535,"href":"https:\/\/lavoiedessansvoix.fr\/lavoie\/wp-json\/wp\/v2\/posts\/758\/revisions\/3535"}],"wp:featuredmedia":[{"embeddable":true,"href":"https:\/\/lavoiedessansvoix.fr\/lavoie\/wp-json\/wp\/v2\/media\/4343"}],"wp:attachment":[{"href":"https:\/\/lavoiedessansvoix.fr\/lavoie\/wp-json\/wp\/v2\/media?parent=758"}],"wp:term":[{"taxonomy":"category","embeddable":true,"href":"https:\/\/lavoiedessansvoix.fr\/lavoie\/wp-json\/wp\/v2\/categories?post=758"},{"taxonomy":"post_tag","embeddable":true,"href":"https:\/\/lavoiedessansvoix.fr\/lavoie\/wp-json\/wp\/v2\/tags?post=758"}],"curies":[{"name":"wp","href":"https:\/\/api.w.org\/{rel}","templated":true}]}}