{"id":754,"date":"2018-09-24T01:07:00","date_gmt":"2018-09-23T23:07:00","guid":{"rendered":"https:\/\/lavoiedessansvoix.fr\/lavoie\/2018\/09\/24\/archive-marianne-ils-sont-devenus-fous\/"},"modified":"2026-04-26T21:19:49","modified_gmt":"2026-04-26T19:19:49","slug":"archive-marianne-ils-sont-devenus-fous","status":"publish","type":"post","link":"https:\/\/lavoiedessansvoix.fr\/lavoie\/2018\/09\/24\/archive-marianne-ils-sont-devenus-fous\/","title":{"rendered":"MARIANNE !&#8230; ILS SONT DEVENUS FOUS"},"content":{"rendered":"<p>MARIANNE !\u2026 ILS SONT DEVENU FOUS   Je ne suis pas de ceux qui encensent l\u2019institution judiciaire, et je me garderai toujours de dire imprudemment que \u00ab je fais confiance \u00e0 la justice de mon pays \u00bb.  Je sais trop, quand bien m\u00eame celle-ci a de la peine \u00e0 en convenir, que, l\u2019institution judiciaire, comme toutes les autres, est faillible, je sais trop surtout que la \u00ab Justice \u00bb est une Justice de classe, que sa fonction premi\u00e8re est d\u2019assurer contre le peuple laborieux le respect de l\u2019ordre existant des \u00ab\u00a0gav\u00e9s\u00a0\u00bb et des \u00ab\u00a0oisifs\u00a0\u00bb..  Pour autant, puisque c\u2019est celle qui officie, je voulais garder, autant que faire se peut, le respect qui sied \u00e0 cette grande et solennelle institution dont les \u00ab praticiens \u00bb ne sont pas tous responsables des limites ou des d\u00e9rives. La plupart de ceux-ci sont m\u00eame \u00e0 n\u2019en pas douter d\u2019honn\u00eates et braves citoyens exer\u00e7ant leur m\u00e9tier avec s\u00e9rieux et respect.   Mais il est des contextes politiques o\u00f9 la Justice se compromet si elle n\u2019a pas la force de se pr\u00e9server. Ce fut le cas par exemple sous l\u2019autorit\u00e9 de \u00ab l\u2019\u00c9tat fran\u00e7ais \u00bb, rest\u00e9 dans l\u2019Histoire sous l\u2019appellation de r\u00e9gime de Vichy. C\u2019est le cas aujourd\u2019hui sous l\u2019autorit\u00e9 du r\u00e9gime consulaire de Monsieur Macron.  En rendant un arr\u00eat qui ordonne \u00e0 Marine Le Pen de se soumettre \u00e0 une expertise psychiatrique, la Justice de notre pays se couvre de d\u00e9shonneur et de boue pestilentielle.  Marine Le Pen n\u2019a d\u00e9capit\u00e9 personne, elle n\u2019a pas produite non plus les images de d\u00e9capitation que la justice lui reproche d\u2019avoir relay\u00e9es. Elle les a \u00ab relay\u00e9es \u00bb seulement. Seuls des gens de tr\u00e8s mauvaises foi, des ex\u00e9cuteurs en service politique command\u00e9s, ou, \u2026 ou de grands malades psychiatriques, peuvent pr\u00e9tendre que l\u2019intention de Marine Le Pen \u00e9tait autre chose que susciter l\u2019horreur et la r\u00e9probation de nos concitoyens pour de tels actes. Le contraire donc d\u2019une d\u00e9marche apolog\u00e9tique. Comment peut-on avoir l\u2019audace de poursuivre cette dame pour de tels faits qui rel\u00e8vent de la libert\u00e9 d\u2019expression et de la presse ?  Alors oui, je sais, la loi \u2026.. Paradoxal n\u2019est-ce pas ? Ceux qui ont \u00e9dict\u00e9e cette loi liberticide sont les m\u00eames qui ont diffus\u00e9es les images de la pendaison de Saddam Hussein ou celles de l\u2019assassinat odieux du colonel Kadhafi. Ce sont ceux qui en d\u00e9clarant Bachar Al Assad \u00ab Personae non grata sur la plan\u00e8te terre \u00bb ont arm\u00e9 la r\u00e9bellion syrienne pr\u00e9cipitant ce malheureux pays dans l\u2019enfer de la guerre civile, qui ont financ\u00e9, soutenu politiquement, form\u00e9s, entrain\u00e9s et arm\u00e9s les groupes extr\u00e9mistes parmi lesquels officiaient les \u00ab coupeurs de t\u00eates \u00bb \u00e0 l\u2019origine des faits  dont les images incrimin\u00e9es \u00e9taient des t\u00e9moignages. N\u2019est-ce pas Monsieur Laurent Fabius, alors Ministre des affaires \u00e9trang\u00e8res de la France, et qui fut un temps \u00ab garde des sceaux \u00bb, qui a dit du \u00ab Front Al Nosra \u00bb \u2018Al Qaida Syrie) qu\u2019il \u00ab avait fait du bon travail \u00bb ?  Serait-ce pour se laver de la honte qui les accable et tenter d\u2019\u00e9chapper ainsi \u00e0 l\u2019opprobre qu\u2019ils m\u00e9ritent, que ces gens tentent de se d\u00e9barrasser sur autrui de leur fardeau moral, d\u2019insinuer que le positionnement id\u00e9ologique de Marine Le Pen ne rel\u00e8verait pas de l\u2019analyse politique mais de la psychiatrie ? Qui est fou ? Marine Le Pen qui a voulu, peut-\u00eatre maladroitement,  t\u00e9moigner de faits auxquels elle n\u2019a aucune part de responsabilit\u00e9, ou Les \u00ab irresponsables politiques \u00bb de notre tro\u00efka occidentale (U.S.A., France et Royaume-Uni), les maitres v\u00e9ritables, donneurs d\u2019ordres et complices, des hordes barbares qui ont mis le Moyen-Orient \u00e0 feu et \u00e0 sang ?  La loi au nom de laquelle est poursuivi Marine Le Pen est une loi sc\u00e9l\u00e9rate et liberticide. Elle doit \u00eatre abrog\u00e9e.  Quant \u00e0 l\u2019usage de la psychiatrie comme moyen d\u2019humilier une justiciable\u2026\u2026 je le dit, il pr\u00e9cipite la justice Fran\u00e7aise dans la fosse \u00e0 purin de l\u2019Histoire.  Alors, feinte de derni\u00e8re minute, Benalla aussi. Inique ! Odieux ! Comptent-ils vraiment donner le change ainsi ? Ordonner un examen psychiatrique \u00e0 Benalla ne rend en rien plus l\u00e9gitime une telle mesure \u00e0 l\u2019encontre de Marine Le Pen. Cela ne fait que prouver un peu plus \u00e0 quel point l\u2019institution judiciaire se fourvoie.   Benalla est une petite frappe au service de son maitre. L\u2019affaire Benalla est un r\u00e9v\u00e9lateur de la m\u00e9diocrit\u00e9 du pouvoir en place. Benalla doit-\u00eatre condamn\u00e9 et son maitre limog\u00e9. Mais ni l\u2019un ni l\u2019autre ne n\u00e9cessite une analyse psychiatrique ? Et si l\u2019on devait les interner ce serait probablement \u00e0 juste titre \u00e0 \u00ab la Sant\u00e9 \u00bb pas \u00e0 \u00ab Saint-Anne \u00bb.  La psychiatrisation par la justice des id\u00e9es et des actes politiques constitue une d\u00e9rive bien plus grave et imminente encore que toutes les id\u00e9es et tous les faits qui sont reproch\u00e9s \u00e0 Marine Le Pen et Alexandre la minus. Et qu\u2019elle que soient les inimit\u00e9s que m\u2019inspirent l\u2019un et l\u2019autre, j\u2019en prends l\u2019engagement ici, je manifesterai pour les soutenir s\u2019ils refusent d\u2019obtemp\u00e9rer  \u00e0 \u00ab la prescription \u00bb de la Justice. il appartient \u00e0 chaque citoyen de se dresser vent-debout contre cette horrible d\u00e9rive.   Patrick Seignon. \u00ab lavoiedessansvoix.fr \u00bb. Lundi 24 septembre 2018.<\/p>\n","protected":false},"excerpt":{"rendered":"<p>MARIANNE !\u2026 ILS SONT DEVENU FOUS Je ne suis pas de ceux qui encensent l\u2019institution judiciaire, et je me garderai [&hellip;]<\/p>\n","protected":false},"author":1,"featured_media":4339,"comment_status":"open","ping_status":"open","sticky":false,"template":"","format":"standard","meta":{"sfsi_plus_gutenberg_text_before_share":"","sfsi_plus_gutenberg_show_text_before_share":"","sfsi_plus_gutenberg_icon_type":"","sfsi_plus_gutenberg_icon_alignemt":"","sfsi_plus_gutenburg_max_per_row":"","site-sidebar-layout":"default","site-content-layout":"","ast-site-content-layout":"default","site-content-style":"default","site-sidebar-style":"default","ast-global-header-display":"","ast-banner-title-visibility":"","ast-main-header-display":"","ast-hfb-above-header-display":"","ast-hfb-below-header-display":"","ast-hfb-mobile-header-display":"","site-post-title":"","ast-breadcrumbs-content":"","ast-featured-img":"","footer-sml-layout":"","ast-disable-related-posts":"","theme-transparent-header-meta":"","adv-header-id-meta":"","stick-header-meta":"","header-above-stick-meta":"","header-main-stick-meta":"","header-below-stick-meta":"","astra-migrate-meta-layouts":"default","ast-page-background-enabled":"default","ast-page-background-meta":{"desktop":{"background-color":"var(--ast-global-color-4)","background-image":"","background-repeat":"repeat","background-position":"center center","background-size":"auto","background-attachment":"scroll","background-type":"","background-media":"","overlay-type":"","overlay-color":"","overlay-opacity":"","overlay-gradient":""},"tablet":{"background-color":"","background-image":"","background-repeat":"repeat","background-position":"center center","background-size":"auto","background-attachment":"scroll","background-type":"","background-media":"","overlay-type":"","overlay-color":"","overlay-opacity":"","overlay-gradient":""},"mobile":{"background-color":"","background-image":"","background-repeat":"repeat","background-position":"center center","background-size":"auto","background-attachment":"scroll","background-type":"","background-media":"","overlay-type":"","overlay-color":"","overlay-opacity":"","overlay-gradient":""}},"ast-content-background-meta":{"desktop":{"background-color":"var(--ast-global-color-5)","background-image":"","background-repeat":"repeat","background-position":"center center","background-size":"auto","background-attachment":"scroll","background-type":"","background-media":"","overlay-type":"","overlay-color":"","overlay-opacity":"","overlay-gradient":""},"tablet":{"background-color":"var(--ast-global-color-5)","background-image":"","background-repeat":"repeat","background-position":"center center","background-size":"auto","background-attachment":"scroll","background-type":"","background-media":"","overlay-type":"","overlay-color":"","overlay-opacity":"","overlay-gradient":""},"mobile":{"background-color":"var(--ast-global-color-5)","background-image":"","background-repeat":"repeat","background-position":"center center","background-size":"auto","background-attachment":"scroll","background-type":"","background-media":"","overlay-type":"","overlay-color":"","overlay-opacity":"","overlay-gradient":""}},"footnotes":""},"categories":[16],"tags":[],"class_list":["post-754","post","type-post","status-publish","format-standard","has-post-thumbnail","hentry","category-archives-cms"],"_links":{"self":[{"href":"https:\/\/lavoiedessansvoix.fr\/lavoie\/wp-json\/wp\/v2\/posts\/754","targetHints":{"allow":["GET"]}}],"collection":[{"href":"https:\/\/lavoiedessansvoix.fr\/lavoie\/wp-json\/wp\/v2\/posts"}],"about":[{"href":"https:\/\/lavoiedessansvoix.fr\/lavoie\/wp-json\/wp\/v2\/types\/post"}],"author":[{"embeddable":true,"href":"https:\/\/lavoiedessansvoix.fr\/lavoie\/wp-json\/wp\/v2\/users\/1"}],"replies":[{"embeddable":true,"href":"https:\/\/lavoiedessansvoix.fr\/lavoie\/wp-json\/wp\/v2\/comments?post=754"}],"version-history":[{"count":1,"href":"https:\/\/lavoiedessansvoix.fr\/lavoie\/wp-json\/wp\/v2\/posts\/754\/revisions"}],"predecessor-version":[{"id":3527,"href":"https:\/\/lavoiedessansvoix.fr\/lavoie\/wp-json\/wp\/v2\/posts\/754\/revisions\/3527"}],"wp:featuredmedia":[{"embeddable":true,"href":"https:\/\/lavoiedessansvoix.fr\/lavoie\/wp-json\/wp\/v2\/media\/4339"}],"wp:attachment":[{"href":"https:\/\/lavoiedessansvoix.fr\/lavoie\/wp-json\/wp\/v2\/media?parent=754"}],"wp:term":[{"taxonomy":"category","embeddable":true,"href":"https:\/\/lavoiedessansvoix.fr\/lavoie\/wp-json\/wp\/v2\/categories?post=754"},{"taxonomy":"post_tag","embeddable":true,"href":"https:\/\/lavoiedessansvoix.fr\/lavoie\/wp-json\/wp\/v2\/tags?post=754"}],"curies":[{"name":"wp","href":"https:\/\/api.w.org\/{rel}","templated":true}]}}