{"id":752,"date":"2018-10-28T03:23:00","date_gmt":"2018-10-28T02:23:00","guid":{"rendered":"https:\/\/lavoiedessansvoix.fr\/lavoie\/2018\/10\/28\/archive-boomerang\/"},"modified":"2026-04-26T21:19:32","modified_gmt":"2026-04-26T19:19:32","slug":"archive-boomerang","status":"publish","type":"post","link":"https:\/\/lavoiedessansvoix.fr\/lavoie\/2018\/10\/28\/archive-boomerang\/","title":{"rendered":"BOOMERANG"},"content":{"rendered":"<p>BOOMERANG \u00ab L&rsquo;ind\u00e9pendance de la justice ? Une question de forme plus que de fond. Une subtilit\u00e9 institutionnelle sans grande r\u00e9alit\u00e9. Mais qu&rsquo;importe ? La forme a aussi son importance. Exemple, les civilit\u00e9s ne t\u00e9moignent pas du respect, mais on appr\u00e9cie qu&rsquo;elles pr\u00e9sident aux relations de la vie publique. Ce gouvernement (car c&rsquo;est de lui qu&rsquo;il s&rsquo;agit ici et non de la Justice) est un gouvernement d&rsquo;Ostrogoths. Son arrogance d\u00e9coule de ses g\u00e8nes. Il est le gouvernement des banques qui n&rsquo;ont rien \u00e0 faire en v\u00e9rit\u00e9 de l&rsquo;avis des peuples, mais surtout il est issu d&rsquo;une immense arnaque \u00e9lectorale et n&rsquo;a que du m\u00e9pris pour ceux qui le respectent (par adh\u00e9sion ou par d\u00e9faut) et craignent de d\u00e9noncer son caract\u00e8re frauduleux.    Des poursuites, pour violence et je ne sais quoi contre Jean-Luc M\u00e9lenchon ? Qu&rsquo;ils s&rsquo;y avisent donc. Ce n&rsquo;est pas Jean-Luc M\u00e9lenchon qui a d\u00e9rap\u00e9 mais le pouvoir macronien. Des poursuites ? Qu&rsquo;elles soient alors le signal d&rsquo;un vaste mouvement de rejet du Pr\u00e9sident des riches et de la 5\u00e8me R\u00e9publique en putr\u00e9faction. \u00bb   *   Telle fut, \u00e0 d\u00e9faut d\u2019article dans les colonnes de \u00ab lavoiedessansvoix.fr \u00bb, ma r\u00e9action imm\u00e9diate, post\u00e9 en commentaire \u00e0 un \u00ab courriel \u00bb re\u00e7u, qui protestait contre les perquisitions dont avaient \u00e9t\u00e9 l\u2019objet le local de la \u00ab France insoumise \u00bb, le domicile de Jean-Luc M\u00e9lenchon, et une quinzaine d\u2019autres \u00ab cibles \u00bb, semblait-il. Or bien que s\u2019agissant De la r\u00e9action \u00e0 un article pr\u00e9cis dans laquelle je m\u2019\u00e9tais gard\u00e9 d\u2019\u00eatre exhaustif, ce court \u00ab post \u00bb, outre la mani\u00e8re de penser la col\u00e8re et l\u2019indignation disait avec force d\u00e9j\u00e0 le fond des choses : il s\u2019agissait d\u2019une op\u00e9ration politique conduite de longue main. Mais surtout il laissait entendre comment cette cabale allait se retourner bient\u00f4t contre ses auteurs.     Foin d\u2019ind\u00e9pendance pr\u00e9sum\u00e9e de la Justice, que les magistrats n\u2019en prennent pas ombrage, les perquisitions en question rel\u00e8ve d\u2019une op\u00e9ration t\u00e9l\u00e9command\u00e9e, probablement depuis l\u2019Elys\u00e9e. Il ne s\u2019agit rien moins que d\u2019une authentique provocation. Nul n\u2019ignore le c\u00f4t\u00e9 \u00ab un peu sanguin \u00bb de la personnalit\u00e9 de Jean-Luc M\u00e9lenchon, et n\u2019importe quel psychologue, compte tenu de la grande \u00e9motivit\u00e9 du personnage, aurait pu \u00ab instrumentaliser \u00bb la \u00ab vivacit\u00e9 \u00bb de sa r\u00e9action. La horde des chiens d\u2019attaques m\u00e9diatique en embuscades, et voil\u00e0 que l\u2019on fait mousser l\u2019affaire : \u00ab Violences \u00bb, \u00ab menaces \u00bb et les commentaires en forme de sentences, \u00ab un homme qui r\u00e9agit ainsi n\u2019est pas digne d\u2019occuper la fonction pr\u00e9sidentielle \u00bb, etc. Ayant pour objectif d\u2019atteindre sur le champ la cr\u00e9dibilit\u00e9 de Jean-Luc M\u00e9lenchon, et sa l\u00e9gitimit\u00e9 \u00e0 briguer la Pr\u00e9sidence de la r\u00e9publique.  Un homme qui s\u2019investit dans la lutte contre toutes les puissances du monde et en premier lieu celle de l\u2019argent pour la d\u00e9fense des droits et des revendications populaire, est n\u00e9cessairement un grand \u00e9motif sensible aux maux et \u00e0 la mis\u00e8re de ses concitoyens. L\u2019\u00e9motivit\u00e9 en la circonstance n\u2019est donc pas un d\u00e9faut mais au contraire la qualit\u00e9 premi\u00e8re qui fait de Jean-Luc M\u00e9lenchon ce qu\u2019il est, et le l\u00e9gitime dans sa d\u00e9marche.  Que serait-ce, sinon un abominable \u00ab faux-cul \u00bb, que cet homme trop lisse qui garderait, en apparence seulement, toute sa froide contenance, face \u00e0 une pareille agression et volont\u00e9 d\u2019humiliation. Cet homme n\u2019en serait pas un. Ce serait tout au plus une larve ou un de ces andro\u00efdes glac\u00e9s format\u00e9 par certaines c\u00e9l\u00e8bres grandes \u00e9coles \u00ab d\u2019inhumanit\u00e9 \u00bb  Bon, il faut que ce soit dit, l\u2019honn\u00eatet\u00e9 politique l\u2019exige, Jean-Luc M\u00e9lenchon avait eu tort. Et pour sa part \u00ab la voie des sans voix \u00bb n\u2019a pas attendu ce jour pour le dire, lorsque durant la campagne \u00e9lectorale des pr\u00e9sidentielles il a refus\u00e9 de protester contre les men\u00e9es ignobles dont \u00e9t\u00e9 victimes Fran\u00e7ois Fillon et Marine Le Pen. Il a commis alors le m\u00eame type de faute que d\u00e9non\u00e7ait en son temps le pasteur Martin Niem\u00f6ller. Il n\u2019\u00e9tait pas Filloniste ni Lepeniste, il n\u2019a rien dit. Oh non pas par l\u00e2chet\u00e9 mais par bas calcul politique. Ces manigances du pouvoir le servaient alors momentan\u00e9ment. Jean-Luc M\u00e9lenchon avait eu tort, ce n\u2019est pas une raison suffisante, au contraire de ne pas le soutenir contre l\u2019inf\u00e2me agression dont il est \u00e0 son tour la victime. \u00ab Tu ne m\u2019as pas soutenu je ne te soutiens pas \u00bb, que prouveraient Marine Le Pen et Fran\u00e7ois Fillon, sinon leur propre b\u00eatise, s\u2019ils refusaient de se solidariser avec M\u00e9lenchon au pr\u00e9texte de l\u2019\u00e2nerie ant\u00e9rieure de celui-ci: Marine Le Pen n\u2019est pas tomb\u00e9e dans ce travers faisant preuve en l\u2019occurrence de son aptitude \u00e0 prendre du recul mais aussi de finesse et d\u2019intelligence. Elle a protest\u00e9, elle, bravo, \u00ab quand ils sont venus chercher M\u00e9lenchon \u00bb.  Quant \u00e0 la dignit\u00e9 de la fonction pr\u00e9sidentielle \u00e0 propos de laquelle l\u2019attitude de Jean-Luc M\u00e9lenchon serait r\u00e9dhibitoire, parlons-en !\u2026. Ou plut\u00f4t non, n\u2019en parlons pas. Apr\u00e8s la trilogie Sarkozy, Hollande, Macron, est-il vraiment besoin d\u2019\u00eatre exhaustifs ? Comment parlerait-on encore de la dignit\u00e9 d\u2019une fonction qui a \u00e9t\u00e9 d\u00e9j\u00e0 maintes fois souill\u00e9e dans les fientes de l\u2019actualit\u00e9. Jean-Luc M\u00e9lenchon n\u2019a, me semble-t-il, vraiment aucun risque de faire pire.   Violences et menaces ? De quelles violences s\u2019est-il agit. Ni arme, ni poings, des \u00ab \u00e9clats de voix \u00bb, des doigts qui se l\u00e8vent \u00bb, des bousculades, et comme menaces celle de la sanction de la loi r\u00e9publicaine, ou de l\u2019opinion publique prise \u00e0 t\u00e9moin. La vraie violence \u00e9tait encore une fois du c\u00f4t\u00e9 de l\u2019Etat. Car pour \u00eatre d\u2019apparence passive l\u2019investissement d\u2019un domicile ou d\u2019un local politique par des dizaines de policiers juges et procureur constitue une violence, un viol et une humiliation. La r\u00e9action des militants de la France insoumise et de Jean-Luc M\u00e9lenchon face \u00e0 cette agression a somme toute \u00e9t\u00e9 plut\u00f4t digne et mesur\u00e9e. La col\u00e8re est l\u00e9gitime quand il s\u2019agit de la d\u00e9fense des droits fondamentaux de la d\u00e9mocratie. Et il ne fait pas le moindre doute que ces perquisitions ordonn\u00e9es dans le cadre d\u2019une simple enqu\u00eate pr\u00e9liminaire, constituent bien une agression insupportable contre les garanties d\u00e9mocratiques \u00e9l\u00e9mentaires. Seuls peuvent les justifier des chiens de scribouillards trop grassement pay\u00e9s par leurs maitres et qui n\u2019ont pour \u00e9thique et pour morale que l\u2019app\u00e2t du gain.  Une agression ? Une provocation ? Oui mais pourquoi, quelles en sont les motivations ?   Malgr\u00e9 tous les moyens de mensonge \u00e9tatiques, m\u00e9diatiques, financiers, institutionnels et \u00ab sondagiers \u00bb, mis \u00e0 sa disposition pour tordre la r\u00e9alit\u00e9 et tromper l\u2019opinion voil\u00e0 que le \u00ab commis \u00bb des banques choit dans les sondages. Comme sable la dune de l\u2019opinion fabriqu\u00e9e se d\u00e9robe sous ses pieds. Son improbable pi\u00e9destal s\u2019effondre. Or les peuples ne respectent pas ceux qui tr\u00e9buchent. Sa perte de superbe ouvre la voie \u00e0 sa perte d\u2019autorit\u00e9 et la perte d\u2019autorit\u00e9 \u00e0 la contestation. Or, qu\u2019elle voie empruntera n\u00e9cessairement la contestation si ce n\u2019est celle ouverte par la \u00ab France insoumise \u00bb ? La Macronie vacille d\u00e9j\u00e0 et les \u00e9lections europ\u00e9ennes approchent, la sanction \u00e9lectorale tombera \u00e0 cette occasion, d\u2019autant plus dommageable pour le \u00ab pouvoir \u00bb actuel qu\u2019Emmanuel Macron a fait de la relance de l\u2019Europe du Fric la pierre angulaire de sa politique. Quand la glissade est engag\u00e9e sur la planche savonneuse il n\u2019y a pas d\u2019autre issue que descendre jusqu\u2019en bas. Nulle esp\u00e9rance de pouvoir rebondir. Mais tout est relatif. Si l\u2019on ne peut faire mieux alors faut-il d\u00e9montrer que les autres font plus mal. Il ne faut pas toujours \u00eatre g\u00e9nial pour \u00eatre le premier, il suffit que les autres soient second, derri\u00e8re, plus mauvais. A d\u00e9faut donc de changer de politique pour s&rsquo;attirer les faveurs de l\u2019opinion il a d\u00e9cid\u00e9 de souiller la \u00ab France insoumise \u00bb, de marcher sur la t\u00eate de Jean-luc M\u00e9lenchon son \u00ab challenger \u00bb naturel.  La Macronie n\u2019est pas \u00e0 son coup d\u2019essai. C\u2019est par de telles man\u0153uvres florentines qu\u2019elle s\u2019est impos\u00e9 et a viol\u00e9 la l\u00e9gitimit\u00e9 du suffrage universel des fran\u00e7ais lors de l\u2019\u00e9lection pr\u00e9sidentielle de 2017. La magouille, la provoc, l\u2019instrumentalisation de la justice, ce ne sont pas des accidents de parcours pour le parti des aventuriers \u00ab en marche \u00bbau pouvoir, c\u2019est sa m\u00e9thode de gouvernement.  Or, voil\u00e0 pourquoi pr\u00e9cis\u00e9ment cette derni\u00e8re affaire va se retourner contre lui. La ficelle est trop grosse. Il s\u2019est fourvoy\u00e9. Ses succ\u00e8s de 2017 dans l\u2019usage de la fange juridico-m\u00e9diatique et de  la fourberie lui est mont\u00e9 \u00e0 la t\u00eate. Il a cru qu\u2019il pouvait r\u00e9\u00e9diter ce genre de manipulations grossi\u00e8res. Mais il s\u2019est tromp\u00e9. Il a omis de comprendre que l\u2019entourloupe avait fonctionn\u00e9 en 2017 parce qu\u2019une partie au moins de l\u2019\u00e9lectorat avait envie d\u2019\u00eatre tromp\u00e9e car ce qu\u2019elle ne souhaitait pas, par-dessous tout, s\u2019\u00e9tait l\u2019\u00e9lection de Madame Le Pen. Mais nous ne sommes plus en 2017, la question n\u2019est pas pos\u00e9e ici de l\u2019acc\u00e8s de Marine Le Pen \u00e0 la pr\u00e9sidence de la R\u00e9publique, les Fran\u00e7ais ont d\u00e9crypt\u00e9 le fonctionnement de ce pouvoir. Parce qu\u2019il en abuse il a d\u00e9cr\u00e9dibilis\u00e9 sa m\u00e9thode. Les fran\u00e7ais n\u2019ont plus envie d\u2019\u00eatre abus\u00e9, et lorsqu\u2019ils n\u2019en ont pas envi ils font payer ch\u00e8rement leurs roueries \u00e0 ceux qui persistent \u00e0 en user.  Patrick Seignon. \u00ab\u00a0lavoiedessansvoix.fr\u00a0\u00bb Mercredi 17 octobre 2018;<\/p>\n","protected":false},"excerpt":{"rendered":"<p>BOOMERANG \u00ab L&rsquo;ind\u00e9pendance de la justice ? Une question de forme plus que de fond. Une subtilit\u00e9 institutionnelle sans grande [&hellip;]<\/p>\n","protected":false},"author":1,"featured_media":4337,"comment_status":"open","ping_status":"open","sticky":false,"template":"","format":"standard","meta":{"sfsi_plus_gutenberg_text_before_share":"","sfsi_plus_gutenberg_show_text_before_share":"","sfsi_plus_gutenberg_icon_type":"","sfsi_plus_gutenberg_icon_alignemt":"","sfsi_plus_gutenburg_max_per_row":"","site-sidebar-layout":"default","site-content-layout":"","ast-site-content-layout":"default","site-content-style":"default","site-sidebar-style":"default","ast-global-header-display":"","ast-banner-title-visibility":"","ast-main-header-display":"","ast-hfb-above-header-display":"","ast-hfb-below-header-display":"","ast-hfb-mobile-header-display":"","site-post-title":"","ast-breadcrumbs-content":"","ast-featured-img":"","footer-sml-layout":"","ast-disable-related-posts":"","theme-transparent-header-meta":"","adv-header-id-meta":"","stick-header-meta":"","header-above-stick-meta":"","header-main-stick-meta":"","header-below-stick-meta":"","astra-migrate-meta-layouts":"default","ast-page-background-enabled":"default","ast-page-background-meta":{"desktop":{"background-color":"var(--ast-global-color-4)","background-image":"","background-repeat":"repeat","background-position":"center center","background-size":"auto","background-attachment":"scroll","background-type":"","background-media":"","overlay-type":"","overlay-color":"","overlay-opacity":"","overlay-gradient":""},"tablet":{"background-color":"","background-image":"","background-repeat":"repeat","background-position":"center center","background-size":"auto","background-attachment":"scroll","background-type":"","background-media":"","overlay-type":"","overlay-color":"","overlay-opacity":"","overlay-gradient":""},"mobile":{"background-color":"","background-image":"","background-repeat":"repeat","background-position":"center center","background-size":"auto","background-attachment":"scroll","background-type":"","background-media":"","overlay-type":"","overlay-color":"","overlay-opacity":"","overlay-gradient":""}},"ast-content-background-meta":{"desktop":{"background-color":"var(--ast-global-color-5)","background-image":"","background-repeat":"repeat","background-position":"center center","background-size":"auto","background-attachment":"scroll","background-type":"","background-media":"","overlay-type":"","overlay-color":"","overlay-opacity":"","overlay-gradient":""},"tablet":{"background-color":"var(--ast-global-color-5)","background-image":"","background-repeat":"repeat","background-position":"center center","background-size":"auto","background-attachment":"scroll","background-type":"","background-media":"","overlay-type":"","overlay-color":"","overlay-opacity":"","overlay-gradient":""},"mobile":{"background-color":"var(--ast-global-color-5)","background-image":"","background-repeat":"repeat","background-position":"center center","background-size":"auto","background-attachment":"scroll","background-type":"","background-media":"","overlay-type":"","overlay-color":"","overlay-opacity":"","overlay-gradient":""}},"footnotes":""},"categories":[16],"tags":[],"class_list":["post-752","post","type-post","status-publish","format-standard","has-post-thumbnail","hentry","category-archives-cms"],"_links":{"self":[{"href":"https:\/\/lavoiedessansvoix.fr\/lavoie\/wp-json\/wp\/v2\/posts\/752","targetHints":{"allow":["GET"]}}],"collection":[{"href":"https:\/\/lavoiedessansvoix.fr\/lavoie\/wp-json\/wp\/v2\/posts"}],"about":[{"href":"https:\/\/lavoiedessansvoix.fr\/lavoie\/wp-json\/wp\/v2\/types\/post"}],"author":[{"embeddable":true,"href":"https:\/\/lavoiedessansvoix.fr\/lavoie\/wp-json\/wp\/v2\/users\/1"}],"replies":[{"embeddable":true,"href":"https:\/\/lavoiedessansvoix.fr\/lavoie\/wp-json\/wp\/v2\/comments?post=752"}],"version-history":[{"count":1,"href":"https:\/\/lavoiedessansvoix.fr\/lavoie\/wp-json\/wp\/v2\/posts\/752\/revisions"}],"predecessor-version":[{"id":3523,"href":"https:\/\/lavoiedessansvoix.fr\/lavoie\/wp-json\/wp\/v2\/posts\/752\/revisions\/3523"}],"wp:featuredmedia":[{"embeddable":true,"href":"https:\/\/lavoiedessansvoix.fr\/lavoie\/wp-json\/wp\/v2\/media\/4337"}],"wp:attachment":[{"href":"https:\/\/lavoiedessansvoix.fr\/lavoie\/wp-json\/wp\/v2\/media?parent=752"}],"wp:term":[{"taxonomy":"category","embeddable":true,"href":"https:\/\/lavoiedessansvoix.fr\/lavoie\/wp-json\/wp\/v2\/categories?post=752"},{"taxonomy":"post_tag","embeddable":true,"href":"https:\/\/lavoiedessansvoix.fr\/lavoie\/wp-json\/wp\/v2\/tags?post=752"}],"curies":[{"name":"wp","href":"https:\/\/api.w.org\/{rel}","templated":true}]}}