{"id":748,"date":"2018-11-16T17:16:00","date_gmt":"2018-11-16T16:16:00","guid":{"rendered":"https:\/\/lavoiedessansvoix.fr\/lavoie\/2018\/11\/16\/archive-apres-la-pedagogie-l-intimidation\/"},"modified":"2026-04-26T21:18:53","modified_gmt":"2026-04-26T19:18:53","slug":"archive-apres-la-pedagogie-l-intimidation","status":"publish","type":"post","link":"https:\/\/lavoiedessansvoix.fr\/lavoie\/2018\/11\/16\/archive-apres-la-pedagogie-l-intimidation\/","title":{"rendered":"APR\u00c8S \u00ab LA P\u00c9DAGOGIE \u00bb, L\u2019INTIMIDATION"},"content":{"rendered":"<p>APR\u00c8S \u00ab LA P\u00c9DAGOGIE *\u00bb, L\u2019INTIMIDATION Demain, je l\u2019esp\u00e8re, sera une journ\u00e9e m\u00e9morable. Historique peut-\u00eatre m\u00eame. Mais ne l\u2019est-elle pas d\u00e9j\u00e0 Historique cette mobilisation \u00e9lectronique massive qui ouvre des voies nouvelles au mouvement social et pr\u00e9sage des chemins hors contr\u00f4le que pourraient emprunter les contestations de l\u2019avenir ?   Le gouvernement a d\u2019abord fait \u00ab son travail de gouvernement \u00bb, il a propos\u00e9 des mesures d\u2019urgences cens\u00e9es att\u00e9nuer la mobilisation des \u00ab Gilets-jaunes \u00bb \u00e0 d\u00e9faut de pouvoir la d\u00e9samorcer. Ces mesures, hors sujet, ce sont r\u00e9v\u00e9l\u00e9 inop\u00e9rantes. Les gilets-jaunes ainsi \u00ab snob\u00e9s \u00bb sont plus en col\u00e8re que jamais. \u00bb Alors le gouvernement en est revenu \u00e0 son langage premier, celui \u00ab des muscles \u00bb de \u00ab la menace \u00bb et de \u00ab l\u2019intimidation \u00bb, on interviewe sur les chaines de t\u00e9l\u00e9 de soi-disant \u00ab contestataires \u00bb qui ont d\u00e9cid\u00e9 de ne pas prendre part aux manifestations de ce samedi, \u00ab par crainte de \u00ab PV \u00bb, de retraits de point sur le permis, voire du permis lui-m\u00eame et pourquoi pas du v\u00e9hicule. \u00bb Il s\u2019agit d\u2019une volont\u00e9 de cr\u00e9er la \u00ab p\u00e9toche \u00bb de r\u00e9pandre la panique, afin de dissuader de braves citoyens d\u2019apporter leur libre contribution \u00e0 la contestation. L\u2019usage de tels stratag\u00e8mes de communication malhonn\u00eates, t\u00e9moignent de la position d\u00e9fensive dans laquelle se trouve en v\u00e9rit\u00e9 le gouvernement.  Imaginez un peu quelques instants. Qu\u2019il s\u2019y avise d\u2019utiliser de telles m\u00e9thodes, qu\u2019il ose r\u00e9ponde \u00e0 la col\u00e8re l\u00e9gitime par la provocation outranci\u00e8re et je vous laisse libre de songer \u00e0 ce qui adviendra de l\u2019avenir politique de Macron et de toute la macronnerie.  Et les diversions, mal \u00e0 propos.  Comme la mobilisation des gilets jaunes emplit ces jours-ci un large espace \u00ab sur la toile \u00bb, des agents internet \u00e0 la solde du gouvernement et ses alli\u00e9s de circonstance multiplient les \u00ab posts \u00bb d\u00e9mobilisateurs, ou cens\u00e9s d\u00e9cr\u00e9dibiliser la contestation en lui opposant des arguments emprunt\u00e9s \u00e0 la panoplie \u00e9cologiste. Ainsi ai-je encore re\u00e7u aujourd\u2019hui par Facebook un message de soi-disant \u00ab Gilets verts \u00bb, une officine macronnienne \u00e0 n\u2019en pas douter, qui affirme revendiquer entre la \u00ab gratuit\u00e9 des transports \u00bb et la \u00ab r\u00e9ouverture des petites lignes de chemin de fer \u00bb, \u00ab la captation des milliards qui s\u2019envolent \u00bb et la \u00ab taxation des transports a\u00e9riens et maritimes de marchandises \u00bb.   Voil\u00e0 ci-dessous ce que j\u2019ai r\u00e9pondu en commentaire \u00e0 \u00ab ces gilets verts \u00bb mal \u00e0 propos :   \u00ab Pourquoi pas, certaines de ces id\u00e9es m\u00e9rite que l&rsquo;on s&rsquo;y arr\u00eate. Mais n&rsquo;esquivez pas, le probl\u00e8me du moment. Dans l&rsquo;attente de la taxation .des transports a\u00e9rien et maritime des marchandises et de la captation des milliards qui s&rsquo;envolent dans les paradis fiscaux, ce sont les milliards que l&rsquo;on nous vole et les taxes qui gr\u00e8vent le pouvoir d&rsquo;achat des gens modestes. Que le discours \u00e9cologistes doctrinaire ne soit pas un moyen de faire chorus avec les riches pour presser les pauvres comme des citrons \u00bb  A toute \u00e0 l\u2019heure amis !  Patrick Seignon. \u00ab lavoiedessansvoix.fr \u00bb. Vendredi 16 novembre 2018.* \u00ab\u00a0vous n&rsquo;avez rien compris\u00a0\u00bb<\/p>\n","protected":false},"excerpt":{"rendered":"<p>APR\u00c8S \u00ab LA P\u00c9DAGOGIE *\u00bb, L\u2019INTIMIDATION Demain, je l\u2019esp\u00e8re, sera une journ\u00e9e m\u00e9morable. Historique peut-\u00eatre m\u00eame. Mais ne l\u2019est-elle pas [&hellip;]<\/p>\n","protected":false},"author":1,"featured_media":4333,"comment_status":"open","ping_status":"open","sticky":false,"template":"","format":"standard","meta":{"sfsi_plus_gutenberg_text_before_share":"","sfsi_plus_gutenberg_show_text_before_share":"","sfsi_plus_gutenberg_icon_type":"","sfsi_plus_gutenberg_icon_alignemt":"","sfsi_plus_gutenburg_max_per_row":"","site-sidebar-layout":"default","site-content-layout":"","ast-site-content-layout":"default","site-content-style":"default","site-sidebar-style":"default","ast-global-header-display":"","ast-banner-title-visibility":"","ast-main-header-display":"","ast-hfb-above-header-display":"","ast-hfb-below-header-display":"","ast-hfb-mobile-header-display":"","site-post-title":"","ast-breadcrumbs-content":"","ast-featured-img":"","footer-sml-layout":"","ast-disable-related-posts":"","theme-transparent-header-meta":"","adv-header-id-meta":"","stick-header-meta":"","header-above-stick-meta":"","header-main-stick-meta":"","header-below-stick-meta":"","astra-migrate-meta-layouts":"default","ast-page-background-enabled":"default","ast-page-background-meta":{"desktop":{"background-color":"var(--ast-global-color-4)","background-image":"","background-repeat":"repeat","background-position":"center center","background-size":"auto","background-attachment":"scroll","background-type":"","background-media":"","overlay-type":"","overlay-color":"","overlay-opacity":"","overlay-gradient":""},"tablet":{"background-color":"","background-image":"","background-repeat":"repeat","background-position":"center center","background-size":"auto","background-attachment":"scroll","background-type":"","background-media":"","overlay-type":"","overlay-color":"","overlay-opacity":"","overlay-gradient":""},"mobile":{"background-color":"","background-image":"","background-repeat":"repeat","background-position":"center center","background-size":"auto","background-attachment":"scroll","background-type":"","background-media":"","overlay-type":"","overlay-color":"","overlay-opacity":"","overlay-gradient":""}},"ast-content-background-meta":{"desktop":{"background-color":"var(--ast-global-color-5)","background-image":"","background-repeat":"repeat","background-position":"center center","background-size":"auto","background-attachment":"scroll","background-type":"","background-media":"","overlay-type":"","overlay-color":"","overlay-opacity":"","overlay-gradient":""},"tablet":{"background-color":"var(--ast-global-color-5)","background-image":"","background-repeat":"repeat","background-position":"center center","background-size":"auto","background-attachment":"scroll","background-type":"","background-media":"","overlay-type":"","overlay-color":"","overlay-opacity":"","overlay-gradient":""},"mobile":{"background-color":"var(--ast-global-color-5)","background-image":"","background-repeat":"repeat","background-position":"center center","background-size":"auto","background-attachment":"scroll","background-type":"","background-media":"","overlay-type":"","overlay-color":"","overlay-opacity":"","overlay-gradient":""}},"footnotes":""},"categories":[16],"tags":[],"class_list":["post-748","post","type-post","status-publish","format-standard","has-post-thumbnail","hentry","category-archives-cms"],"_links":{"self":[{"href":"https:\/\/lavoiedessansvoix.fr\/lavoie\/wp-json\/wp\/v2\/posts\/748","targetHints":{"allow":["GET"]}}],"collection":[{"href":"https:\/\/lavoiedessansvoix.fr\/lavoie\/wp-json\/wp\/v2\/posts"}],"about":[{"href":"https:\/\/lavoiedessansvoix.fr\/lavoie\/wp-json\/wp\/v2\/types\/post"}],"author":[{"embeddable":true,"href":"https:\/\/lavoiedessansvoix.fr\/lavoie\/wp-json\/wp\/v2\/users\/1"}],"replies":[{"embeddable":true,"href":"https:\/\/lavoiedessansvoix.fr\/lavoie\/wp-json\/wp\/v2\/comments?post=748"}],"version-history":[{"count":1,"href":"https:\/\/lavoiedessansvoix.fr\/lavoie\/wp-json\/wp\/v2\/posts\/748\/revisions"}],"predecessor-version":[{"id":3515,"href":"https:\/\/lavoiedessansvoix.fr\/lavoie\/wp-json\/wp\/v2\/posts\/748\/revisions\/3515"}],"wp:featuredmedia":[{"embeddable":true,"href":"https:\/\/lavoiedessansvoix.fr\/lavoie\/wp-json\/wp\/v2\/media\/4333"}],"wp:attachment":[{"href":"https:\/\/lavoiedessansvoix.fr\/lavoie\/wp-json\/wp\/v2\/media?parent=748"}],"wp:term":[{"taxonomy":"category","embeddable":true,"href":"https:\/\/lavoiedessansvoix.fr\/lavoie\/wp-json\/wp\/v2\/categories?post=748"},{"taxonomy":"post_tag","embeddable":true,"href":"https:\/\/lavoiedessansvoix.fr\/lavoie\/wp-json\/wp\/v2\/tags?post=748"}],"curies":[{"name":"wp","href":"https:\/\/api.w.org\/{rel}","templated":true}]}}