{"id":747,"date":"2018-11-17T17:43:00","date_gmt":"2018-11-17T16:43:00","guid":{"rendered":"https:\/\/lavoiedessansvoix.fr\/lavoie\/2018\/11\/17\/archive-gilets-jaunes-pour-vaincre-il-faut-perseverer\/"},"modified":"2026-04-26T21:18:43","modified_gmt":"2026-04-26T19:18:43","slug":"archive-gilets-jaunes-pour-vaincre-il-faut-perseverer","status":"publish","type":"post","link":"https:\/\/lavoiedessansvoix.fr\/lavoie\/2018\/11\/17\/archive-gilets-jaunes-pour-vaincre-il-faut-perseverer\/","title":{"rendered":"(GILETS-JAUNES)  POUR VAINCRE IL FAUT PERS\u00c9V\u00c9RER"},"content":{"rendered":"<p>(GILETS-JAUNES)POUR VAINCRE IL FAUT PERS\u00c9V\u00c9RER https:\/\/nouvelles-technologie.com\/glrt.pngPar son ampleur et son impact la journ\u00e9e du 17 novembre a \u00e9t\u00e9 un immense succ\u00e8s.   Elle a certes \u00e9t\u00e9 endeuill\u00e9e par la mort de l\u2019une de nos amies manifestantes, dont nous saluons la m\u00e9moire avec tristesse, et \u00e9maill\u00e9e de quelques incidents que nous d\u00e9plorons. Mais cela ne saurait malgr\u00e9 tout en ternir le bilan.   La journ\u00e9e du 17 a \u00e9t\u00e9 un succ\u00e8s mais elle n\u2019est pas suffisante, et nous nous en doutions, pour faire plier le pouvoir consulaire de l\u2019usurpateur Macron.  En manifestant ce samedi 17 novembre nous n\u2019avions pas l\u2019intention de faire telles les petites marionnettes \u00ab de la repr\u00e9sentation \u00bb, \u00ab trois petits tours et puis s\u2019en vont \u00bb, notre objectif n\u2019\u00e9tait pas de nous d\u00e9fouler, d\u2019\u00e9pancher notre col\u00e8re et de rentrer \u00e0 la maison. Notre objectif \u00e9tait et reste de faire plier ce gouvernement ou de le d\u00e9gager.   Or, pour atteindre cet objectif le mouvement des \u00ab Gilets-jaunes \u00bb doit se poursuivre, de fa\u00e7on encore plus d\u00e9termin\u00e9 jusqu\u2019\u00e0 la victoire.   Patrick Seignon. \u00ab lavoiedessansvoix.fr \u00bb. Samedi 17 novembre 2018. (23 heures 40)<\/p>\n","protected":false},"excerpt":{"rendered":"<p>(GILETS-JAUNES)POUR VAINCRE IL FAUT PERS\u00c9V\u00c9RER https:\/\/nouvelles-technologie.com\/glrt.pngPar son ampleur et son impact la journ\u00e9e du 17 novembre a \u00e9t\u00e9 un immense [&hellip;]<\/p>\n","protected":false},"author":1,"featured_media":4332,"comment_status":"open","ping_status":"open","sticky":false,"template":"","format":"standard","meta":{"sfsi_plus_gutenberg_text_before_share":"","sfsi_plus_gutenberg_show_text_before_share":"","sfsi_plus_gutenberg_icon_type":"","sfsi_plus_gutenberg_icon_alignemt":"","sfsi_plus_gutenburg_max_per_row":"","site-sidebar-layout":"default","site-content-layout":"","ast-site-content-layout":"default","site-content-style":"default","site-sidebar-style":"default","ast-global-header-display":"","ast-banner-title-visibility":"","ast-main-header-display":"","ast-hfb-above-header-display":"","ast-hfb-below-header-display":"","ast-hfb-mobile-header-display":"","site-post-title":"","ast-breadcrumbs-content":"","ast-featured-img":"","footer-sml-layout":"","ast-disable-related-posts":"","theme-transparent-header-meta":"","adv-header-id-meta":"","stick-header-meta":"","header-above-stick-meta":"","header-main-stick-meta":"","header-below-stick-meta":"","astra-migrate-meta-layouts":"default","ast-page-background-enabled":"default","ast-page-background-meta":{"desktop":{"background-color":"var(--ast-global-color-4)","background-image":"","background-repeat":"repeat","background-position":"center center","background-size":"auto","background-attachment":"scroll","background-type":"","background-media":"","overlay-type":"","overlay-color":"","overlay-opacity":"","overlay-gradient":""},"tablet":{"background-color":"","background-image":"","background-repeat":"repeat","background-position":"center center","background-size":"auto","background-attachment":"scroll","background-type":"","background-media":"","overlay-type":"","overlay-color":"","overlay-opacity":"","overlay-gradient":""},"mobile":{"background-color":"","background-image":"","background-repeat":"repeat","background-position":"center center","background-size":"auto","background-attachment":"scroll","background-type":"","background-media":"","overlay-type":"","overlay-color":"","overlay-opacity":"","overlay-gradient":""}},"ast-content-background-meta":{"desktop":{"background-color":"var(--ast-global-color-5)","background-image":"","background-repeat":"repeat","background-position":"center center","background-size":"auto","background-attachment":"scroll","background-type":"","background-media":"","overlay-type":"","overlay-color":"","overlay-opacity":"","overlay-gradient":""},"tablet":{"background-color":"var(--ast-global-color-5)","background-image":"","background-repeat":"repeat","background-position":"center center","background-size":"auto","background-attachment":"scroll","background-type":"","background-media":"","overlay-type":"","overlay-color":"","overlay-opacity":"","overlay-gradient":""},"mobile":{"background-color":"var(--ast-global-color-5)","background-image":"","background-repeat":"repeat","background-position":"center center","background-size":"auto","background-attachment":"scroll","background-type":"","background-media":"","overlay-type":"","overlay-color":"","overlay-opacity":"","overlay-gradient":""}},"footnotes":""},"categories":[16],"tags":[],"class_list":["post-747","post","type-post","status-publish","format-standard","has-post-thumbnail","hentry","category-archives-cms"],"_links":{"self":[{"href":"https:\/\/lavoiedessansvoix.fr\/lavoie\/wp-json\/wp\/v2\/posts\/747","targetHints":{"allow":["GET"]}}],"collection":[{"href":"https:\/\/lavoiedessansvoix.fr\/lavoie\/wp-json\/wp\/v2\/posts"}],"about":[{"href":"https:\/\/lavoiedessansvoix.fr\/lavoie\/wp-json\/wp\/v2\/types\/post"}],"author":[{"embeddable":true,"href":"https:\/\/lavoiedessansvoix.fr\/lavoie\/wp-json\/wp\/v2\/users\/1"}],"replies":[{"embeddable":true,"href":"https:\/\/lavoiedessansvoix.fr\/lavoie\/wp-json\/wp\/v2\/comments?post=747"}],"version-history":[{"count":1,"href":"https:\/\/lavoiedessansvoix.fr\/lavoie\/wp-json\/wp\/v2\/posts\/747\/revisions"}],"predecessor-version":[{"id":3513,"href":"https:\/\/lavoiedessansvoix.fr\/lavoie\/wp-json\/wp\/v2\/posts\/747\/revisions\/3513"}],"wp:featuredmedia":[{"embeddable":true,"href":"https:\/\/lavoiedessansvoix.fr\/lavoie\/wp-json\/wp\/v2\/media\/4332"}],"wp:attachment":[{"href":"https:\/\/lavoiedessansvoix.fr\/lavoie\/wp-json\/wp\/v2\/media?parent=747"}],"wp:term":[{"taxonomy":"category","embeddable":true,"href":"https:\/\/lavoiedessansvoix.fr\/lavoie\/wp-json\/wp\/v2\/categories?post=747"},{"taxonomy":"post_tag","embeddable":true,"href":"https:\/\/lavoiedessansvoix.fr\/lavoie\/wp-json\/wp\/v2\/tags?post=747"}],"curies":[{"name":"wp","href":"https:\/\/api.w.org\/{rel}","templated":true}]}}