{"id":746,"date":"2018-11-19T04:04:00","date_gmt":"2018-11-19T03:04:00","guid":{"rendered":"https:\/\/lavoiedessansvoix.fr\/lavoie\/2018\/11\/19\/archive-betes-de-pied-en-cap\/"},"modified":"2026-04-26T21:18:34","modified_gmt":"2026-04-26T19:18:34","slug":"archive-betes-de-pied-en-cap","status":"publish","type":"post","link":"https:\/\/lavoiedessansvoix.fr\/lavoie\/2018\/11\/19\/archive-betes-de-pied-en-cap\/","title":{"rendered":"B\u00caTES DE PIED EN CAP"},"content":{"rendered":"<p>B\u00caTES DE PIED EN CAP Fran\u00e7ois de Rugy a affirm\u00e9 dans une interview parue dans le journal le Parisien : \u00ab Le gouvernement poursuivra \u00abla trajectoire pr\u00e9vue\u00bb en mati\u00e8re de fiscalit\u00e9 \u00e9cologique \u00bb. Samedi, soir le Jour m\u00eame o\u00f9 \u00ab les gilets jaunes \u00bb \u00e9taient massivement dans la rue le ministre de la Transition \u00e9cologique a r\u00e9it\u00e9r\u00e9. Interrog\u00e9 sur l&rsquo;augmentation de la taxe carbone pr\u00e9vue au 1er janvier, il a assur\u00e9 que \u00abNe pas le faire serait de l&rsquo;inconscience\u00bb. \u00abIl faut justement maintenir le cap des mesures que nous prenons pour nous lib\u00e9rer de la d\u00e9pendance au p\u00e9trole\u2026 \u00bb   Les doctrinaires de l\u2019\u00e9cologie sont de la m\u00eame veine que les doctrinaires de l\u2019\u00e9conomie, les uns ont le nez coll\u00e9 \u00ab aux grands \u00e9quilibres \u00e9conomiques \u00bb, aux indices boursiers et aux taux d\u2019\u00e9changes des monnaies, les autres l\u2019ont coll\u00e9 au taux d\u2019\u00e9mission de CO2 et de \u00ab particules fines \u00bb. Ni les uns ni les autres ne sont dispos\u00e9s \u00e0 voir ce que leur \u00ab chiffres abstraits \u00bb et les orientations qu\u2019ils en d\u00e9duisent signifient de \u00ab taux de mis\u00e8re et de souffrance \u00bb pour le peuple d\u2019en bas.   Vous g\u00e9n\u00e9ralisez trop me dira peut-\u00eatre un de \u00ab ces braves fran\u00e7ais \u00bb dont la niaiserie provoque la c\u00e9cit\u00e9 politique, oyez plut\u00f4t notre premier Ministre : \u00abOn a entendu  de la col\u00e8re mais on a aussi entendu de la souffrance, l&rsquo;absence de perspectives. L&rsquo;id\u00e9e que les pouvoirs publics, depuis longtemps, ne r\u00e9pondaient pas au sentiment  d&rsquo;abandon\u00bb, Ah le brave homme serait-on effectivement tent\u00e9 de convenir si l\u2019on n\u2019\u00e9coutait pas la phrase suivante.   \u00abLe cap que nous avons fix\u00e9, nous allons le tenir. Ce n&rsquo;est pas quand \u00e7a souffle qu&rsquo;il faut changer de cap\u00bb.   Pour le dire en clair : \u00ab  On a bien entendu, on en a rien \u00e0 cirer \u00bb. Ou encore, en langage moins soutenu : \u00ab On vous a bien entendu brailler, allez-vous faire fou.. \u00bb  Edouard PHILIPPE a \u00ab balanc\u00e9 \u00bb d\u2019abord une formule d\u2019usage toute faite comme on en trouve dans \u00ab le manuel pratique de l\u2019apprenti Ministre \u00bb pour dire, sans le penser, qu\u2019il est \u00e0 l\u2019\u00e9coute du peuple. Pour autant le Premier ministre serait-il plus humain que son ministre de l\u2019\u00e9cologie ? Que nenni. Bien que la performance paraisse difficile \u00e0 r\u00e9aliser, il franchit all\u00e8grement on le voit, plus haute encoure que De Rugy,   la barre de l\u2019ignominie.  Quant au \u00ab CAP \u00bb si pr\u00e9cieux, si n\u00e9cessaire, que ces \u00ab officiers de navigation \u00bb, ignares et m\u00e9chants pr\u00e9tendent maintenir \u00e0 tout prix et qui dirige le navire France tout droit de \u00ab Charybde en Scylla  \u00bb, pas de soucis, nous allons le modifier nous-m\u00eames.   Si, ob\u00e9issant aveugl\u00e9ment \u00e0 leur \u00ab  Pacha \u00bb* hargneux ils ne veulent pas en changer, qu\u2019importe, pas de soucis. L\u2019heure de la mutinerie a sonn\u00e9, nous allons nous emparer du navire et virer de bord son \u00ab cap\u2026.itaine \u00bb.  Patrick Seignon. \u00ab lavoiedessanszvoix.fr \u00bb. Lundi 19 novembre 2018.   *\u00ab Pacha \u00bb, le nom que l\u2019\u00e9quipage donne au commandant du navire.<\/p>\n","protected":false},"excerpt":{"rendered":"<p>B\u00caTES DE PIED EN CAP Fran\u00e7ois de Rugy a affirm\u00e9 dans une interview parue dans le journal le Parisien : [&hellip;]<\/p>\n","protected":false},"author":1,"featured_media":4331,"comment_status":"open","ping_status":"open","sticky":false,"template":"","format":"standard","meta":{"sfsi_plus_gutenberg_text_before_share":"","sfsi_plus_gutenberg_show_text_before_share":"","sfsi_plus_gutenberg_icon_type":"","sfsi_plus_gutenberg_icon_alignemt":"","sfsi_plus_gutenburg_max_per_row":"","site-sidebar-layout":"default","site-content-layout":"","ast-site-content-layout":"default","site-content-style":"default","site-sidebar-style":"default","ast-global-header-display":"","ast-banner-title-visibility":"","ast-main-header-display":"","ast-hfb-above-header-display":"","ast-hfb-below-header-display":"","ast-hfb-mobile-header-display":"","site-post-title":"","ast-breadcrumbs-content":"","ast-featured-img":"","footer-sml-layout":"","ast-disable-related-posts":"","theme-transparent-header-meta":"","adv-header-id-meta":"","stick-header-meta":"","header-above-stick-meta":"","header-main-stick-meta":"","header-below-stick-meta":"","astra-migrate-meta-layouts":"default","ast-page-background-enabled":"default","ast-page-background-meta":{"desktop":{"background-color":"var(--ast-global-color-4)","background-image":"","background-repeat":"repeat","background-position":"center center","background-size":"auto","background-attachment":"scroll","background-type":"","background-media":"","overlay-type":"","overlay-color":"","overlay-opacity":"","overlay-gradient":""},"tablet":{"background-color":"","background-image":"","background-repeat":"repeat","background-position":"center center","background-size":"auto","background-attachment":"scroll","background-type":"","background-media":"","overlay-type":"","overlay-color":"","overlay-opacity":"","overlay-gradient":""},"mobile":{"background-color":"","background-image":"","background-repeat":"repeat","background-position":"center center","background-size":"auto","background-attachment":"scroll","background-type":"","background-media":"","overlay-type":"","overlay-color":"","overlay-opacity":"","overlay-gradient":""}},"ast-content-background-meta":{"desktop":{"background-color":"var(--ast-global-color-5)","background-image":"","background-repeat":"repeat","background-position":"center center","background-size":"auto","background-attachment":"scroll","background-type":"","background-media":"","overlay-type":"","overlay-color":"","overlay-opacity":"","overlay-gradient":""},"tablet":{"background-color":"var(--ast-global-color-5)","background-image":"","background-repeat":"repeat","background-position":"center center","background-size":"auto","background-attachment":"scroll","background-type":"","background-media":"","overlay-type":"","overlay-color":"","overlay-opacity":"","overlay-gradient":""},"mobile":{"background-color":"var(--ast-global-color-5)","background-image":"","background-repeat":"repeat","background-position":"center center","background-size":"auto","background-attachment":"scroll","background-type":"","background-media":"","overlay-type":"","overlay-color":"","overlay-opacity":"","overlay-gradient":""}},"footnotes":""},"categories":[16],"tags":[],"class_list":["post-746","post","type-post","status-publish","format-standard","has-post-thumbnail","hentry","category-archives-cms"],"_links":{"self":[{"href":"https:\/\/lavoiedessansvoix.fr\/lavoie\/wp-json\/wp\/v2\/posts\/746","targetHints":{"allow":["GET"]}}],"collection":[{"href":"https:\/\/lavoiedessansvoix.fr\/lavoie\/wp-json\/wp\/v2\/posts"}],"about":[{"href":"https:\/\/lavoiedessansvoix.fr\/lavoie\/wp-json\/wp\/v2\/types\/post"}],"author":[{"embeddable":true,"href":"https:\/\/lavoiedessansvoix.fr\/lavoie\/wp-json\/wp\/v2\/users\/1"}],"replies":[{"embeddable":true,"href":"https:\/\/lavoiedessansvoix.fr\/lavoie\/wp-json\/wp\/v2\/comments?post=746"}],"version-history":[{"count":1,"href":"https:\/\/lavoiedessansvoix.fr\/lavoie\/wp-json\/wp\/v2\/posts\/746\/revisions"}],"predecessor-version":[{"id":3511,"href":"https:\/\/lavoiedessansvoix.fr\/lavoie\/wp-json\/wp\/v2\/posts\/746\/revisions\/3511"}],"wp:featuredmedia":[{"embeddable":true,"href":"https:\/\/lavoiedessansvoix.fr\/lavoie\/wp-json\/wp\/v2\/media\/4331"}],"wp:attachment":[{"href":"https:\/\/lavoiedessansvoix.fr\/lavoie\/wp-json\/wp\/v2\/media?parent=746"}],"wp:term":[{"taxonomy":"category","embeddable":true,"href":"https:\/\/lavoiedessansvoix.fr\/lavoie\/wp-json\/wp\/v2\/categories?post=746"},{"taxonomy":"post_tag","embeddable":true,"href":"https:\/\/lavoiedessansvoix.fr\/lavoie\/wp-json\/wp\/v2\/tags?post=746"}],"curies":[{"name":"wp","href":"https:\/\/api.w.org\/{rel}","templated":true}]}}