{"id":745,"date":"2018-11-21T09:27:00","date_gmt":"2018-11-21T08:27:00","guid":{"rendered":"https:\/\/lavoiedessansvoix.fr\/lavoie\/2018\/11\/21\/archive-macron-la-langue-pourrie\/"},"modified":"2026-04-26T21:18:26","modified_gmt":"2026-04-26T19:18:26","slug":"archive-macron-la-langue-pourrie","status":"publish","type":"post","link":"https:\/\/lavoiedessansvoix.fr\/lavoie\/2018\/11\/21\/archive-macron-la-langue-pourrie\/","title":{"rendered":"MACRON : LA LANGUE POURRIE"},"content":{"rendered":"<p>MACRON : OU, LA LANGUE POURRIE \u00ab Le pi\u00e8ge du dialogue selon Macron \u00bb  Emmanuel Macron s\u2019\u2019est dit ouvert au dialogue avec \u00ab les Gilets jaunes \u00bb.  Dans la langue des macrons, ces andro\u00efdes autosuffisants et condescendants, \u00ab dialogue \u00bb veut dire, je vous re\u00e7ois, je vous \u00e9coute, (pas trop longtemps tout de m\u00eame. Il n\u2019y en a pas besoin pour se rendre compte que \u00ab vous n\u2019avez rien compris ? Ce qui d\u2019ailleurs est fort naturel pour des \u00ab Gaulois illettr\u00e9s et sans costard \u00bb) Puis je vous explique. Apr\u00e8s quoi vous pouvez repartir comme vous \u00eates venu, moi je continuerai \u00e0 tracer ma route sans rien changer au cap que je me suis assign\u00e9.  Au demeurant dialogue, dialoguer, c\u2019est discuter, d\u00e9battre, bavarder, \u00ab se tailler une bavette \u00bb, sans cons\u00e9quences, sans obligation, sans la moindre n\u00e9cessit\u00e9 d\u2019aboutir \u00e0 un quelconque constat commun ni au moindre accord m\u00eame \u00e0 minima.   Dialoguer n\u2019est pas \u00ab n\u00e9gocier \u00bb.  Mais dialoguer avec plus d\u2019un million et probablement bien d\u2019avantage de \u00ab Gilets jaunes \u00bb, c\u2019est impossible. Il faut des \u00ab repr\u00e9sentants \u00bb, des \u00ab d\u00e9l\u00e9gu\u00e9s \u00bb, des \u00ab d\u00e9put\u00e9s \u00bb, peu importe comme on les nomme, des individus qui incarnent le mouvement. C\u2019est \u00e0 cela qu\u2019ils voudraient en arriver. C\u2019est \u00e0 cela qu\u2019ils voudraient contraindre les \u00ab gilets jeunes \u00bb. R\u00e9duire leur mouvement de plusieurs millions de citoyens \u00e0 quelques \u00ab trognes \u00bb qu\u2019ils pourraient, ils l\u2019esp\u00e8rent  peut-\u00eatre, plus facilement \u00ab manipuler \u00bb, \u00ab intimider \u00bb, voire m\u00eame \u00ab acheter \u00bb. C\u2019est \u00e0 cela qu\u2019ils voudraient en arriver. Les quelques repr\u00e9sentants \u00ab d\u00e9sign\u00e9s \u00bb, (en v\u00e9rit\u00e9s \u00ab auto-d\u00e9sign\u00e9s \u00bb, ou parachut\u00e9s, car une d\u00e9signation v\u00e9ritable par le mouvement exigerait la structuration pr\u00e9alable de celui-ci afin de proc\u00e9der \u00e0 une campagne \u00e9lectorale permettant de connaitre des candidats \u00e0 une \u00e9lection), ainsi bombard\u00e9s \u00ab repr\u00e9sentants \u00bb d\u2019un mouvement aussi vaste et multiformes, re\u00e7us \u00e0 l\u2019\u00c9lys\u00e9e ou dans un minist\u00e8re \u00ab sous les ors de la R\u00e9publique \u00bb comme l\u2019on dit, press\u00e9s par les centaines de journalistes, des dizaines de cam\u00e9ras, se changeraient rapidement, de simples \u00ab\u00a0portes paroles\u00a0\u00bb de circonstances en de v\u00e9ritables \u00ab\u00a0figures de proues\u00a0\u00bb, en leaders\u00a0\u00bb, en \u00ab\u00a0chefs\u00a0\u00bb impos\u00e9s par on ne sait qu&rsquo;elle main invisible. Et, bien entendu les m\u00e9dias et la presse \u00ab\u00a0people\u00a0\u00bb se chargeraient de piloter cette m\u00e9tamorphose. Or, rien n&rsquo;est plus dangereux pour la survit et la r\u00e9alisation des objectifs d&rsquo;un tel mouvement que ce genre \u00ab\u00a0de chefs\u00a0\u00bb qui auraient d\u00e8s-lors la facult\u00e9 de le discr\u00e9diter ou le tuer. . Voil\u00e0 en quoi consiste le pi\u00e8ge du pr\u00e9tendu dialogue de Macron.  Mais au fait, quel besoin a-t-on de \u00ab dialogue \u00bb ?  Aucun !  Les gilets jaunes sont descendus dans la rue pour exiger l\u2019inversion de la politique fiscale des carburants et ont fait entendre \u00e0 cette occasion toute la souffrance des plus d\u00e9favoris\u00e9s. Il n\u2019y a besoin d\u2019aucun dialogue en la circonstance. Les choses sont simples. Le Pr\u00e9sident de la R\u00e9publique et son gouvernement ont une alternative devant eux :   1) Reculer, l\u00e2cher du lest, r\u00e9duire sans attendre le montant de la \u00ab TIPP \u00bb, augmenter les salaires et les prestations sociales   2) Ou bien partir.  Patrick Seignon. \u00ab lavoiedessansvoix.fr \u00bb  Mercredi 21 novembre 2018.<\/p>\n","protected":false},"excerpt":{"rendered":"<p>MACRON : OU, LA LANGUE POURRIE \u00ab Le pi\u00e8ge du dialogue selon Macron \u00bb Emmanuel Macron s\u2019\u2019est dit ouvert au [&hellip;]<\/p>\n","protected":false},"author":1,"featured_media":4330,"comment_status":"open","ping_status":"open","sticky":false,"template":"","format":"standard","meta":{"sfsi_plus_gutenberg_text_before_share":"","sfsi_plus_gutenberg_show_text_before_share":"","sfsi_plus_gutenberg_icon_type":"","sfsi_plus_gutenberg_icon_alignemt":"","sfsi_plus_gutenburg_max_per_row":"","site-sidebar-layout":"default","site-content-layout":"","ast-site-content-layout":"default","site-content-style":"default","site-sidebar-style":"default","ast-global-header-display":"","ast-banner-title-visibility":"","ast-main-header-display":"","ast-hfb-above-header-display":"","ast-hfb-below-header-display":"","ast-hfb-mobile-header-display":"","site-post-title":"","ast-breadcrumbs-content":"","ast-featured-img":"","footer-sml-layout":"","ast-disable-related-posts":"","theme-transparent-header-meta":"","adv-header-id-meta":"","stick-header-meta":"","header-above-stick-meta":"","header-main-stick-meta":"","header-below-stick-meta":"","astra-migrate-meta-layouts":"default","ast-page-background-enabled":"default","ast-page-background-meta":{"desktop":{"background-color":"var(--ast-global-color-4)","background-image":"","background-repeat":"repeat","background-position":"center center","background-size":"auto","background-attachment":"scroll","background-type":"","background-media":"","overlay-type":"","overlay-color":"","overlay-opacity":"","overlay-gradient":""},"tablet":{"background-color":"","background-image":"","background-repeat":"repeat","background-position":"center center","background-size":"auto","background-attachment":"scroll","background-type":"","background-media":"","overlay-type":"","overlay-color":"","overlay-opacity":"","overlay-gradient":""},"mobile":{"background-color":"","background-image":"","background-repeat":"repeat","background-position":"center center","background-size":"auto","background-attachment":"scroll","background-type":"","background-media":"","overlay-type":"","overlay-color":"","overlay-opacity":"","overlay-gradient":""}},"ast-content-background-meta":{"desktop":{"background-color":"var(--ast-global-color-5)","background-image":"","background-repeat":"repeat","background-position":"center center","background-size":"auto","background-attachment":"scroll","background-type":"","background-media":"","overlay-type":"","overlay-color":"","overlay-opacity":"","overlay-gradient":""},"tablet":{"background-color":"var(--ast-global-color-5)","background-image":"","background-repeat":"repeat","background-position":"center center","background-size":"auto","background-attachment":"scroll","background-type":"","background-media":"","overlay-type":"","overlay-color":"","overlay-opacity":"","overlay-gradient":""},"mobile":{"background-color":"var(--ast-global-color-5)","background-image":"","background-repeat":"repeat","background-position":"center center","background-size":"auto","background-attachment":"scroll","background-type":"","background-media":"","overlay-type":"","overlay-color":"","overlay-opacity":"","overlay-gradient":""}},"footnotes":""},"categories":[16],"tags":[],"class_list":["post-745","post","type-post","status-publish","format-standard","has-post-thumbnail","hentry","category-archives-cms"],"_links":{"self":[{"href":"https:\/\/lavoiedessansvoix.fr\/lavoie\/wp-json\/wp\/v2\/posts\/745","targetHints":{"allow":["GET"]}}],"collection":[{"href":"https:\/\/lavoiedessansvoix.fr\/lavoie\/wp-json\/wp\/v2\/posts"}],"about":[{"href":"https:\/\/lavoiedessansvoix.fr\/lavoie\/wp-json\/wp\/v2\/types\/post"}],"author":[{"embeddable":true,"href":"https:\/\/lavoiedessansvoix.fr\/lavoie\/wp-json\/wp\/v2\/users\/1"}],"replies":[{"embeddable":true,"href":"https:\/\/lavoiedessansvoix.fr\/lavoie\/wp-json\/wp\/v2\/comments?post=745"}],"version-history":[{"count":1,"href":"https:\/\/lavoiedessansvoix.fr\/lavoie\/wp-json\/wp\/v2\/posts\/745\/revisions"}],"predecessor-version":[{"id":3509,"href":"https:\/\/lavoiedessansvoix.fr\/lavoie\/wp-json\/wp\/v2\/posts\/745\/revisions\/3509"}],"wp:featuredmedia":[{"embeddable":true,"href":"https:\/\/lavoiedessansvoix.fr\/lavoie\/wp-json\/wp\/v2\/media\/4330"}],"wp:attachment":[{"href":"https:\/\/lavoiedessansvoix.fr\/lavoie\/wp-json\/wp\/v2\/media?parent=745"}],"wp:term":[{"taxonomy":"category","embeddable":true,"href":"https:\/\/lavoiedessansvoix.fr\/lavoie\/wp-json\/wp\/v2\/categories?post=745"},{"taxonomy":"post_tag","embeddable":true,"href":"https:\/\/lavoiedessansvoix.fr\/lavoie\/wp-json\/wp\/v2\/tags?post=745"}],"curies":[{"name":"wp","href":"https:\/\/api.w.org\/{rel}","templated":true}]}}