{"id":744,"date":"2018-11-23T08:06:00","date_gmt":"2018-11-23T07:06:00","guid":{"rendered":"https:\/\/lavoiedessansvoix.fr\/lavoie\/2018\/11\/23\/archive-quot-gilets-jaunes-quot-acte-deux\/"},"modified":"2026-04-26T21:18:15","modified_gmt":"2026-04-26T19:18:15","slug":"archive-quot-gilets-jaunes-quot-acte-deux","status":"publish","type":"post","link":"https:\/\/lavoiedessansvoix.fr\/lavoie\/2018\/11\/23\/archive-quot-gilets-jaunes-quot-acte-deux\/","title":{"rendered":"&quot;GILETS JAUNES&quot;, ACTE DEUX"},"content":{"rendered":"<p>\u00ab\u00a0GILETS JAUNES\u00a0\u00bb, ACTE DEUX Il y a un appel \u00e0 manifester \u00e0 Paris ce samedi 24 novembre. C\u2019est une tr\u00e8s bonne initiative. Beaucoup iront. Nous esp\u00e9rons que cette manifestation sera massive et qu\u2019elle atteindra son objectif, les grilles du palais de l\u2019Elys\u00e9e. Et si les manifestants parvenaient malgr\u00e9 la protection polici\u00e8re consid\u00e9rable dont il b\u00e9n\u00e9ficie, \u00e0  secouer les puces du petit \u00ab locataire hautain \u00bb du lieu, nous en serions bien s\u00fbr ravis.  Mais beaucoup n\u2019iront pas non plus. Pour des raisons diverses : temps, fatigue, co\u00fbt, etc. Ce n\u2019est pas un probl\u00e8me. Il y a assez de monde mobilis\u00e9 ou mobilisable pour assurer \u00e0 la fois le succ\u00e8s de la manifestation nationale dans la capitale et faire rebondir les blocages de toutes sortes en province. Ce serait m\u00eame \u00e7a le vrai grand succ\u00e8s de ce deuxi\u00e8me acte du mouvement des \u00ab gilets jaunes \u00bb, \u00eatre capable de mobiliser \u00e0 la fois, des centaines de milliers de manifestants \u00e0 Paris et des centaines de milliers d\u2019autres sur les points de blocages en province.  La victoire est possible. Ce gouvernement de \u00ab fanfarons \u00bb va en rabattre, nous allons chasser Macron le mal \u00e9lu. Alors, citoyens, amis et camarades, je vous en conjure, ce samedi 24 novembre mobilisez-vous plus nombreux que jamais, rev\u00eatez vos \u00ab gilets jaunes \u00bb rejoignez en masse la manifestation de Paris ou les blocages dans vos r\u00e9gions.  Patrick Seignon. \u00ab lavoiedessansvoix.fr \u00bb Vendredi 23 novembre 2018.Nous publierons en soir\u00e9e un article intitul\u00e9 : \u00ab\u00a0LES INCOH\u00c9RENCES DE MONSIEUR HULOT\u00a0\u00bb.<\/p>\n","protected":false},"excerpt":{"rendered":"<p>\u00ab\u00a0GILETS JAUNES\u00a0\u00bb, ACTE DEUX Il y a un appel \u00e0 manifester \u00e0 Paris ce samedi 24 novembre. C\u2019est une tr\u00e8s [&hellip;]<\/p>\n","protected":false},"author":1,"featured_media":4329,"comment_status":"open","ping_status":"open","sticky":false,"template":"","format":"standard","meta":{"sfsi_plus_gutenberg_text_before_share":"","sfsi_plus_gutenberg_show_text_before_share":"","sfsi_plus_gutenberg_icon_type":"","sfsi_plus_gutenberg_icon_alignemt":"","sfsi_plus_gutenburg_max_per_row":"","site-sidebar-layout":"default","site-content-layout":"","ast-site-content-layout":"default","site-content-style":"default","site-sidebar-style":"default","ast-global-header-display":"","ast-banner-title-visibility":"","ast-main-header-display":"","ast-hfb-above-header-display":"","ast-hfb-below-header-display":"","ast-hfb-mobile-header-display":"","site-post-title":"","ast-breadcrumbs-content":"","ast-featured-img":"","footer-sml-layout":"","ast-disable-related-posts":"","theme-transparent-header-meta":"","adv-header-id-meta":"","stick-header-meta":"","header-above-stick-meta":"","header-main-stick-meta":"","header-below-stick-meta":"","astra-migrate-meta-layouts":"default","ast-page-background-enabled":"default","ast-page-background-meta":{"desktop":{"background-color":"var(--ast-global-color-4)","background-image":"","background-repeat":"repeat","background-position":"center center","background-size":"auto","background-attachment":"scroll","background-type":"","background-media":"","overlay-type":"","overlay-color":"","overlay-opacity":"","overlay-gradient":""},"tablet":{"background-color":"","background-image":"","background-repeat":"repeat","background-position":"center center","background-size":"auto","background-attachment":"scroll","background-type":"","background-media":"","overlay-type":"","overlay-color":"","overlay-opacity":"","overlay-gradient":""},"mobile":{"background-color":"","background-image":"","background-repeat":"repeat","background-position":"center center","background-size":"auto","background-attachment":"scroll","background-type":"","background-media":"","overlay-type":"","overlay-color":"","overlay-opacity":"","overlay-gradient":""}},"ast-content-background-meta":{"desktop":{"background-color":"var(--ast-global-color-5)","background-image":"","background-repeat":"repeat","background-position":"center center","background-size":"auto","background-attachment":"scroll","background-type":"","background-media":"","overlay-type":"","overlay-color":"","overlay-opacity":"","overlay-gradient":""},"tablet":{"background-color":"var(--ast-global-color-5)","background-image":"","background-repeat":"repeat","background-position":"center center","background-size":"auto","background-attachment":"scroll","background-type":"","background-media":"","overlay-type":"","overlay-color":"","overlay-opacity":"","overlay-gradient":""},"mobile":{"background-color":"var(--ast-global-color-5)","background-image":"","background-repeat":"repeat","background-position":"center center","background-size":"auto","background-attachment":"scroll","background-type":"","background-media":"","overlay-type":"","overlay-color":"","overlay-opacity":"","overlay-gradient":""}},"footnotes":""},"categories":[16],"tags":[],"class_list":["post-744","post","type-post","status-publish","format-standard","has-post-thumbnail","hentry","category-archives-cms"],"_links":{"self":[{"href":"https:\/\/lavoiedessansvoix.fr\/lavoie\/wp-json\/wp\/v2\/posts\/744","targetHints":{"allow":["GET"]}}],"collection":[{"href":"https:\/\/lavoiedessansvoix.fr\/lavoie\/wp-json\/wp\/v2\/posts"}],"about":[{"href":"https:\/\/lavoiedessansvoix.fr\/lavoie\/wp-json\/wp\/v2\/types\/post"}],"author":[{"embeddable":true,"href":"https:\/\/lavoiedessansvoix.fr\/lavoie\/wp-json\/wp\/v2\/users\/1"}],"replies":[{"embeddable":true,"href":"https:\/\/lavoiedessansvoix.fr\/lavoie\/wp-json\/wp\/v2\/comments?post=744"}],"version-history":[{"count":1,"href":"https:\/\/lavoiedessansvoix.fr\/lavoie\/wp-json\/wp\/v2\/posts\/744\/revisions"}],"predecessor-version":[{"id":3507,"href":"https:\/\/lavoiedessansvoix.fr\/lavoie\/wp-json\/wp\/v2\/posts\/744\/revisions\/3507"}],"wp:featuredmedia":[{"embeddable":true,"href":"https:\/\/lavoiedessansvoix.fr\/lavoie\/wp-json\/wp\/v2\/media\/4329"}],"wp:attachment":[{"href":"https:\/\/lavoiedessansvoix.fr\/lavoie\/wp-json\/wp\/v2\/media?parent=744"}],"wp:term":[{"taxonomy":"category","embeddable":true,"href":"https:\/\/lavoiedessansvoix.fr\/lavoie\/wp-json\/wp\/v2\/categories?post=744"},{"taxonomy":"post_tag","embeddable":true,"href":"https:\/\/lavoiedessansvoix.fr\/lavoie\/wp-json\/wp\/v2\/tags?post=744"}],"curies":[{"name":"wp","href":"https:\/\/api.w.org\/{rel}","templated":true}]}}