{"id":741,"date":"2018-11-27T10:08:00","date_gmt":"2018-11-27T09:08:00","guid":{"rendered":"https:\/\/lavoiedessansvoix.fr\/lavoie\/2018\/11\/27\/archive-macron-la-provocation\/"},"modified":"2026-04-26T21:17:47","modified_gmt":"2026-04-26T19:17:47","slug":"archive-macron-la-provocation","status":"publish","type":"post","link":"https:\/\/lavoiedessansvoix.fr\/lavoie\/2018\/11\/27\/archive-macron-la-provocation\/","title":{"rendered":"MACRON, LA PROVOCATION"},"content":{"rendered":"<p>MACRON, LA PROVOCATION \u00ab Trou\u2026 \u00bb a parl\u00e9. Son discours est une insulte \u00e0 la mobilisation des \u00ab Gilets jaunes \u00bb et une provocation au peuple qui souffre.  Rien ne changera \u00e0 la fiscalit\u00e9 des carburants, au pr\u00e9texte fallacieux des enjeux \u00e9cologiques. FALLACIEUX ! Nous l\u2019avons dit et explicit\u00e9 plusieurs fois et la grande majorit\u00e9 des gens mobilis\u00e9s l\u2019ont compris par ailleurs, ce n\u2019est donc pas la peine de nous r\u00e9p\u00e9ter, les motivations \u00e9cologistes ne sont en la circonstance qu\u2019une machine de guerre pour \u00e9roder le pouvoir d\u2019achat des plus modestes.   Macron promet un \u00ab accompagnement social \u00bb. Mais qu\u2019est-ce que cela veut dire ? Cela veut dire qu\u2019il n\u2019est pas question de rendre du pouvoir d\u2019achat aux salari\u00e9s. Que l\u2019on va continuer de les appauvrir, de les pr\u00e9cipiter plus encore dans la mis\u00e8re. Et afin d\u2019\u00e9viter qu\u2019ils se mettent trop en col\u00e8re on va faire \u00ab du saupoudrage social \u00bb, de l\u2019assistanat. Comme certains sont contraints pour manger de s\u2019adresser au restaurant du c\u0153ur, ils seront contraints aussi d\u2019aller mendier des \u00ab ch\u00e8ques carburants \u00bb. Ce n\u2019est pas cela que veulent les gens, ce n\u2019est pas cela que veulent les gilets jaunes. Ils veulent vivre d\u00e9cemment de leurs propres revenus. Ce sont des commer\u00e7ants, des artisans, des salari\u00e9s, des agriculteurs, des travailleurs priv\u00e9s d\u2019emplois, ils veulent vivre dignement et la t\u00eate haute et re\u00e7oivent comme une injure \u00ab la charit\u00e9 d\u2019Etat \u00bb de Macron.  D\u2019autant plus que \u00abMonsieur le 1er consul \u00bb botte en touche. Il ordonne un \u00ab volet social \u00bb et s\u2019en d\u00e9charge aussit\u00f4t sur les r\u00e9gions qui souffrent d\u00e9j\u00e0 des r\u00e9ductions de dotations de l\u2019\u00c9tat. Alors que feront les r\u00e9gions, elles augmenteront d\u2019une mani\u00e8re ou d\u2019une autre leur propre fiscalit\u00e9 et c\u2019est encore nous qui paierons. Que les pauvres se d\u00e9merdent entre eux, qu\u2019ils partagent leur mis\u00e8re, voil\u00e0 ce que Macron a dit en r\u00e9sum\u00e9 sur ce sujet.  Emmanuel Macron a r\u00e9pondu enti\u00e8rement \u00e0 c\u00f4t\u00e9. Ce qui est une marque de d\u00e9dain insupportable pour ceux qui posent les questions. Une seule fois sur un point limit\u00e9, il parait \u00eatre dans le sujet. \u00ab  Nos concitoyens disent que la baisse des pr\u00e9l\u00e8vements ne va pas assez vite, il va falloir voir comment acc\u00e9l\u00e9rer. \u00bb Or, il s\u2019agit l\u00e0 d\u2019un pi\u00e8ge abominable tendu aux salari\u00e9s. Les pr\u00e9l\u00e8vements sur salaire sont les outils de financement des retraites, de la sant\u00e9, de la famille, si on les r\u00e9duits il va de pair que l\u2019on r\u00e9duira le niveau des prestations. Baisser les charges sur salaire revient \u00e0 nous faire nous payer nous-m\u00eame. Ce sont les revenus qui doivent augmenter et non les pr\u00e9l\u00e8vements baisser.  Macron ouvre le dialogue ? Une d\u00e9l\u00e9gation \u00ab autoproclam\u00e9e des Gilets Jaunes \u00bb sera re\u00e7u, mais pas par lui-m\u00eame, par Fran\u00e7ois de Rugy, son ministre de l\u2019\u00e9cologie. Cette passe de \u00ab muleta \u00bb est elle aussi orduri\u00e8re de la part de celui qui est encore pour peu le chef de l\u2019\u00c9tat. Orduri\u00e8re car c\u2019est une mani\u00e8re de minimiser l\u2019impact du mouvement, orduri\u00e8re car lorsque les revendications port\u00e9es par les gilets Jaunes, Fiscalit\u00e9 des carburants, niveau des prestations sociales,  salaires, fonctionnement de la d\u00e9mocratie, rel\u00e8vent \u00e0 n\u2019en pas douter, du chef de l\u2019\u00c9tat et du Ministre des Finances, il renvoie les protagonistes \u00e0 un simple \u00e9change avec le Ministre de l\u2019\u00e9cologie ce qui est une mani\u00e8re d\u2019opposer une fin de non-recevoir aux revendications des \u00ab Gilets Jaunes \u00bb.  La d\u00e9l\u00e9gation qui se rendra cet apr\u00e8s-midi \u00e0 l\u2019invitation de Mr De Rugy va commettre une faute grave contre le mouvement que ses membres ont en partie initi\u00e9. Car c\u2019est une faute r\u00e9dhibitoire d\u2019accepter \u00ab l\u2019\u00e9cologie comme cadre impos\u00e9 de la discussion \u00bb, ce qui implique que celle-ci ne pourra porter que sur les mesures envisag\u00e9es de \u00ab la transition  \u00e9cologique \u00bb c\u2019est-\u00e0-dire pr\u00e9cis\u00e9ment les motifs que le gouvernement invoque pour nous taxer toujours plus.  En toute logique, dans ce cadre contraint, la d\u00e9l\u00e9gation aurait d\u00fb d\u00e9cliner l\u2019invitation.  Emmanuel Macron et enti\u00e8rement hors sujet. Sa d\u00e9sinvolture et son m\u00e9pris s\u2019apparentent \u00e0 de la provocation. Il doit-\u00eatre destitu\u00e9 au plus vite. La s\u00e9curit\u00e9 des Fran\u00e7ais en d\u00e9pend.  Patrick Seignon. \u00ab lavoiedessansvoix.fr \u00bb. Mardi27 novembre 2018.<\/p>\n","protected":false},"excerpt":{"rendered":"<p>MACRON, LA PROVOCATION \u00ab Trou\u2026 \u00bb a parl\u00e9. Son discours est une insulte \u00e0 la mobilisation des \u00ab Gilets jaunes [&hellip;]<\/p>\n","protected":false},"author":1,"featured_media":4326,"comment_status":"open","ping_status":"open","sticky":false,"template":"","format":"standard","meta":{"sfsi_plus_gutenberg_text_before_share":"","sfsi_plus_gutenberg_show_text_before_share":"","sfsi_plus_gutenberg_icon_type":"","sfsi_plus_gutenberg_icon_alignemt":"","sfsi_plus_gutenburg_max_per_row":"","site-sidebar-layout":"default","site-content-layout":"","ast-site-content-layout":"default","site-content-style":"default","site-sidebar-style":"default","ast-global-header-display":"","ast-banner-title-visibility":"","ast-main-header-display":"","ast-hfb-above-header-display":"","ast-hfb-below-header-display":"","ast-hfb-mobile-header-display":"","site-post-title":"","ast-breadcrumbs-content":"","ast-featured-img":"","footer-sml-layout":"","ast-disable-related-posts":"","theme-transparent-header-meta":"","adv-header-id-meta":"","stick-header-meta":"","header-above-stick-meta":"","header-main-stick-meta":"","header-below-stick-meta":"","astra-migrate-meta-layouts":"default","ast-page-background-enabled":"default","ast-page-background-meta":{"desktop":{"background-color":"var(--ast-global-color-4)","background-image":"","background-repeat":"repeat","background-position":"center center","background-size":"auto","background-attachment":"scroll","background-type":"","background-media":"","overlay-type":"","overlay-color":"","overlay-opacity":"","overlay-gradient":""},"tablet":{"background-color":"","background-image":"","background-repeat":"repeat","background-position":"center center","background-size":"auto","background-attachment":"scroll","background-type":"","background-media":"","overlay-type":"","overlay-color":"","overlay-opacity":"","overlay-gradient":""},"mobile":{"background-color":"","background-image":"","background-repeat":"repeat","background-position":"center center","background-size":"auto","background-attachment":"scroll","background-type":"","background-media":"","overlay-type":"","overlay-color":"","overlay-opacity":"","overlay-gradient":""}},"ast-content-background-meta":{"desktop":{"background-color":"var(--ast-global-color-5)","background-image":"","background-repeat":"repeat","background-position":"center center","background-size":"auto","background-attachment":"scroll","background-type":"","background-media":"","overlay-type":"","overlay-color":"","overlay-opacity":"","overlay-gradient":""},"tablet":{"background-color":"var(--ast-global-color-5)","background-image":"","background-repeat":"repeat","background-position":"center center","background-size":"auto","background-attachment":"scroll","background-type":"","background-media":"","overlay-type":"","overlay-color":"","overlay-opacity":"","overlay-gradient":""},"mobile":{"background-color":"var(--ast-global-color-5)","background-image":"","background-repeat":"repeat","background-position":"center center","background-size":"auto","background-attachment":"scroll","background-type":"","background-media":"","overlay-type":"","overlay-color":"","overlay-opacity":"","overlay-gradient":""}},"footnotes":""},"categories":[16],"tags":[],"class_list":["post-741","post","type-post","status-publish","format-standard","has-post-thumbnail","hentry","category-archives-cms"],"_links":{"self":[{"href":"https:\/\/lavoiedessansvoix.fr\/lavoie\/wp-json\/wp\/v2\/posts\/741","targetHints":{"allow":["GET"]}}],"collection":[{"href":"https:\/\/lavoiedessansvoix.fr\/lavoie\/wp-json\/wp\/v2\/posts"}],"about":[{"href":"https:\/\/lavoiedessansvoix.fr\/lavoie\/wp-json\/wp\/v2\/types\/post"}],"author":[{"embeddable":true,"href":"https:\/\/lavoiedessansvoix.fr\/lavoie\/wp-json\/wp\/v2\/users\/1"}],"replies":[{"embeddable":true,"href":"https:\/\/lavoiedessansvoix.fr\/lavoie\/wp-json\/wp\/v2\/comments?post=741"}],"version-history":[{"count":1,"href":"https:\/\/lavoiedessansvoix.fr\/lavoie\/wp-json\/wp\/v2\/posts\/741\/revisions"}],"predecessor-version":[{"id":3501,"href":"https:\/\/lavoiedessansvoix.fr\/lavoie\/wp-json\/wp\/v2\/posts\/741\/revisions\/3501"}],"wp:featuredmedia":[{"embeddable":true,"href":"https:\/\/lavoiedessansvoix.fr\/lavoie\/wp-json\/wp\/v2\/media\/4326"}],"wp:attachment":[{"href":"https:\/\/lavoiedessansvoix.fr\/lavoie\/wp-json\/wp\/v2\/media?parent=741"}],"wp:term":[{"taxonomy":"category","embeddable":true,"href":"https:\/\/lavoiedessansvoix.fr\/lavoie\/wp-json\/wp\/v2\/categories?post=741"},{"taxonomy":"post_tag","embeddable":true,"href":"https:\/\/lavoiedessansvoix.fr\/lavoie\/wp-json\/wp\/v2\/tags?post=741"}],"curies":[{"name":"wp","href":"https:\/\/api.w.org\/{rel}","templated":true}]}}