{"id":740,"date":"2018-11-29T03:10:00","date_gmt":"2018-11-29T02:10:00","guid":{"rendered":"https:\/\/lavoiedessansvoix.fr\/lavoie\/2018\/11\/29\/archive-adresse-aux-gilets-jaunes-macron-destitution\/"},"modified":"2026-04-26T21:17:38","modified_gmt":"2026-04-26T19:17:38","slug":"archive-adresse-aux-gilets-jaunes-macron-destitution","status":"publish","type":"post","link":"https:\/\/lavoiedessansvoix.fr\/lavoie\/2018\/11\/29\/archive-adresse-aux-gilets-jaunes-macron-destitution\/","title":{"rendered":"ADRESSE AUX GILETS JAUNES :  (MACRON DESTITUTION)"},"content":{"rendered":"<p>\u00ab Lavoiedessansvoix.fr \u00bbADRESSE AUX GILETS JAUNES :(MACRON DESTITUTION)  On entend fr\u00e9quemment dans les rassemblements de \u00ab Gilets-jaunes \u00bb scander : \u00ab Macron d\u00e9mission ! \u00bb. Au-del\u00e0 m\u00eame de ce cri de col\u00e8re, ce mouvement populaire contestataire parait avoir fait sienne la revendication de  \u00ab destitution \u00bb d\u2019Emmanuel Macron.  De par la posture obtuse et arrogante qu\u2019il a r\u00e9solu d\u2019adopter face \u00e0 ce profond m\u00e9contentement social, le .8\u00e8me  Pr\u00e9sident de la 5\u00e8me R\u00e9publique vient d\u2019administrer la preuve qu\u2019il n\u2019est pas \u00e0 la hauteur de sa fonction et d\u00e9montr\u00e9 lui-m\u00eame la grande pertinence de la revendication populaire de sa destitution.   \u00ab\u00a0La voie des sans voix\u00a0\u00bb peut se targuer d&rsquo;avoir, eu en cette affaire plusieurs longueurs d&rsquo;avance. Voil\u00e0 ci-dessous l\u2019article paru dans nos pages le 11 juin 2018 intitul\u00e9 :  MACRON, DESTITUTION.   \u00ab Nous avons bien entendu vot\u00e9 des deux mains au sondage paru sur \u00ab Mesopinions.com \u00bb pour exiger \u00ab la d\u00e9mission ou la destitution d\u2019Emmanuel Macron \u00bb, et avons post\u00e9 l&rsquo;article ci-dessous en commentaire de notre signature. N\u2019avions-nous pas \u00e9mise, d\u00e8s \u00ab son \u00e9lection \u00bb acquise, l\u2019id\u00e9e que celle-ci, \u00e9tait \u00ab usurp\u00e9e, et qu\u2019il convenait d\u2019en contester la l\u00e9gitimit\u00e9 ? (Voir nos articles : MAIS QU\u2019ATTENDS-T-ON POUR LE FICHE DEHORS, \u00ab \u00ab BORDEL ! \u00bb (6\/10\/2017) et \u00ab IMPEACHMENT \u00bb MACRON D\u00c9GAGE ! \u00bb (13\/9\/2017)) Depuis, Fran\u00e7ois Hollande qui b\u00e9n\u00e9ficie d\u2019une grande expertise sur le sujet, puisqu\u2019il en a \u00e9t\u00e9 le maitre d\u2019\u0153uvres, a lui-m\u00eame admis qu\u2019il s\u2019agissait d\u2019une \u00ab \u00e9lection par effraction \u00bb.  Le m\u00e9contentement est profond, quasi g\u00e9n\u00e9ral. \u00ab La \u00bb, ou \u00ab les \u00bb grognes s\u2019expriment dans tous les secteurs de la soci\u00e9t\u00e9. : \u00c9tudiants, cheminots, personnels d\u2019Air France, Avocats, agriculteurs, retrait\u00e9s,(enseignants) automobilistes, fonctionnaires, personnels hospitaliers. On en parle, on r\u00eave, de convergence des luttes. Elle ne se fait pas. Pourquoi ?    Parce qu\u2019il n\u2019y a pas, pour l\u2019heure, de revendication \u00ab unifiante \u00bb qui cimente le mouvement  Alors, du haut de la pyramide institutionnelle de la 5\u00e8me R\u00e9publique vermoulue, notre \u00ab Jupiter \u00bben culotte courte, se pavane, joue les gros bras, se prend pour plus malin qu\u2019il n\u2019est r\u00e9ellement, \u00e9dicte la loi, les contres r\u00e9formes antisociales, annule la d\u00e9mocratie et d\u00e9daigne les protestations. Se vante de venir \u00e0 bout de chacune de ces \u00ab grognes \u00bb s\u00e9par\u00e9ment.    Elle est l\u00e0 la revendication unificatrice de la grogne sociale. Haro sur ce pouvoir de \u00ab monarchie \u00e9lective \u00bb, d\u00e9mission \u00bb ou s\u2019il s\u2019accroche, \u00ab destitution \u00bb d\u2019Emmanuel Macron. Le voil\u00e0 le mot d\u2019ordre de la convergence des luttes    On quitte le terrain de la revendication professionnelle ou sociale il s\u2019agit l\u00e0 d\u2019une revendication politique, nous dirons certains \u00ab syndicalistes maison \u00bb effarouch\u00e9s, trop contents de prendre ce pr\u00e9texte pour quitter le navire de la contestation et s\u2019adonner \u00e0 leurs petites compromissions et \u00ab magouilles \u00bb habituelles. Mais telle est l\u2019imparable r\u00e9alit\u00e9, toute revendication unificatrice parce qu\u2019elle f\u00e9d\u00e8re les mouvements \u00e0 l\u2019\u00e9chelle de la soci\u00e9t\u00e9 toute enti\u00e8re rev\u00eat un caract\u00e8re politique obligatoire. Ceux qui la refuse \u00e0 ce pr\u00e9texte sont ceux qui pr\u00e9f\u00e8rent (car ce sont des vendus) nous faire perdre en d\u00e9tail, chacun dans notre coin, plut\u00f4t que gagner \u00ab TOUS ENSEMBLE \u00bb.    Depuis est apparu le mouvement \u00ab des gilets jaunes \u00bb, celui-ci a balay\u00e9 les fronti\u00e8res cat\u00e9gorielles et de par sa nature rev\u00eat un \u00e9norme potentiel unificateur ; Vous voulez vraiment gagner, faire plier ce pouvoir ?     Alors oui Amis, Citoyens et camarades,TOUS ENSEMBLE, EXIGEONS:LA DESTITUTION D\u2019EMMANUEL MACRON.  Patrick Seignon. \u00ab lavoiedessansvoix.fr \u00bb, et, \u00ab lavoiedessansvoix.com \u00bb.<\/p>\n","protected":false},"excerpt":{"rendered":"<p>\u00ab Lavoiedessansvoix.fr \u00bbADRESSE AUX GILETS JAUNES :(MACRON DESTITUTION) On entend fr\u00e9quemment dans les rassemblements de \u00ab Gilets-jaunes \u00bb scander : [&hellip;]<\/p>\n","protected":false},"author":1,"featured_media":4325,"comment_status":"open","ping_status":"open","sticky":false,"template":"","format":"standard","meta":{"sfsi_plus_gutenberg_text_before_share":"","sfsi_plus_gutenberg_show_text_before_share":"","sfsi_plus_gutenberg_icon_type":"","sfsi_plus_gutenberg_icon_alignemt":"","sfsi_plus_gutenburg_max_per_row":"","site-sidebar-layout":"default","site-content-layout":"","ast-site-content-layout":"default","site-content-style":"default","site-sidebar-style":"default","ast-global-header-display":"","ast-banner-title-visibility":"","ast-main-header-display":"","ast-hfb-above-header-display":"","ast-hfb-below-header-display":"","ast-hfb-mobile-header-display":"","site-post-title":"","ast-breadcrumbs-content":"","ast-featured-img":"","footer-sml-layout":"","ast-disable-related-posts":"","theme-transparent-header-meta":"","adv-header-id-meta":"","stick-header-meta":"","header-above-stick-meta":"","header-main-stick-meta":"","header-below-stick-meta":"","astra-migrate-meta-layouts":"default","ast-page-background-enabled":"default","ast-page-background-meta":{"desktop":{"background-color":"var(--ast-global-color-4)","background-image":"","background-repeat":"repeat","background-position":"center center","background-size":"auto","background-attachment":"scroll","background-type":"","background-media":"","overlay-type":"","overlay-color":"","overlay-opacity":"","overlay-gradient":""},"tablet":{"background-color":"","background-image":"","background-repeat":"repeat","background-position":"center center","background-size":"auto","background-attachment":"scroll","background-type":"","background-media":"","overlay-type":"","overlay-color":"","overlay-opacity":"","overlay-gradient":""},"mobile":{"background-color":"","background-image":"","background-repeat":"repeat","background-position":"center center","background-size":"auto","background-attachment":"scroll","background-type":"","background-media":"","overlay-type":"","overlay-color":"","overlay-opacity":"","overlay-gradient":""}},"ast-content-background-meta":{"desktop":{"background-color":"var(--ast-global-color-5)","background-image":"","background-repeat":"repeat","background-position":"center center","background-size":"auto","background-attachment":"scroll","background-type":"","background-media":"","overlay-type":"","overlay-color":"","overlay-opacity":"","overlay-gradient":""},"tablet":{"background-color":"var(--ast-global-color-5)","background-image":"","background-repeat":"repeat","background-position":"center center","background-size":"auto","background-attachment":"scroll","background-type":"","background-media":"","overlay-type":"","overlay-color":"","overlay-opacity":"","overlay-gradient":""},"mobile":{"background-color":"var(--ast-global-color-5)","background-image":"","background-repeat":"repeat","background-position":"center center","background-size":"auto","background-attachment":"scroll","background-type":"","background-media":"","overlay-type":"","overlay-color":"","overlay-opacity":"","overlay-gradient":""}},"footnotes":""},"categories":[16],"tags":[],"class_list":["post-740","post","type-post","status-publish","format-standard","has-post-thumbnail","hentry","category-archives-cms"],"_links":{"self":[{"href":"https:\/\/lavoiedessansvoix.fr\/lavoie\/wp-json\/wp\/v2\/posts\/740","targetHints":{"allow":["GET"]}}],"collection":[{"href":"https:\/\/lavoiedessansvoix.fr\/lavoie\/wp-json\/wp\/v2\/posts"}],"about":[{"href":"https:\/\/lavoiedessansvoix.fr\/lavoie\/wp-json\/wp\/v2\/types\/post"}],"author":[{"embeddable":true,"href":"https:\/\/lavoiedessansvoix.fr\/lavoie\/wp-json\/wp\/v2\/users\/1"}],"replies":[{"embeddable":true,"href":"https:\/\/lavoiedessansvoix.fr\/lavoie\/wp-json\/wp\/v2\/comments?post=740"}],"version-history":[{"count":1,"href":"https:\/\/lavoiedessansvoix.fr\/lavoie\/wp-json\/wp\/v2\/posts\/740\/revisions"}],"predecessor-version":[{"id":3499,"href":"https:\/\/lavoiedessansvoix.fr\/lavoie\/wp-json\/wp\/v2\/posts\/740\/revisions\/3499"}],"wp:featuredmedia":[{"embeddable":true,"href":"https:\/\/lavoiedessansvoix.fr\/lavoie\/wp-json\/wp\/v2\/media\/4325"}],"wp:attachment":[{"href":"https:\/\/lavoiedessansvoix.fr\/lavoie\/wp-json\/wp\/v2\/media?parent=740"}],"wp:term":[{"taxonomy":"category","embeddable":true,"href":"https:\/\/lavoiedessansvoix.fr\/lavoie\/wp-json\/wp\/v2\/categories?post=740"},{"taxonomy":"post_tag","embeddable":true,"href":"https:\/\/lavoiedessansvoix.fr\/lavoie\/wp-json\/wp\/v2\/tags?post=740"}],"curies":[{"name":"wp","href":"https:\/\/api.w.org\/{rel}","templated":true}]}}