{"id":739,"date":"2018-12-01T04:26:00","date_gmt":"2018-12-01T03:26:00","guid":{"rendered":"https:\/\/lavoiedessansvoix.fr\/lavoie\/2018\/12\/01\/archive-lettre-ouverte-au-bureau-confederal-de-la-cgt-a-monsieur-philippe-martinez-secre\/"},"modified":"2026-04-26T21:17:28","modified_gmt":"2026-04-26T19:17:28","slug":"archive-lettre-ouverte-au-bureau-confederal-de-la-cgt-a-monsieur-philippe-martinez-secre","status":"publish","type":"post","link":"https:\/\/lavoiedessansvoix.fr\/lavoie\/2018\/12\/01\/archive-lettre-ouverte-au-bureau-confederal-de-la-cgt-a-monsieur-philippe-martinez-secre\/","title":{"rendered":"LETTRE OUVERTE AU BUREAU CONFEDERAL DE LA CGT  A Monsieur Philippe Martinez secr\u00e9taire conf\u00e9d\u00e9ral  Monsieur,  \u00ab MES PAUVRES CAMARADES \u00bb"},"content":{"rendered":"<p>LETTRE OUVERTE AU BUREAU CONF\u00c9D\u00c9RAL DE LA CGT  A Monsieur Philippe Martinez secr\u00e9taire conf\u00e9d\u00e9ral     MONSIEUR, \u00ab MES PAUVRES CAMARADES \u00bb. Un mouvement venu du plus profond de la soci\u00e9t\u00e9 c\u2019est coagul\u00e9 r\u00e9cemment autour de la question des prix des carburants et de la part des taxes d\u2019\u00c9tat dans ceux-ci. Ce mouvement populaire f\u00e9d\u00e8re les protestations et les revendications multiples d\u2019une France qui souffre sous les coups de boutoir d\u2019une politique ultra lib\u00e9rale brutale, conduite pour le plus grand bien des plus hautes couches de la finance et du capitalisme de (format) international. La logique eut voulu que les organisations syndicales de salari\u00e9s qui ont \u00e9chou\u00e9es jusque-l\u00e0 \u00e0 mobiliser pour s\u2019opposer \u00e0 cette politique infernale, accueillent avec enthousiasme cette r\u00e9action populaire salutaire qui rallume l\u2019esp\u00e9rance dans la r\u00e9sistance des masses. Or c\u2019est le contraire que vous faites. Au lieu d\u2019enfourcher le cheval de la contestation vous le snobez et l\u2019insultez, tentez m\u00eame de lui trancher les jarrets.  Ce mouvement serait inspir\u00e9 et manipul\u00e9 par le \u00ab front National \u00bb, et cela \u00e0 vous entendre constituerait un motif r\u00e9dhibitoire.  Moi, C\u00e9g\u00e9tiste de c\u0153ur, de culture, et d\u2019adh\u00e9sion, je vous le dit tout net camarades, vous vous fourvoyez gravement. Par votre positionnement \u00e0 l\u2019\u00e9gard des Gilets jaunes, vous \u00eates en passe de sceller votre propre sort, de clouer le cercueil de la CGT historique, syndicat de classe et de masse.  Moi qui vais \u00e0 la rencontre et  au contact du mouvement des Gilets jaunes, moi qui prend une part active et sans arri\u00e8res pens\u00e9es \u00e0 celui-ci, je peux vous l\u2019affirmer, votre caract\u00e9risation de ce mouvement fait \u00e0 l\u2019emporte-pi\u00e8ce du sectarisme le plus ignare, est en total d\u00e9calage avec la r\u00e9alit\u00e9.  J\u2019ai rencontr\u00e9 des petits salari\u00e9s des associations d\u2019aide \u00e0 la personne, des aides-soignantes, des salari\u00e9s mal pay\u00e9s d\u2019entreprises du secteur de l\u2019agriculture, des conducteurs de poids lourds, des caissi\u00e8res et rayonnistes de grande surface, des agriculteurs, des autoentrepreneurs, des artisans des petits commer\u00e7ants et moult retrait\u00e9s, de la SNCF, de Renault et d\u2019ailleurs. Un grand nombre d\u2019entre eux m\u2019ont dit leurs opinions politiques \u00ab de gauche \u00bb, le contenu du cahier revendicatif des Gilets-Jaunes est lui-m\u00eame \u00e9loquent. : Certes la diminution des taxes qui gr\u00e8vent le pouvoir d\u2019achat des plus modestes, mais aussi le d\u00e9veloppement des transports en commun et la \u00ab renationalisation \u00bb du secteur public. Non pas vraiment un programme, ni fasciste ni m\u00eame de droite extr\u00eame.   Alors oui, je vous le conc\u00e8de, il y a parmi les \u00ab Gilets-Jaunes \u00bb des gens qui ont vot\u00e9 \u00ab Marine Le Pen \u00bb aux derni\u00e8res \u00e9lections pr\u00e9sidentielles, qui partagent les id\u00e9es du \u00ab RN \u00bb sur l\u2019immigration. Ce sont souvent des salari\u00e9s parmi les plus modestes. Ceux que, dans le sillage du P.S. et de \u00ab l\u2019Union de la Gauche \u00bb, vous avez abandonn\u00e9s depuis si longtemps, ceux dont vous avez ces derni\u00e8res d\u00e9cennies, d\u00e9laiss\u00e9s les int\u00e9r\u00eats et les pr\u00e9occupations. Abandonn\u00e9s par vous, d\u00e9sorient\u00e9s, certains se sont tourn\u00e9s vers le F.N. Auriez-vous l\u2019outrecuidance de leur faire reproche de votre propre d\u00e9faillance ? Des travailleurs, des salari\u00e9s qui tentent de gagner leur vie en travaillant, que le pouvoir politique pr\u00e9cipite toujours plus vers le d\u00e9classement et la mis\u00e8re, seraient-ils moins respectables parce qu\u2019en d\u00e9sespoir de cause ils se tournent vers d\u2019autres qui les \u00e9coutent et paraissent les entendre. Serait-ce, de les rejeter ou de les insulter, la bonne m\u00e9thode de les convaincre d\u2019emprunter d\u2019autres voies ? Au lieu d\u2019aller \u00e0 la rencontre de ces gens dont la souffrance devrait interpeller des syndicalistes cons\u00e9quents, vous les laissez seuls aux prises avec l\u2019influence du \u00ab R.N. \u00bb. Une telle attitude de votre part ne peut que les confirmer dans leurs vues. Elle est enti\u00e8rement contre-productive. Il faut en d\u00e9duire que votre argument ne tient pas debout, que votre ostracisme n\u2019est de force \u00e0 d\u00e9montrer que vos limites intellectuelles, pas votre volont\u00e9 de gagner le peuple \u00e0 votre cause et \u00e0 votre fa\u00e7on de voir, encore moins celle de vous battre avec lui pour la victoire de ses revendications.   Les Gilets Jaunes sont mes fr\u00e8res et s\u0153urs de combat. Tous ne partagent pas ma fa\u00e7on d\u2019appr\u00e9hender les choses fond\u00e9 sur la culture du mouvement ouvrier, syndical et socialiste-internationaliste \u00bb. Mais moi, j\u2019ai pris langue avec eux, pour partager leur juste combat. Voil\u00e0 me semble-t-il la bonne fa\u00e7on de les inviter \u00e0 emprunter des voies plus compatibles avec ma culture et ma morale politique.  Mais vous,.. Avez-vous seulement le droit de leur reprocher leur sentiment \u00ab pro-FN \u00bb, r\u00e9el ou fantasm\u00e9, vous qui ne faites rien pour leur ouvrir d\u2019autres voies ?  Vous vous vous d\u00e9robez, vous d\u00e9missionnez, vous jetez le b\u00e9b\u00e9 avec l\u2019eau du bain. Vous faites preuve de c\u00e9cit\u00e9 politique totale, peut-\u00eatre m\u00eame est-ce elle qui vous emp\u00eache de comprendre que vous \u00eates en train de vous suicider.  Bien s\u00fbr, j\u2019esp\u00e8re encore tr\u00e8s sinc\u00e8rement que vous allez vous reprendre, rectifier le cap, rejoindre avec humilit\u00e9 la lutte \u00ab tous ensemble. \u00bb   Mais si vous ne le faites pas, sachez alors que moi et d\u2019autres comme moi, ramasserons le pauvre drapeau rouge des combats ouvriers du pass\u00e9 que vous insultez en le trainant dans la boue de l\u2019ignorance et du sectarisme, non contre l\u2019horrible pouvoir des banquiers, mais contre le combat de nos fr\u00e8res et s\u0153urs \u00ab Gilets-Jaunes \u00bb. Nous le brandiront, nous sauverons l\u2019honneur de la CGT. Oh bien s\u00fbr pas la v\u00f4tre, que vous vous proposez de trainer ce jour culs parterre, non pour vous joindre \u00e0 la lutte commune mais pour tenter de faire diversion, de la diviser, d\u2019interdire \u00e0 vos adh\u00e9rents de la rejoindre. Mais l\u2019autre C.G.T., celle de la m\u00e9moire et de l\u2019Histoire, celle des Monatte Rosmer, Tillon, Fajon, S\u00e9mard, et des dizaines de milliers d\u2019autres c\u00e9l\u00e8bres ou anonymes. Celle qui marche debout et qui refuse de s\u2019assoir ou de se coucher face au pouvoir des \u00ab gav\u00e9s \u00bb.   Vous voudriez prononcer le divorce sans retour du jaune et du rouge au nom duquel je vous d\u00e9nie d\u2019ailleurs  le droit de parler. Moi et d\u2019autres militerons au contraire pour le mariage du rouge et du jaune prometteur des grandes victoires sociales de demain.  Patrick Seignon. \u00ab lavoiedessansvoix.fr \u00bb Samedi 1er d\u00e9cembre 2018.  (Patrick Seignon, Cheminot retrait\u00e9 CV Syndical et de luttes revendicatives : 1er adh\u00e9sion \u00e0 la CGT \u00e0 15 ans, branche m\u00e9tallurgie, organisateur de plusieurs sections syndicales CGT dans plusieurs entreprises petites ou moyennes de la m\u00e9tallurgie et de la r\u00e9paration navale. Organisateur d\u2019une section syndicale CGT dans une entreprise du b\u00e2timent et organisateur de la gr\u00e8ve de Mai 68 dans le secteur du b\u00e2timent \u00e0 Aix-en-Provence. Rentr\u00e9 \u00e0 la SNCF fin 1970, adh\u00e9rant CGT d\u00e9but 1971, exclu de la CGT en 1982, r\u00e9-adh\u00e9sion \u00e0 la CGT durant la grande gr\u00e8ve de 1995  apr\u00e8s un court passage de 4 ann\u00e9es (1988 1992) \u00e0 la CFDT au nom de laquelle je fus d\u00e9l\u00e9gu\u00e9 du personnel. A particip\u00e9 activement et souvent m\u00eame aux avant-postes, aux gr\u00e8ves : dans le priv\u00e9 \u00ab Mai 68 \u00bb 5 semaines, mars 69 4 semaines, dans le secteur public SNCF, juin 1971 cheminots 2 semaines, Mars 1976 conducteurs SNCF 3 semaines, d\u00e9cembre 1979, conducteurs Paris-Lyon\/Charolais, 3 semaines, 1985, Conducteurs, une journ\u00e9e fulgurante, novembre d\u00e9cembre 1986 \u00ab conducteurs \u00bb4 semaines, 1988 \u00ab conducteurs \u00bb une autre journ\u00e9e fulgurante, Fin 1995, Cheminots, enseignant, a\u00e9ronautique, Postes, etc. 4 semaines contre le \u00ab Plan Jupp\u00e9 \u00bb.)<\/p>\n","protected":false},"excerpt":{"rendered":"<p>LETTRE OUVERTE AU BUREAU CONF\u00c9D\u00c9RAL DE LA CGT A Monsieur Philippe Martinez secr\u00e9taire conf\u00e9d\u00e9ral MONSIEUR, \u00ab MES PAUVRES CAMARADES \u00bb. [&hellip;]<\/p>\n","protected":false},"author":1,"featured_media":4324,"comment_status":"open","ping_status":"open","sticky":false,"template":"","format":"standard","meta":{"sfsi_plus_gutenberg_text_before_share":"","sfsi_plus_gutenberg_show_text_before_share":"","sfsi_plus_gutenberg_icon_type":"","sfsi_plus_gutenberg_icon_alignemt":"","sfsi_plus_gutenburg_max_per_row":"","site-sidebar-layout":"default","site-content-layout":"","ast-site-content-layout":"default","site-content-style":"default","site-sidebar-style":"default","ast-global-header-display":"","ast-banner-title-visibility":"","ast-main-header-display":"","ast-hfb-above-header-display":"","ast-hfb-below-header-display":"","ast-hfb-mobile-header-display":"","site-post-title":"","ast-breadcrumbs-content":"","ast-featured-img":"","footer-sml-layout":"","ast-disable-related-posts":"","theme-transparent-header-meta":"","adv-header-id-meta":"","stick-header-meta":"","header-above-stick-meta":"","header-main-stick-meta":"","header-below-stick-meta":"","astra-migrate-meta-layouts":"default","ast-page-background-enabled":"default","ast-page-background-meta":{"desktop":{"background-color":"var(--ast-global-color-4)","background-image":"","background-repeat":"repeat","background-position":"center center","background-size":"auto","background-attachment":"scroll","background-type":"","background-media":"","overlay-type":"","overlay-color":"","overlay-opacity":"","overlay-gradient":""},"tablet":{"background-color":"","background-image":"","background-repeat":"repeat","background-position":"center center","background-size":"auto","background-attachment":"scroll","background-type":"","background-media":"","overlay-type":"","overlay-color":"","overlay-opacity":"","overlay-gradient":""},"mobile":{"background-color":"","background-image":"","background-repeat":"repeat","background-position":"center center","background-size":"auto","background-attachment":"scroll","background-type":"","background-media":"","overlay-type":"","overlay-color":"","overlay-opacity":"","overlay-gradient":""}},"ast-content-background-meta":{"desktop":{"background-color":"var(--ast-global-color-5)","background-image":"","background-repeat":"repeat","background-position":"center center","background-size":"auto","background-attachment":"scroll","background-type":"","background-media":"","overlay-type":"","overlay-color":"","overlay-opacity":"","overlay-gradient":""},"tablet":{"background-color":"var(--ast-global-color-5)","background-image":"","background-repeat":"repeat","background-position":"center center","background-size":"auto","background-attachment":"scroll","background-type":"","background-media":"","overlay-type":"","overlay-color":"","overlay-opacity":"","overlay-gradient":""},"mobile":{"background-color":"var(--ast-global-color-5)","background-image":"","background-repeat":"repeat","background-position":"center center","background-size":"auto","background-attachment":"scroll","background-type":"","background-media":"","overlay-type":"","overlay-color":"","overlay-opacity":"","overlay-gradient":""}},"footnotes":""},"categories":[16],"tags":[],"class_list":["post-739","post","type-post","status-publish","format-standard","has-post-thumbnail","hentry","category-archives-cms"],"_links":{"self":[{"href":"https:\/\/lavoiedessansvoix.fr\/lavoie\/wp-json\/wp\/v2\/posts\/739","targetHints":{"allow":["GET"]}}],"collection":[{"href":"https:\/\/lavoiedessansvoix.fr\/lavoie\/wp-json\/wp\/v2\/posts"}],"about":[{"href":"https:\/\/lavoiedessansvoix.fr\/lavoie\/wp-json\/wp\/v2\/types\/post"}],"author":[{"embeddable":true,"href":"https:\/\/lavoiedessansvoix.fr\/lavoie\/wp-json\/wp\/v2\/users\/1"}],"replies":[{"embeddable":true,"href":"https:\/\/lavoiedessansvoix.fr\/lavoie\/wp-json\/wp\/v2\/comments?post=739"}],"version-history":[{"count":1,"href":"https:\/\/lavoiedessansvoix.fr\/lavoie\/wp-json\/wp\/v2\/posts\/739\/revisions"}],"predecessor-version":[{"id":3497,"href":"https:\/\/lavoiedessansvoix.fr\/lavoie\/wp-json\/wp\/v2\/posts\/739\/revisions\/3497"}],"wp:featuredmedia":[{"embeddable":true,"href":"https:\/\/lavoiedessansvoix.fr\/lavoie\/wp-json\/wp\/v2\/media\/4324"}],"wp:attachment":[{"href":"https:\/\/lavoiedessansvoix.fr\/lavoie\/wp-json\/wp\/v2\/media?parent=739"}],"wp:term":[{"taxonomy":"category","embeddable":true,"href":"https:\/\/lavoiedessansvoix.fr\/lavoie\/wp-json\/wp\/v2\/categories?post=739"},{"taxonomy":"post_tag","embeddable":true,"href":"https:\/\/lavoiedessansvoix.fr\/lavoie\/wp-json\/wp\/v2\/tags?post=739"}],"curies":[{"name":"wp","href":"https:\/\/api.w.org\/{rel}","templated":true}]}}