{"id":738,"date":"2018-12-02T04:59:00","date_gmt":"2018-12-02T03:59:00","guid":{"rendered":"https:\/\/lavoiedessansvoix.fr\/lavoie\/2018\/12\/02\/archive-la-strategie-de-la-terreur-ou-a-quoi-joue-macron\/"},"modified":"2026-04-26T21:17:20","modified_gmt":"2026-04-26T19:17:20","slug":"archive-la-strategie-de-la-terreur-ou-a-quoi-joue-macron","status":"publish","type":"post","link":"https:\/\/lavoiedessansvoix.fr\/lavoie\/2018\/12\/02\/archive-la-strategie-de-la-terreur-ou-a-quoi-joue-macron\/","title":{"rendered":"LA STRAT\u00c9GIE DE LA TERREUR, OU,  \u00ab A QUOI JOUE MACRON ? \u00bb"},"content":{"rendered":"<p>LA STRAT\u00c9GIE DE LA TERREUR, OU,\u00ab A QUOI JOUE MACRON ? \u00bbhttps:\/\/www.delanopolis.fr\/photo\/art\/default\/10940340-18107136.jpg   Macron a opt\u00e9 pour la fermet\u00e9. Pas question de changer le Cap de sa politique fiscale et antipopulaire. Pas m\u00eame un tout petit peu. Pourquoi ?  Parce que les r\u00e9formes qu\u2019il nous pr\u00e9pare, la r\u00e9forme des retraites, les suites de la pr\u00e9tendue \u00ab conversion \u00e9cologique \u00bb etc. sont terriblement douloureuses et aggraveront encore la situation de ceux qui travaillent et particuli\u00e8rement des plus modestes que nous jugeons pourtant d\u00e9j\u00e0 intol\u00e9rable. Alors s\u2019il c\u00e8de \u00e0 pr\u00e9sent, m\u00eame un tout petit peu, il sait qu\u2019il n\u2019aura plus aucune chance d\u2019imposer les nouvelles agressions projet\u00e9es contre le niveau de vie du peuple.   D\u00e8s lors ne pouvant plus rien c\u00e9der au risque de paraitre faible, il ne lui reste qu\u2019une issue faire plier le mouvement Mais comment s\u2019y prendre vraiment ?   Par la strat\u00e9gie de la terreur. L\u2019analyse du pouvoir est la suivante. La majorit\u00e9 des \u00ab gilets jaunes \u00bb sont des gens pacifiques qui ne veulent pas de la violence. Si de manifestation en manifestation il fait cro\u00eetre celle-ci, il est possible qu\u2019un grand nombre de gilets jaunes et de leurs soutiens d\u00e9sabus\u00e9s se d\u00e9solidarisent du mouvement. Ainsi isolerait-il les \u00e9l\u00e9ments les plus radicaux qu\u2019il aurait tout loisir de r\u00e9primer sans m\u00e9nagement, alors que l\u2019essentiel du mouvement \u00ab terroris\u00e9 \u00bb retournerait se terrer dans ses foyers. Le mouvement des gilets jaunes serait ainsi  battu en rase campagne.  La violence que le pouvoir politique pr\u00e9tend combattre, c\u2019est lui en v\u00e9rit\u00e9, et ses ex\u00e9cutants, les pr\u00e9fets et les forces de \u00ab l\u2019ordre \u00bb qui la provoquent et l\u2019organise.   EXEMPLE : \u00e0 Tours samedi 1ER d\u00e9cembre ; les manifestants pacifiques se regroupent place Jean Jaur\u00e8s, et aussit\u00f4t les CRS les \u00ab canarde \u00bb de grenades lacrymog\u00e8ne, de flash Ball dont de nombreux tirs tendus avec l\u2019intention \u00e9vidente de blesser. J\u2019ai \u00e9t\u00e9 probablement la cible et en tout cas le t\u00e9moin d\u2019un de ceux-ci qui a gravement atteint \u00e0 la t\u00eate la personne \u00e0 c\u00f4t\u00e9 de moi. Usage sans raison de grenades de d\u00e9s encerclement, et assourdissantes qui donnent \u00e0 la sc\u00e8ne des allures de guerre. Les tirs dureront plus de 4 heures, une v\u00e9ritable avalanche de munitions ? (S\u2019ils rechignent \u00e0 augmenter les salaires et les minimas sociaux, ils ne comptent pas \u00e0 la d\u00e9pense pour la r\u00e9pression).On d\u00e9nombre au moins 4 bless\u00e9s dont deux graves parmi les manifestants.  N\u2019est-il pas clair que ce sc\u00e9nario, non induit par les manifestants, rel\u00e8ve d\u2019une volont\u00e9 provocatrice d\u00e9lib\u00e9r\u00e9e. N\u2019est-on pas en droit d\u2019en d\u00e9duire que partout o\u00f9 il y a eu des incidents, \u00e0 Paris et ailleurs, ceux-ci sont la cons\u00e9quence voulue de la conduite command\u00e9e des forces \u00ab de l\u2019ordre \u00bb ?  Les fameux \u00ab casseurs \u00bb dont ils nous rebattent tant les oreilles ne sont-ils pas en v\u00e9rit\u00e9 des forces suppl\u00e9tives suscit\u00e9es, (.Si \u00e7a n\u2019est pas certain \u00e7a se pourrait bien tout de m\u00eame), mais en tout cas instrumentalis\u00e9s \u00e7a c\u2019est certain, par le pouvoir lui-m\u00eame ?   Macron \u00ab le dictateur \u00bb a opt\u00e9 pour la strat\u00e9gie de terreur. Cette \u00ab histoire \u00bb des casseurs qui seraient responsables des violences constitue en v\u00e9rit\u00e9 un pi\u00e8ge dans lequel le mouvement des gilets jaunes doit se garder de tomber. Si d\u2019aventure, choqu\u00e9 ou d\u00e9sabus\u00e9 par les violences ont s\u2019interdisait \u00e0 nous m\u00eame de manifester, alors ce serait Macron qui aurait gagn\u00e9.  Allons-nous retourner nous terrer dans nos foyers comme des lapins ? Continuer \u00e0 subir nos existences mis\u00e9reuses d\u2019esclaves ? Ou bien allons-nous relever le gant ?  Avec la dur\u00e9e du mouvement l\u2019exasp\u00e9ration grandit. Les violences sont in\u00e9vitables \u00e0 ce stade, d\u2019autant plus que le pouvoir les provoque d\u00e9lib\u00e9r\u00e9ment afin de les instrumentaliser avec l\u2019aide des m\u00e9dias et de la justice.  Elles ne doivent rien retrancher \u00e0 notre d\u00e9termination, \u00e0 la volont\u00e9 que nous avons affirm\u00e9e de poursuivre et de vaincre. Plus que jamais il faut faire corps tous ensemble soud\u00e9s et solidaires sans rentrer dans la pol\u00e9mique sur \u00ab la violence \u00bb \u00e0 propos de laquelle le pouvoir tente de nous diviser. Malgr\u00e9 les d\u00e9pr\u00e9dations qu\u2019elles peuvent entrainer il nous faut faire front face \u00e0 la violence que nous impose le pouvoir, nous \u00e9quiper et nous organiser pour la g\u00e9rer et la combattre.   \u00ab Les casseurs \u00bb ? \u00ab Les gilets-jaunes \u00bb qui se radicalisent ? Soit, peut-\u00eatre, mais comment pourrait-il en \u00eatre autrement face \u00e0 un gouvernement de brutes ? Non cela n\u2019est pas la cause de la violence, \u00e7a n\u2019en est que la cons\u00e9quence. La cause v\u00e9ritable de la violence c\u2019est la politique antisociale et l\u2019intransigeance de Macron. LA\u00a0\u00bb CHIENLIT C&rsquo;EST LUI !\u00a0\u00bb Il faut le virer. Amis, citoyens, camarades gilets jaunes, je vous en conjure, il faut pers\u00e9v\u00e9rer pour vaincre.  D\u2019autant que nous avons tout lieu de croire, si nous tenons bon que la violence dont Macron est la cause et l\u2019inspirateur, telle un boomerang, va se retourner contre lui et qu\u2019on la lui fera payer tr\u00e8s cher :   \u00ab MACRON D\u00c9GAGE ! \u00bb  Patrick seignon. \u00ab lavoiedessansvoix.fr \u00bb. Dimanche 2 d\u00e9cembre 2018.<\/p>\n","protected":false},"excerpt":{"rendered":"<p>LA STRAT\u00c9GIE DE LA TERREUR, OU,\u00ab A QUOI JOUE MACRON ? \u00bbhttps:\/\/www.delanopolis.fr\/photo\/art\/default\/10940340-18107136.jpg Macron a opt\u00e9 pour la fermet\u00e9. Pas question [&hellip;]<\/p>\n","protected":false},"author":1,"featured_media":4323,"comment_status":"open","ping_status":"open","sticky":false,"template":"","format":"standard","meta":{"sfsi_plus_gutenberg_text_before_share":"","sfsi_plus_gutenberg_show_text_before_share":"","sfsi_plus_gutenberg_icon_type":"","sfsi_plus_gutenberg_icon_alignemt":"","sfsi_plus_gutenburg_max_per_row":"","site-sidebar-layout":"default","site-content-layout":"","ast-site-content-layout":"default","site-content-style":"default","site-sidebar-style":"default","ast-global-header-display":"","ast-banner-title-visibility":"","ast-main-header-display":"","ast-hfb-above-header-display":"","ast-hfb-below-header-display":"","ast-hfb-mobile-header-display":"","site-post-title":"","ast-breadcrumbs-content":"","ast-featured-img":"","footer-sml-layout":"","ast-disable-related-posts":"","theme-transparent-header-meta":"","adv-header-id-meta":"","stick-header-meta":"","header-above-stick-meta":"","header-main-stick-meta":"","header-below-stick-meta":"","astra-migrate-meta-layouts":"default","ast-page-background-enabled":"default","ast-page-background-meta":{"desktop":{"background-color":"var(--ast-global-color-4)","background-image":"","background-repeat":"repeat","background-position":"center center","background-size":"auto","background-attachment":"scroll","background-type":"","background-media":"","overlay-type":"","overlay-color":"","overlay-opacity":"","overlay-gradient":""},"tablet":{"background-color":"","background-image":"","background-repeat":"repeat","background-position":"center center","background-size":"auto","background-attachment":"scroll","background-type":"","background-media":"","overlay-type":"","overlay-color":"","overlay-opacity":"","overlay-gradient":""},"mobile":{"background-color":"","background-image":"","background-repeat":"repeat","background-position":"center center","background-size":"auto","background-attachment":"scroll","background-type":"","background-media":"","overlay-type":"","overlay-color":"","overlay-opacity":"","overlay-gradient":""}},"ast-content-background-meta":{"desktop":{"background-color":"var(--ast-global-color-5)","background-image":"","background-repeat":"repeat","background-position":"center center","background-size":"auto","background-attachment":"scroll","background-type":"","background-media":"","overlay-type":"","overlay-color":"","overlay-opacity":"","overlay-gradient":""},"tablet":{"background-color":"var(--ast-global-color-5)","background-image":"","background-repeat":"repeat","background-position":"center center","background-size":"auto","background-attachment":"scroll","background-type":"","background-media":"","overlay-type":"","overlay-color":"","overlay-opacity":"","overlay-gradient":""},"mobile":{"background-color":"var(--ast-global-color-5)","background-image":"","background-repeat":"repeat","background-position":"center center","background-size":"auto","background-attachment":"scroll","background-type":"","background-media":"","overlay-type":"","overlay-color":"","overlay-opacity":"","overlay-gradient":""}},"footnotes":""},"categories":[16],"tags":[],"class_list":["post-738","post","type-post","status-publish","format-standard","has-post-thumbnail","hentry","category-archives-cms"],"_links":{"self":[{"href":"https:\/\/lavoiedessansvoix.fr\/lavoie\/wp-json\/wp\/v2\/posts\/738","targetHints":{"allow":["GET"]}}],"collection":[{"href":"https:\/\/lavoiedessansvoix.fr\/lavoie\/wp-json\/wp\/v2\/posts"}],"about":[{"href":"https:\/\/lavoiedessansvoix.fr\/lavoie\/wp-json\/wp\/v2\/types\/post"}],"author":[{"embeddable":true,"href":"https:\/\/lavoiedessansvoix.fr\/lavoie\/wp-json\/wp\/v2\/users\/1"}],"replies":[{"embeddable":true,"href":"https:\/\/lavoiedessansvoix.fr\/lavoie\/wp-json\/wp\/v2\/comments?post=738"}],"version-history":[{"count":1,"href":"https:\/\/lavoiedessansvoix.fr\/lavoie\/wp-json\/wp\/v2\/posts\/738\/revisions"}],"predecessor-version":[{"id":3495,"href":"https:\/\/lavoiedessansvoix.fr\/lavoie\/wp-json\/wp\/v2\/posts\/738\/revisions\/3495"}],"wp:featuredmedia":[{"embeddable":true,"href":"https:\/\/lavoiedessansvoix.fr\/lavoie\/wp-json\/wp\/v2\/media\/4323"}],"wp:attachment":[{"href":"https:\/\/lavoiedessansvoix.fr\/lavoie\/wp-json\/wp\/v2\/media?parent=738"}],"wp:term":[{"taxonomy":"category","embeddable":true,"href":"https:\/\/lavoiedessansvoix.fr\/lavoie\/wp-json\/wp\/v2\/categories?post=738"},{"taxonomy":"post_tag","embeddable":true,"href":"https:\/\/lavoiedessansvoix.fr\/lavoie\/wp-json\/wp\/v2\/tags?post=738"}],"curies":[{"name":"wp","href":"https:\/\/api.w.org\/{rel}","templated":true}]}}