{"id":736,"date":"2018-12-04T09:12:00","date_gmt":"2018-12-04T08:12:00","guid":{"rendered":"https:\/\/lavoiedessansvoix.fr\/lavoie\/2018\/12\/04\/archive-moratoire-decryptage-a-l-intention-de-mes-amis-gilets-jaunes-et-de-tous-les-autr\/"},"modified":"2026-04-26T21:17:02","modified_gmt":"2026-04-26T19:17:02","slug":"archive-moratoire-decryptage-a-l-intention-de-mes-amis-gilets-jaunes-et-de-tous-les-autr","status":"publish","type":"post","link":"https:\/\/lavoiedessansvoix.fr\/lavoie\/2018\/12\/04\/archive-moratoire-decryptage-a-l-intention-de-mes-amis-gilets-jaunes-et-de-tous-les-autr\/","title":{"rendered":"\u00ab MORATOIRE \u00bb ? *  D\u00c9CRYPTAGE A L\u2019INTENTION DE MES AMIS \u00ab GILETS JAUNES \u00bb (ET DE TOUS LES AUTRES."},"content":{"rendered":"<p>\u00ab MORATOIRE \u00bb ? *  D\u00c9CRYPTAGE A L\u2019INTENTION DE MES AMIS \u00ab GILETS JAUNES \u00bb (ET DE TOUS LES AUTRES.)  Non ! Un moratoire ce n\u2019est pas un recul, c\u2019est une pause. C\u2019est l\u2019\u00e9quivalent du \u00ab poussi \u00bb que les gosses d\u00e9clament quand ils jouent \u00e0 \u00ab chat perch\u00e9 \u00bb.  Un moratoire ce n\u2019est pas un recul. Le gouvernement suspend pour 6 mois les augmentations de taxes qu\u2019il avait programm\u00e9es. Mais il ne supprime pas les augmentations qui ont mis le feu aux poudres. Or il pr\u00e9tend d\u00e9cr\u00e9ter ce moratoire \u00ab\u00a0pour rendre du pouvoir d\u2019achat aux Fran\u00e7ais\u00a0\u00bb. Pour rendre du pouvoir d\u2019achat il faudrait diminuer ou annuler les augmentations pr\u00e9c\u00e9dentes. En suspendant les prochaines augmentations on ne r\u00e9duit pas  d\u2019avantage le pouvoir d\u2019achat des fran\u00e7ais \u2013 pendant six mois \u2013 comme cela \u00e9tait pr\u00e9vu, mais on ne leur rend rien. Donc, dire que l\u2019on d\u00e9cr\u00e8te un moratoire pour rendre du pouvoir d\u2019achat aux Fran\u00e7ais, c\u2019est \u00e9noncer un mensonge grossier.  Mensonge grossier ? Rien ne change dans les m\u00e9thodes du gouvernement.  Le doigt sur la couture du pantalon, m\u00e9dias et journalistes \u00e0 la solde (en or) se sont aussit\u00f4t mis en devoir de nous expliquer, contre toute \u00e9vidence, qu\u2019une vessie c\u2019est une lanterne, qu\u2019il s\u2019agit bien l\u00e0 d\u2019un recul du gouvernement. D\u00e9sol\u00e9 messieurs dames, un \u00ab arr\u00eat \u00bb sur place ce n\u2019est pas un recul.  Supposons quelques instants, simple hypoth\u00e8se d\u2019\u00e9cole, que \u00ab les gilets-jaunes \u00bb se fassent abuser par les mensonges du gouvernement, et de ses valets journalistes, et que satisfaits \u00ab du moratoire \u00bb ils rentrent \u00e0 la maison, que se passera-t-il dans six mois ? Les hausses repartiront-elles de plus belle ? D\u00e9barrass\u00e9 du mouvement le gouvernement ne sera-t-il pas tent\u00e9 de \u00ab rattraper le temps perdu \u00bb ?  Alors certains pourraient dire, si les hausses repartent on remettra \u00e7a aussi.  Ce n\u2019est pas certain. C\u2019est m\u00eame improbable. Un mouvement populaire ce n\u2019est pas un v\u00e9hicule avec lequel on roule, que l\u2019on arr\u00eate quand on veut et avec lequel on red\u00e9marre \u00e0 sa guise. Si l\u2019on arr\u00eate le mouvement, certes, certains voudront le reprendre en ce cas, mais le pourront-ils vraiment ?  NON ! Amis, citoyens et camarades Gilets-jaunes, c\u2019est maintenant que nous tenons le bon bout. Ne le l\u00e2chons surtout pas.   Le gouvernement h\u00e9site ? Donnons le coup de gr\u00e2ce.  Patrick Seignon. \u00ab lavoiedessansvoix.fr \u00bb. Mardi 4 d\u00e9cembre 2018.  Moratoire (d\u00e9finition Wikip\u00e9dia)  Un moratoire (du latin moratorius, de morari : retarder) est un terme de droit, qui d\u00e9signe une d\u00e9cision d&rsquo;accorder un d\u00e9lai ou une suspension volontaire d&rsquo;une action. Disposition l\u00e9gale, n\u00e9cessit\u00e9e par des raisons imp\u00e9rieuses d&rsquo;int\u00e9r\u00eat public, suspendant d&rsquo;une mani\u00e8re g\u00e9n\u00e9rale l&rsquo;exigibilit\u00e9 des cr\u00e9ances, le cours d&rsquo;actions en justice.   Le terme a \u00e9volu\u00e9 en sortant de la simple pratique juridique pour \u00eatre maintenant de plus en plus utilis\u00e9 dans le langage politique et diplomatique. C&rsquo;est ainsi que sous le m\u00eame terme peut \u00eatre d\u00e9sign\u00e9 soit une d\u00e9cision fixant un d\u00e9lai clair pour des raisons pr\u00e9cises et objectives, soit une fa\u00e7on d&rsquo;\u00e9viter de d\u00e9cider en repoussant le moment du choix, \u00e9ventuellement ind\u00e9finiment.<\/p>\n","protected":false},"excerpt":{"rendered":"<p>\u00ab MORATOIRE \u00bb ? * D\u00c9CRYPTAGE A L\u2019INTENTION DE MES AMIS \u00ab GILETS JAUNES \u00bb (ET DE TOUS LES AUTRES.) [&hellip;]<\/p>\n","protected":false},"author":1,"featured_media":4321,"comment_status":"open","ping_status":"open","sticky":false,"template":"","format":"standard","meta":{"sfsi_plus_gutenberg_text_before_share":"","sfsi_plus_gutenberg_show_text_before_share":"","sfsi_plus_gutenberg_icon_type":"","sfsi_plus_gutenberg_icon_alignemt":"","sfsi_plus_gutenburg_max_per_row":"","site-sidebar-layout":"default","site-content-layout":"","ast-site-content-layout":"default","site-content-style":"default","site-sidebar-style":"default","ast-global-header-display":"","ast-banner-title-visibility":"","ast-main-header-display":"","ast-hfb-above-header-display":"","ast-hfb-below-header-display":"","ast-hfb-mobile-header-display":"","site-post-title":"","ast-breadcrumbs-content":"","ast-featured-img":"","footer-sml-layout":"","ast-disable-related-posts":"","theme-transparent-header-meta":"","adv-header-id-meta":"","stick-header-meta":"","header-above-stick-meta":"","header-main-stick-meta":"","header-below-stick-meta":"","astra-migrate-meta-layouts":"default","ast-page-background-enabled":"default","ast-page-background-meta":{"desktop":{"background-color":"var(--ast-global-color-4)","background-image":"","background-repeat":"repeat","background-position":"center center","background-size":"auto","background-attachment":"scroll","background-type":"","background-media":"","overlay-type":"","overlay-color":"","overlay-opacity":"","overlay-gradient":""},"tablet":{"background-color":"","background-image":"","background-repeat":"repeat","background-position":"center center","background-size":"auto","background-attachment":"scroll","background-type":"","background-media":"","overlay-type":"","overlay-color":"","overlay-opacity":"","overlay-gradient":""},"mobile":{"background-color":"","background-image":"","background-repeat":"repeat","background-position":"center center","background-size":"auto","background-attachment":"scroll","background-type":"","background-media":"","overlay-type":"","overlay-color":"","overlay-opacity":"","overlay-gradient":""}},"ast-content-background-meta":{"desktop":{"background-color":"var(--ast-global-color-5)","background-image":"","background-repeat":"repeat","background-position":"center center","background-size":"auto","background-attachment":"scroll","background-type":"","background-media":"","overlay-type":"","overlay-color":"","overlay-opacity":"","overlay-gradient":""},"tablet":{"background-color":"var(--ast-global-color-5)","background-image":"","background-repeat":"repeat","background-position":"center center","background-size":"auto","background-attachment":"scroll","background-type":"","background-media":"","overlay-type":"","overlay-color":"","overlay-opacity":"","overlay-gradient":""},"mobile":{"background-color":"var(--ast-global-color-5)","background-image":"","background-repeat":"repeat","background-position":"center center","background-size":"auto","background-attachment":"scroll","background-type":"","background-media":"","overlay-type":"","overlay-color":"","overlay-opacity":"","overlay-gradient":""}},"footnotes":""},"categories":[16],"tags":[],"class_list":["post-736","post","type-post","status-publish","format-standard","has-post-thumbnail","hentry","category-archives-cms"],"_links":{"self":[{"href":"https:\/\/lavoiedessansvoix.fr\/lavoie\/wp-json\/wp\/v2\/posts\/736","targetHints":{"allow":["GET"]}}],"collection":[{"href":"https:\/\/lavoiedessansvoix.fr\/lavoie\/wp-json\/wp\/v2\/posts"}],"about":[{"href":"https:\/\/lavoiedessansvoix.fr\/lavoie\/wp-json\/wp\/v2\/types\/post"}],"author":[{"embeddable":true,"href":"https:\/\/lavoiedessansvoix.fr\/lavoie\/wp-json\/wp\/v2\/users\/1"}],"replies":[{"embeddable":true,"href":"https:\/\/lavoiedessansvoix.fr\/lavoie\/wp-json\/wp\/v2\/comments?post=736"}],"version-history":[{"count":1,"href":"https:\/\/lavoiedessansvoix.fr\/lavoie\/wp-json\/wp\/v2\/posts\/736\/revisions"}],"predecessor-version":[{"id":3491,"href":"https:\/\/lavoiedessansvoix.fr\/lavoie\/wp-json\/wp\/v2\/posts\/736\/revisions\/3491"}],"wp:featuredmedia":[{"embeddable":true,"href":"https:\/\/lavoiedessansvoix.fr\/lavoie\/wp-json\/wp\/v2\/media\/4321"}],"wp:attachment":[{"href":"https:\/\/lavoiedessansvoix.fr\/lavoie\/wp-json\/wp\/v2\/media?parent=736"}],"wp:term":[{"taxonomy":"category","embeddable":true,"href":"https:\/\/lavoiedessansvoix.fr\/lavoie\/wp-json\/wp\/v2\/categories?post=736"},{"taxonomy":"post_tag","embeddable":true,"href":"https:\/\/lavoiedessansvoix.fr\/lavoie\/wp-json\/wp\/v2\/tags?post=736"}],"curies":[{"name":"wp","href":"https:\/\/api.w.org\/{rel}","templated":true}]}}