{"id":734,"date":"2018-12-07T03:06:00","date_gmt":"2018-12-07T02:06:00","guid":{"rendered":"https:\/\/lavoiedessansvoix.fr\/lavoie\/2018\/12\/07\/archive-ca-n-est-pas-au-peuple-de-se-coucher-c-est-a-manu-de-fiches-le-camps\/"},"modified":"2026-04-26T21:16:45","modified_gmt":"2026-04-26T19:16:45","slug":"archive-ca-n-est-pas-au-peuple-de-se-coucher-c-est-a-manu-de-fiches-le-camps","status":"publish","type":"post","link":"https:\/\/lavoiedessansvoix.fr\/lavoie\/2018\/12\/07\/archive-ca-n-est-pas-au-peuple-de-se-coucher-c-est-a-manu-de-fiches-le-camps\/","title":{"rendered":"CA N\u2019EST PAS AU PEUPLE DE SE COUCHER  C\u2019EST A \u00ab MANU \u00bb DE FICHES LE CAMPS"},"content":{"rendered":"<p>CA N\u2019EST PAS AU PEUPLE DE SE COUCHER  C\u2019EST A \u00ab MANU \u00bb DE FICHE LE CAMP  Face \u00e0 la col\u00e8re populaire, le jouvenceau qui occupe le fauteuil du Pr\u00e9sident de la r\u00e9publique, n\u2019a eu de cesse de faire croitre les frustrations et la tension. Sarkozy dans ses d\u00e9lires n\u2019h\u00e9sitait pas \u00e0 provoquer la \u00ab rixe \u00bb avec tel contradicteur \u00ab  allez viens, viens un peu ici \u00bb. Ignoble de la part d\u2019un Pr\u00e9sident de la r\u00e9publique, d\u2019autant plus que \u00e7a n\u2019est m\u00eame pas faire preuve de courage ni de chevalerie quand on se sait prot\u00e9ger par un service d\u2019ordre rapproch\u00e9 nombreux et professionnel.   Or, cette attitude d\u00e9bile et provocatrice, Macron lui, en use \u00e0 l\u2019\u00e9gard de tout un peuple. Il faisait face \u00e0 une contestation \u00ab bon enfant \u00bb et pacifique, il a r\u00e9ussi le tour de force de la transformer en deux semaines, en un mouvement col\u00e9rique d\u2019allure insurrectionnelle.  En cette troisi\u00e8me semaine de mobilisation des \u00ab Gilets jaunes \u00bb pr\u00e9c\u00e9dant le 4\u00e8me acte du Samedi 8 d\u00e9cembre (demain), sous l\u2019impulsion du petit Tyran, les pouvoirs publics se sont employ\u00e9 \u00e0 faire croitre la peur et agiter les pires menaces : Peut-\u00eatre \u00ab l\u2019\u00e9tat d\u2019urgence \u00bb, ou pourquoi pas \u00ab la loi martiale \u00bb, \u00ab\u00a0le recours \u00e0 l&rsquo;arm\u00e9e\u00a0\u00bb des \u00ab chars \u00bb dans Paris, \u00ab des milliers de casseurs s\u2019app\u00e8teraient \u00e0 monter \u00e0 Paris avec des armes pour casser et m\u00eame tuer \u00bb, \u00ab les forces de l\u2019ordre (du d\u00e9sordre plut\u00f4t) sont \u00e0 bout et il risque d\u2019y avoir des d\u00e9rapages \u00bb, \u00ab nous craignons, disent-ils, qu\u2019il y ait des morts \u00bb, etc\u2026  Vous l\u2019avez compris, toutes ces menaces directes ou \u00e0 demi-mot rel\u00e8vent d\u2019une strat\u00e9gie de la terreur avec pour objectif de convaincre les fran\u00e7ais de renoncer d\u2019eux m\u00eame au droit sacr\u00e9 de manifester, et l&rsquo;intention de scinder le mouvement des gilets jaunes entre \u00ab radicaux \u00bb et \u00ab pacifistes \u00bb afin de pouvoir r\u00e9primer durement les uns ainsi isol\u00e9s et renvoyer les autres dans leurs foyers.  Cette strat\u00e9gie de la peur, ces menaces de mort, c\u2019est d\u00e9j\u00e0 une forme de violence, c\u2019est de la violence psychologique dont use le pouvoir sans r\u00e9serve,  avant de se livrer demain \u00e0 des d\u00e9bordements de violence sans trop de retenue.  Que doit-on faire face \u00e0 la violence institutionnelle de l\u2019\u00c9tat ? Doit-on esquiver en restant sur nos lieux de ralliements (rondpoints, p\u00e9ages, ou autres) ou doit-on, malgr\u00e9 les craintes et la peur l\u00e9gitime, relever le gant malgr\u00e9 tout, manifester tout de m\u00eame ?  Si la peur nous dissuadait de manifester, la violence psychologique qu\u2019elle constitue aurait donc remport\u00e9 une victoire. On se targuait jusqu\u2019ici d\u2019\u00eatre un pays \u00ab d\u00e9mocratique \u00bb un \u00ab \u00c9tat de droit \u00bb. La libert\u00e9 de manifestation est un droit constitutionnel et sacr\u00e9 auquel aucun peuple ne doit renoncer jamais. Mais que serait-ce \u00ab le droit \u00e9crit de manifester \u00bb si par crainte ou \u00e0 cause de la r\u00e9pression on ne peut pas l&rsquo;exercer ? Un \u00c9tat qui frappe ces citoyens quand ils manifestent leur juste m\u00e9contentement est une dictature. Le petit Macron a fait glisser la 5\u00e8me R\u00e9publique du statut de \u00ab Monarchie \u00e9lective \u00bb \u00e0 celui de \u00ab Tyrannie \u00bb.  \u00ab Contre nous de la Tyrannie l\u2019\u00e9tendard sanglant est (\u00e0 nouveau) lev\u00e9 \u00bb  Allons-nous nous coucher ? Rentrer dans nos foyer nous tapir sages et tremblants comme des lapins dans nos terriers ? Allons-nous accorder, sans relever le d\u00e9fi, la victoire \u00e0 la tyrannie \u00ab macronniste \u00bb ? Allons-nous nous trainer \u00e0 genoux comme des esclaves consentants, ou bien allons-nous nous dresser fiers et conqu\u00e9rants comme un peuple debout. ?  Il ne s&rsquo;agit nullement de choir dans le cercle infernal de la violence. Il ne s\u2019agit nullement d\u2019aller manifester pour casser quoique ce soit ou \u00ab du flic \u00bb, comme le pr\u00e9tendent les pouvoirs publics pour nous en dissuader. Il s\u2019agit tout simplement, malgr\u00e9 les menaces et la peur, d\u2019aller manifester pour d\u00e9fendre bec et ongles notre droit sacr\u00e9 de manifestation.  Et bien entendu, si nous ne voulons pas de la violence, si nous allons manifester pacifiquement, pour autant nous n\u2019admettrons pas que l\u2019on nous frappe. Nous ne sommes pas \u00ab gandistes \u00bb. Si l\u2019on nous agresse, si l\u2019on nous brutalise, nous serons fond\u00e9 \u00e0 exercer cet autre droit sacr\u00e9 des peuples, celui \u00e0 l\u2019autod\u00e9fense.  Patrick Seignon. \u00ab lavoiedessansvoix.fr \u00bb Vendredi 7 d\u00e9cembre 2018.<\/p>\n","protected":false},"excerpt":{"rendered":"<p>CA N\u2019EST PAS AU PEUPLE DE SE COUCHER C\u2019EST A \u00ab MANU \u00bb DE FICHE LE CAMP Face \u00e0 la [&hellip;]<\/p>\n","protected":false},"author":1,"featured_media":4319,"comment_status":"open","ping_status":"open","sticky":false,"template":"","format":"standard","meta":{"sfsi_plus_gutenberg_text_before_share":"","sfsi_plus_gutenberg_show_text_before_share":"","sfsi_plus_gutenberg_icon_type":"","sfsi_plus_gutenberg_icon_alignemt":"","sfsi_plus_gutenburg_max_per_row":"","site-sidebar-layout":"default","site-content-layout":"","ast-site-content-layout":"default","site-content-style":"default","site-sidebar-style":"default","ast-global-header-display":"","ast-banner-title-visibility":"","ast-main-header-display":"","ast-hfb-above-header-display":"","ast-hfb-below-header-display":"","ast-hfb-mobile-header-display":"","site-post-title":"","ast-breadcrumbs-content":"","ast-featured-img":"","footer-sml-layout":"","ast-disable-related-posts":"","theme-transparent-header-meta":"","adv-header-id-meta":"","stick-header-meta":"","header-above-stick-meta":"","header-main-stick-meta":"","header-below-stick-meta":"","astra-migrate-meta-layouts":"default","ast-page-background-enabled":"default","ast-page-background-meta":{"desktop":{"background-color":"var(--ast-global-color-4)","background-image":"","background-repeat":"repeat","background-position":"center center","background-size":"auto","background-attachment":"scroll","background-type":"","background-media":"","overlay-type":"","overlay-color":"","overlay-opacity":"","overlay-gradient":""},"tablet":{"background-color":"","background-image":"","background-repeat":"repeat","background-position":"center center","background-size":"auto","background-attachment":"scroll","background-type":"","background-media":"","overlay-type":"","overlay-color":"","overlay-opacity":"","overlay-gradient":""},"mobile":{"background-color":"","background-image":"","background-repeat":"repeat","background-position":"center center","background-size":"auto","background-attachment":"scroll","background-type":"","background-media":"","overlay-type":"","overlay-color":"","overlay-opacity":"","overlay-gradient":""}},"ast-content-background-meta":{"desktop":{"background-color":"var(--ast-global-color-5)","background-image":"","background-repeat":"repeat","background-position":"center center","background-size":"auto","background-attachment":"scroll","background-type":"","background-media":"","overlay-type":"","overlay-color":"","overlay-opacity":"","overlay-gradient":""},"tablet":{"background-color":"var(--ast-global-color-5)","background-image":"","background-repeat":"repeat","background-position":"center center","background-size":"auto","background-attachment":"scroll","background-type":"","background-media":"","overlay-type":"","overlay-color":"","overlay-opacity":"","overlay-gradient":""},"mobile":{"background-color":"var(--ast-global-color-5)","background-image":"","background-repeat":"repeat","background-position":"center center","background-size":"auto","background-attachment":"scroll","background-type":"","background-media":"","overlay-type":"","overlay-color":"","overlay-opacity":"","overlay-gradient":""}},"footnotes":""},"categories":[16],"tags":[],"class_list":["post-734","post","type-post","status-publish","format-standard","has-post-thumbnail","hentry","category-archives-cms"],"_links":{"self":[{"href":"https:\/\/lavoiedessansvoix.fr\/lavoie\/wp-json\/wp\/v2\/posts\/734","targetHints":{"allow":["GET"]}}],"collection":[{"href":"https:\/\/lavoiedessansvoix.fr\/lavoie\/wp-json\/wp\/v2\/posts"}],"about":[{"href":"https:\/\/lavoiedessansvoix.fr\/lavoie\/wp-json\/wp\/v2\/types\/post"}],"author":[{"embeddable":true,"href":"https:\/\/lavoiedessansvoix.fr\/lavoie\/wp-json\/wp\/v2\/users\/1"}],"replies":[{"embeddable":true,"href":"https:\/\/lavoiedessansvoix.fr\/lavoie\/wp-json\/wp\/v2\/comments?post=734"}],"version-history":[{"count":1,"href":"https:\/\/lavoiedessansvoix.fr\/lavoie\/wp-json\/wp\/v2\/posts\/734\/revisions"}],"predecessor-version":[{"id":3487,"href":"https:\/\/lavoiedessansvoix.fr\/lavoie\/wp-json\/wp\/v2\/posts\/734\/revisions\/3487"}],"wp:featuredmedia":[{"embeddable":true,"href":"https:\/\/lavoiedessansvoix.fr\/lavoie\/wp-json\/wp\/v2\/media\/4319"}],"wp:attachment":[{"href":"https:\/\/lavoiedessansvoix.fr\/lavoie\/wp-json\/wp\/v2\/media?parent=734"}],"wp:term":[{"taxonomy":"category","embeddable":true,"href":"https:\/\/lavoiedessansvoix.fr\/lavoie\/wp-json\/wp\/v2\/categories?post=734"},{"taxonomy":"post_tag","embeddable":true,"href":"https:\/\/lavoiedessansvoix.fr\/lavoie\/wp-json\/wp\/v2\/tags?post=734"}],"curies":[{"name":"wp","href":"https:\/\/api.w.org\/{rel}","templated":true}]}}