{"id":733,"date":"2018-12-09T03:34:00","date_gmt":"2018-12-09T02:34:00","guid":{"rendered":"https:\/\/lavoiedessansvoix.fr\/lavoie\/2018\/12\/09\/archive-mais-ou-va-marine-le-pen\/"},"modified":"2026-04-26T21:16:36","modified_gmt":"2026-04-26T19:16:36","slug":"archive-mais-ou-va-marine-le-pen","status":"publish","type":"post","link":"https:\/\/lavoiedessansvoix.fr\/lavoie\/2018\/12\/09\/archive-mais-ou-va-marine-le-pen\/","title":{"rendered":"MAIS OU VA MARINE LE PEN ?"},"content":{"rendered":"<p>MAIS OU VA MARINE LE PEN ? Dans une lettre ouverte, qu\u2019elle vient de publier, Marine Le Pen vole au secours de la 5\u00e8me R\u00e9publique, ne craignant pas de prendre \u00e0 revers le mouvement des Gilets-jaunes, qui r\u00eave lui de refaire la R\u00e9publique,  \u00ab Certes, \u00e9crit-elle, si le droit de critiquer nos institutions rel\u00e8ve de la d\u00e9mocratie, la remise en cause de nos institutions y compris avec une pr\u00e9tendue 6\u00e8me R\u00e9publique me parait totalement mal venu \u00bb.   Mais Marine, lui dis-je, \u00e0 quoi donc nous servirait-il de critiquer \u00ab nos \u00bb institutions si on ne peut pas en changer.   La conception que Madame Le Pen affiche ici de la d\u00e9mocratie, me parait bien formelle. Ne rel\u00e8ve-t-elle pas de la m\u00eame logique qui anime les dirigeants actuels : \u00ab parle toujours tu m\u2019int\u00e9resse. \u00bb ou \u00ab on discute de tout, on change rien. \u00bb  Les Gilets jaunes scandent par centaines de milles et \u00e0 gorges-d\u00e9ploy\u00e9es : \u00ab Macron t\u2019es foutu les gaulois sont dans la rue ! \u00bb \u00ab Macron d\u00e9mission ! \u00bb, \u00ab Macron destitution ! \u00bb ou encore \u00ab Macron d\u00e9gage ! \u00bb. Or chacun imagine fort bien que dans cette 5\u00e8me R\u00e9publique, dont le Pr\u00e9sident constitue la cl\u00e9 de vo\u00fbte, le renversement de celui-ci ne peut aller sans l\u2019effondrement de tout l\u2019\u00e9difice institutionnel. Ecrire dans ce contexte, comme le fait Madame Le Pen, qu\u2019il faut pr\u00e9server \u00ab nos institutions \u00bb c\u2019est dire, assez clairement, qu\u2019il faut cesser de revendiquer le d\u00e9part anticip\u00e9 du Pr\u00e9sident, c\u2019est prendre le contre-pied du sentiment g\u00e9n\u00e9ral et de la volont\u00e9 des Gilets-jaunes.   Et dire qu\u2019il y a des journalistes, responsables politiques syndicaux et gouvernementaux qui affirment mordicus que \u00ab les gilets-jaunes \u00bb ne sont qu\u2019une \u00e9manation du R.N.  Il semblerait que Madame Le Pen, mais elle n\u2019est pas la seule, foin de la destitution d\u2019Emmanuel Macron, s\u2019accommoderait d\u2019une simple dissolution de l\u2019Assembl\u00e9e-Nationale et de l\u2019\u00e9lection d\u2019une nouvelle avec une forte dose de proportionnelle. Cette solution, enti\u00e8rement dans l\u2019esprit de la 5\u00e8me R\u00e9publique, permettrait \u00e0 la fois \u00e0 Emmanuel Macron de sortir de la crise par le haut, de terminer son mandat, et au RN de s\u2019imposer comme premi\u00e8re force parlementaire, pr\u00e9parant ainsi un peu  plus les conditions de sa possible victoire au Pr\u00e9sidentielles de 2022.  Cela nous conduit \u00e0 nous interroger. L\u2019int\u00e9r\u00eat que Marine Le Pen porte au mouvement des Gilets Jaunes se limiterait-il \u00e0 l\u2019opportunit\u00e9 qu\u2019elle y entrevoie de devenir Calife \u00e0 la place du Calife \u00bb ?  Certes il n\u2019est pas impossible que cela fonctionne. Mais il n\u2019est pas impossible non plus que cela foire totalement.  D\u2019abord parce que nous sommes en 2018 et que d\u2019ici \u00e0 2022 pas mal d\u2019eau \u00ab aura coul\u00e9 encore sous le pont Mirabeau \u00bb. Vous avez constatez comme moi combien l\u2019eau de l\u2019Histoire coule vite ses derni\u00e8res ann\u00e9es. Je n\u2019en prendrai qu\u2019un exemple d\u2019actualit\u00e9 br\u00fblante, l\u2019ascension vertigineuse du \u00ab petit Macron \u00bb jusqu\u2019au Parth\u00e9non, et sa \u00ab marche \u00bb non moins rapide vers la roche Tarp\u00e9ienne. Quel sera l\u2019\u00e9tat de l\u2019opinion en 2022, le R.N. ne risque-t-il pas de s\u2019exposer d\u2019ici l\u00e0 \u00e0 un d\u00e9samour aussi vaste que l\u2019engouement qui le porte pr\u00e9sentement ?  Ensuite parce que, nous sommes en 2018, quand le mouvement des \u00ab Gilets-jaunes \u00bb se r\u00e9veille et qu\u2019un peuple, silencieux jusque-l\u00e0, hurle ses souffrances et sa col\u00e8re. Or le plus patient des peuples quand il s\u2019\u00e9veille et prend enfin la parole, devient tout \u00e0 coup pressant et irritable. La r\u00e9volte des \u00ab Gilets-Jaunes \u00bb ne veut pas que des baisses des taxes-carburants et le rel\u00e8vement du SMIC, elle veut aussi \u00ab ici et maintenant \u00bb un profond changement de soci\u00e9t\u00e9, \u00e9conomique et politique. Un nouveau partage des richesses, de nouvelles institutions d\u00e9mocratiques et la r\u00e9vocabilit\u00e9 des \u00e9lus. Sera-telle dispos\u00e9e \u00e0 attendre 2022, dans l\u2019esp\u00e9rance d\u2019un changement hypoth\u00e9tique ?  Enfin et surtout parce que le mouvement des Gilets jaunes pourrait, \u00e0 la lumi\u00e8re des derni\u00e8res prises de position de Marine Le Pen s\u2019estimer trahit par le R.N. aussi, et mettre tr\u00e8s vite la dirigeante du \u00ab Rassemblement National \u00bb au nombre de ces dirigeants politiques qu\u2019il honnit.   Tout va d\u00e9pendre de la semaine qui vient. La r\u00e9action de Macron \u00e0 l\u2019acte 4 de la mobilisation des \u00ab Gilets-jaunes, Les suites du mouvement. Si celui-ci se poursuit et monte encore en puissance et en d\u00e9termination et projette un 5\u00e8me acte le Week-end prochain, alors Madame Le Pen prenant conscience du danger de se faire \u00e9jecter, voire \u00e9craser, par le rouleau compresseur de l\u2019Histoire en marche, pourrait peut-\u00eatre se raviser et exiger \u00e0 son tour la destitution d\u2019Emmanuel Macron, seul v\u00e9ritable obstacle au r\u00e9tablissement de l\u2019ordre public.  Patrick Seignon. \u00ab lavoiedessansvoix.fr \u00bb. Dimanche 9 d\u00e9cembre 2018.<\/p>\n","protected":false},"excerpt":{"rendered":"<p>MAIS OU VA MARINE LE PEN ? Dans une lettre ouverte, qu\u2019elle vient de publier, Marine Le Pen vole au [&hellip;]<\/p>\n","protected":false},"author":1,"featured_media":4318,"comment_status":"open","ping_status":"open","sticky":false,"template":"","format":"standard","meta":{"sfsi_plus_gutenberg_text_before_share":"","sfsi_plus_gutenberg_show_text_before_share":"","sfsi_plus_gutenberg_icon_type":"","sfsi_plus_gutenberg_icon_alignemt":"","sfsi_plus_gutenburg_max_per_row":"","site-sidebar-layout":"default","site-content-layout":"","ast-site-content-layout":"default","site-content-style":"default","site-sidebar-style":"default","ast-global-header-display":"","ast-banner-title-visibility":"","ast-main-header-display":"","ast-hfb-above-header-display":"","ast-hfb-below-header-display":"","ast-hfb-mobile-header-display":"","site-post-title":"","ast-breadcrumbs-content":"","ast-featured-img":"","footer-sml-layout":"","ast-disable-related-posts":"","theme-transparent-header-meta":"","adv-header-id-meta":"","stick-header-meta":"","header-above-stick-meta":"","header-main-stick-meta":"","header-below-stick-meta":"","astra-migrate-meta-layouts":"default","ast-page-background-enabled":"default","ast-page-background-meta":{"desktop":{"background-color":"var(--ast-global-color-4)","background-image":"","background-repeat":"repeat","background-position":"center center","background-size":"auto","background-attachment":"scroll","background-type":"","background-media":"","overlay-type":"","overlay-color":"","overlay-opacity":"","overlay-gradient":""},"tablet":{"background-color":"","background-image":"","background-repeat":"repeat","background-position":"center center","background-size":"auto","background-attachment":"scroll","background-type":"","background-media":"","overlay-type":"","overlay-color":"","overlay-opacity":"","overlay-gradient":""},"mobile":{"background-color":"","background-image":"","background-repeat":"repeat","background-position":"center center","background-size":"auto","background-attachment":"scroll","background-type":"","background-media":"","overlay-type":"","overlay-color":"","overlay-opacity":"","overlay-gradient":""}},"ast-content-background-meta":{"desktop":{"background-color":"var(--ast-global-color-5)","background-image":"","background-repeat":"repeat","background-position":"center center","background-size":"auto","background-attachment":"scroll","background-type":"","background-media":"","overlay-type":"","overlay-color":"","overlay-opacity":"","overlay-gradient":""},"tablet":{"background-color":"var(--ast-global-color-5)","background-image":"","background-repeat":"repeat","background-position":"center center","background-size":"auto","background-attachment":"scroll","background-type":"","background-media":"","overlay-type":"","overlay-color":"","overlay-opacity":"","overlay-gradient":""},"mobile":{"background-color":"var(--ast-global-color-5)","background-image":"","background-repeat":"repeat","background-position":"center center","background-size":"auto","background-attachment":"scroll","background-type":"","background-media":"","overlay-type":"","overlay-color":"","overlay-opacity":"","overlay-gradient":""}},"footnotes":""},"categories":[16],"tags":[],"class_list":["post-733","post","type-post","status-publish","format-standard","has-post-thumbnail","hentry","category-archives-cms"],"_links":{"self":[{"href":"https:\/\/lavoiedessansvoix.fr\/lavoie\/wp-json\/wp\/v2\/posts\/733","targetHints":{"allow":["GET"]}}],"collection":[{"href":"https:\/\/lavoiedessansvoix.fr\/lavoie\/wp-json\/wp\/v2\/posts"}],"about":[{"href":"https:\/\/lavoiedessansvoix.fr\/lavoie\/wp-json\/wp\/v2\/types\/post"}],"author":[{"embeddable":true,"href":"https:\/\/lavoiedessansvoix.fr\/lavoie\/wp-json\/wp\/v2\/users\/1"}],"replies":[{"embeddable":true,"href":"https:\/\/lavoiedessansvoix.fr\/lavoie\/wp-json\/wp\/v2\/comments?post=733"}],"version-history":[{"count":1,"href":"https:\/\/lavoiedessansvoix.fr\/lavoie\/wp-json\/wp\/v2\/posts\/733\/revisions"}],"predecessor-version":[{"id":3485,"href":"https:\/\/lavoiedessansvoix.fr\/lavoie\/wp-json\/wp\/v2\/posts\/733\/revisions\/3485"}],"wp:featuredmedia":[{"embeddable":true,"href":"https:\/\/lavoiedessansvoix.fr\/lavoie\/wp-json\/wp\/v2\/media\/4318"}],"wp:attachment":[{"href":"https:\/\/lavoiedessansvoix.fr\/lavoie\/wp-json\/wp\/v2\/media?parent=733"}],"wp:term":[{"taxonomy":"category","embeddable":true,"href":"https:\/\/lavoiedessansvoix.fr\/lavoie\/wp-json\/wp\/v2\/categories?post=733"},{"taxonomy":"post_tag","embeddable":true,"href":"https:\/\/lavoiedessansvoix.fr\/lavoie\/wp-json\/wp\/v2\/tags?post=733"}],"curies":[{"name":"wp","href":"https:\/\/api.w.org\/{rel}","templated":true}]}}