{"id":732,"date":"2018-12-10T16:53:00","date_gmt":"2018-12-10T15:53:00","guid":{"rendered":"https:\/\/lavoiedessansvoix.fr\/lavoie\/2018\/12\/10\/archive-macron-se-fiche-de-nous-severe\/"},"modified":"2026-04-26T21:16:27","modified_gmt":"2026-04-26T19:16:27","slug":"archive-macron-se-fiche-de-nous-severe","status":"publish","type":"post","link":"https:\/\/lavoiedessansvoix.fr\/lavoie\/2018\/12\/10\/archive-macron-se-fiche-de-nous-severe\/","title":{"rendered":"MACRON SE FICHE DE NOUS, S\u00c9V\u00c8RE !"},"content":{"rendered":"<p>MACRON SE FICHE DE NOUS, S\u00c9V\u00c8RE !Dans les r\u00e9actions \u00e0 chaud ce soir la plupart des intervenants, occup\u00e9s par les commentaires sur les pr\u00e9tendues \u00ab annonces sociales \u00bb ont omis de relever la \u00ab mise en bouche \u00bb du discours pr\u00e9sidentiel.  Mais en v\u00e9rit\u00e9 la premi\u00e8re chose qu\u2019il convient de retenir de l\u2019intervention du \u00ab petit Macron \u00bb, c\u2019est qu\u2019il s\u2019est pay\u00e9, le mal appris, de le\u00e7ons de morale r\u00e9publicaine \u00e0 l\u2019adresse des repr\u00e9sentants de l\u2019opposition politique ou syndicale, et du mouvement des \u00ab Gilets-jaunes \u00bb et surtout qu\u2019il a prof\u00e9r\u00e9 \u00e0 son encontre et contre les libert\u00e9s publiques de sourdes menaces \u00e0 peine voil\u00e9es.   \u00ab D\u00e9sormais le calme et l\u2019ordre r\u00e9publicain doivent r\u00e9gner. J\u2019ai donn\u00e9 des instructions en ce sens \u00bb a t-il dit \u00e0 peu pr\u00e8s. C\u2019est dire que des mesures de r\u00e9torsions de toutes sortes vont-\u00eatre d\u00e9ploy\u00e9es, administratives, polici\u00e8res, judiciaires, contre les regroupements, points de fixation, et actions du mouvement. Avec des PV, des gardes \u00e0 vues, des assignations en justice, etc. Et que les manifestations seront interdites et r\u00e9prim\u00e9es encore plus durement. Cette entr\u00e9e en mati\u00e8re inqui\u00e9tante  du discours pr\u00e9sidentiel constitue d\u00e9j\u00e0, \u00e0 elle seule, une injure \u00e0 la mobilisation populaire et une provocation \u00e0 son encontre  Quant au pr\u00e9tendu \u00ab tournant social \u00bb je ne prendrai qu\u2019un exemple : \u00ab Le salaire d\u2019un travailleur au SMIC augmentera de 100 euros par mois d\u00e8s 2019 sans qu\u2019il en co\u00fbte un euro de plus \u00e0 l\u2019employeur \u00bb. ?  Un salaire qui augmente sans que l\u2019employeur paye, \u2026. C\u2019est quoi cette histoire de fou ?   Les \u00ab gilets-jaunes revendiquent un nouveau partage plus \u00e9quitable des richesses. Il s\u2019agit l\u00e0 de ne rien changer au partage inique en vigueur.  Comment cela peut-il fonctionner ? Par la diminution des charges sur salaire. Mais ces charges sont \u00ab du salaire diff\u00e9r\u00e9 qui servent \u00e0 financer les prestations sociales. Si elles ne sont plus retenues, certes le salaire net apparent augmentera \u00e0 la fin du mois mais pas le SMIC, pas le salaire brut. Autrement dit Macron prend dans la poche m\u00eame des salari\u00e9s ce qu\u2019il pr\u00e9tend leur donner. C\u2019est \u00ab payez-vous vous-m\u00eame. Or, si les recettes sociales diminuent, vous l\u2019avez compris, les prestations sociales diminueront aussi. On vous reprendra d\u2019un c\u00f4t\u00e9 ce que l\u2019on vous avait donn\u00e9 de l\u2019autre. Pire m\u00eame, y songez-vous, cela revient \u00e0 fiscaliser une part du salaire, payez par les imp\u00f4ts. Quels imp\u00f4ts et de qui ? C\u2019est une v\u00e9ritable tromperie. C\u2019est rien moins que du \u00ab foutage de gueule \u00bb.  Et bien s\u00fbr tout le reste est \u00e0 l\u2019\u00e0 venant.  Alors non ! D\u00e9cid\u00e9ment non ! L\u2019intervention d\u2019Emmanuel Macron hier soir est moins que satisfaisante, ce n\u2019est pas une \u00ab\u00a0adresse\u00a0\u00bb c&rsquo;est un \u00ab\u00a0crachat \u00e0 la Nation\u00a0\u00bb.  Insult\u00e9 le mouvement des Gilets Jaunes va se raidir et c\u2019est lui qui doit se mettre en \u00e9tat \u00e0 pr\u00e9sent de donner une dure le\u00e7on de morale R\u00e9publicaine \u00e0 ce \u00ab dictateur \u00bb insolent.  Patrick Seignon. \u00ab lavoiedessansvoix.fr \u00bb.Lundi 10 d\u00e9cembre 2018.<\/p>\n","protected":false},"excerpt":{"rendered":"<p>MACRON SE FICHE DE NOUS, S\u00c9V\u00c8RE !Dans les r\u00e9actions \u00e0 chaud ce soir la plupart des intervenants, occup\u00e9s par les [&hellip;]<\/p>\n","protected":false},"author":1,"featured_media":4317,"comment_status":"open","ping_status":"open","sticky":false,"template":"","format":"standard","meta":{"sfsi_plus_gutenberg_text_before_share":"","sfsi_plus_gutenberg_show_text_before_share":"","sfsi_plus_gutenberg_icon_type":"","sfsi_plus_gutenberg_icon_alignemt":"","sfsi_plus_gutenburg_max_per_row":"","site-sidebar-layout":"default","site-content-layout":"","ast-site-content-layout":"default","site-content-style":"default","site-sidebar-style":"default","ast-global-header-display":"","ast-banner-title-visibility":"","ast-main-header-display":"","ast-hfb-above-header-display":"","ast-hfb-below-header-display":"","ast-hfb-mobile-header-display":"","site-post-title":"","ast-breadcrumbs-content":"","ast-featured-img":"","footer-sml-layout":"","ast-disable-related-posts":"","theme-transparent-header-meta":"","adv-header-id-meta":"","stick-header-meta":"","header-above-stick-meta":"","header-main-stick-meta":"","header-below-stick-meta":"","astra-migrate-meta-layouts":"default","ast-page-background-enabled":"default","ast-page-background-meta":{"desktop":{"background-color":"var(--ast-global-color-4)","background-image":"","background-repeat":"repeat","background-position":"center center","background-size":"auto","background-attachment":"scroll","background-type":"","background-media":"","overlay-type":"","overlay-color":"","overlay-opacity":"","overlay-gradient":""},"tablet":{"background-color":"","background-image":"","background-repeat":"repeat","background-position":"center center","background-size":"auto","background-attachment":"scroll","background-type":"","background-media":"","overlay-type":"","overlay-color":"","overlay-opacity":"","overlay-gradient":""},"mobile":{"background-color":"","background-image":"","background-repeat":"repeat","background-position":"center center","background-size":"auto","background-attachment":"scroll","background-type":"","background-media":"","overlay-type":"","overlay-color":"","overlay-opacity":"","overlay-gradient":""}},"ast-content-background-meta":{"desktop":{"background-color":"var(--ast-global-color-5)","background-image":"","background-repeat":"repeat","background-position":"center center","background-size":"auto","background-attachment":"scroll","background-type":"","background-media":"","overlay-type":"","overlay-color":"","overlay-opacity":"","overlay-gradient":""},"tablet":{"background-color":"var(--ast-global-color-5)","background-image":"","background-repeat":"repeat","background-position":"center center","background-size":"auto","background-attachment":"scroll","background-type":"","background-media":"","overlay-type":"","overlay-color":"","overlay-opacity":"","overlay-gradient":""},"mobile":{"background-color":"var(--ast-global-color-5)","background-image":"","background-repeat":"repeat","background-position":"center center","background-size":"auto","background-attachment":"scroll","background-type":"","background-media":"","overlay-type":"","overlay-color":"","overlay-opacity":"","overlay-gradient":""}},"footnotes":""},"categories":[16],"tags":[],"class_list":["post-732","post","type-post","status-publish","format-standard","has-post-thumbnail","hentry","category-archives-cms"],"_links":{"self":[{"href":"https:\/\/lavoiedessansvoix.fr\/lavoie\/wp-json\/wp\/v2\/posts\/732","targetHints":{"allow":["GET"]}}],"collection":[{"href":"https:\/\/lavoiedessansvoix.fr\/lavoie\/wp-json\/wp\/v2\/posts"}],"about":[{"href":"https:\/\/lavoiedessansvoix.fr\/lavoie\/wp-json\/wp\/v2\/types\/post"}],"author":[{"embeddable":true,"href":"https:\/\/lavoiedessansvoix.fr\/lavoie\/wp-json\/wp\/v2\/users\/1"}],"replies":[{"embeddable":true,"href":"https:\/\/lavoiedessansvoix.fr\/lavoie\/wp-json\/wp\/v2\/comments?post=732"}],"version-history":[{"count":1,"href":"https:\/\/lavoiedessansvoix.fr\/lavoie\/wp-json\/wp\/v2\/posts\/732\/revisions"}],"predecessor-version":[{"id":3483,"href":"https:\/\/lavoiedessansvoix.fr\/lavoie\/wp-json\/wp\/v2\/posts\/732\/revisions\/3483"}],"wp:featuredmedia":[{"embeddable":true,"href":"https:\/\/lavoiedessansvoix.fr\/lavoie\/wp-json\/wp\/v2\/media\/4317"}],"wp:attachment":[{"href":"https:\/\/lavoiedessansvoix.fr\/lavoie\/wp-json\/wp\/v2\/media?parent=732"}],"wp:term":[{"taxonomy":"category","embeddable":true,"href":"https:\/\/lavoiedessansvoix.fr\/lavoie\/wp-json\/wp\/v2\/categories?post=732"},{"taxonomy":"post_tag","embeddable":true,"href":"https:\/\/lavoiedessansvoix.fr\/lavoie\/wp-json\/wp\/v2\/tags?post=732"}],"curies":[{"name":"wp","href":"https:\/\/api.w.org\/{rel}","templated":true}]}}