{"id":728,"date":"2018-12-14T03:23:00","date_gmt":"2018-12-14T02:23:00","guid":{"rendered":"https:\/\/lavoiedessansvoix.fr\/lavoie\/2018\/12\/14\/archive-gilets-jaunes-acte-5\/"},"modified":"2026-04-26T21:15:52","modified_gmt":"2026-04-26T19:15:52","slug":"archive-gilets-jaunes-acte-5","status":"publish","type":"post","link":"https:\/\/lavoiedessansvoix.fr\/lavoie\/2018\/12\/14\/archive-gilets-jaunes-acte-5\/","title":{"rendered":"GILETS-JAUNES, ACTE 5"},"content":{"rendered":"<p>GILETS-JAUNES, ACTE 5  Nous l\u2019avons dit hier, et nous ne sommes pas seuls, nous appelons demain, samedi 15 d\u00e9cembre, tous les \u00ab gilets-jaunes \u00bb et tous les fran\u00e7ais qui soutiennent le mouvement, \u00e0 prendre part \u00e0 un 5\u00e8me Samedi de manifestations pacifiques.    Le pouvoir politique, sourd \u00e0 notre col\u00e8re a r\u00e9pondu \u00e0 nos manifestations pacifiques par la violence polici\u00e8re dans le but d\u2019en r\u00e9duire la port\u00e9e en d\u00e9courageant de nombreux manifestants potentiels, voire de discr\u00e9diter notre mouvement aux yeux de l\u2019opinion. La man\u0153uvre a rat\u00e9 pour l\u2019essentiel. Le mouvement des Gilets-Jaunes b\u00e9n\u00e9ficie encore d\u2019un large soutien populaire.    Les violences polici\u00e8res, ou celles, \u00e9manent de forces occultes ne doivent pas nous dissuader au contraire de prendre une part toujours plus grandes aux manifestations. Renoncer ce serait accorder la victoire \u00e0 ce pouvoir v\u00e9reux et ce Pr\u00e9sident honni.    Manifester pacifiquement face \u00e0 un d\u00e9bordement de forces polici\u00e8res qui entravent ou interdisent de facto notre droit sacr\u00e9 de manifester, cela implique de \u00ab relever le gant \u00bb, c\u2019est-\u00e0-dire de s\u2019\u00e9quiper pour se prot\u00e9ger, et d\u2019opposer \u00e0 cette violence notre autre droit sacr\u00e9 de \u00ab l\u00e9gitime d\u00e9fense citoyenne \u00bb ?    Lors de son intervention du lundi 10 d\u00e9cembre le Pr\u00e9sident de la R\u00e9publique, par-del\u00e0 un \u00ab mea-culpa \u00bb de com\u00e9die est en v\u00e9rit\u00e9 rest\u00e9 \u00e9gal \u00e0 lui-m\u00eame, droit dans les bottes du dictateur, et m\u00e9prisant \u00e0 l\u2019\u00e9gard du peuple. Si quelques instants certains ont h\u00e9sit\u00e9s prenant au s\u00e9rieux son pr\u00e9tendu tournant social, ils n\u2019ont pas tard\u00e9 \u00e0 se raviser en comprenant qu\u2019il ne s\u2019agissait que d\u2019ignominieux tripatouillages par lesquels Emmanuel Macron sommait les Fran\u00e7ais modestes de \u00ab se payer eux-m\u00eames \u00bb (sur leur propres deniers). Alors la l\u00e9gitime col\u00e8re n\u2019a fait que croitre, la d\u00e9termination se renforcer, et les raisons de manifester \u00e0 nouveau ce samedi 15 d\u00e9cembre ce sont faites plus imp\u00e9ratives encore.  Tous les responsables gouvernementaux et les grands m\u00e9dias vendus se sont mis en devoir de nous convaincre de l\u2019authenticit\u00e9 du \u00ab Mea-culpa \u00bb de Macron et de la r\u00e9alit\u00e9 du changement de posture du gouvernement. En vain !  Personne n\u2019y croit. Mais voil\u00e0 qu\u2019un \u00e9v\u00e8nement dramatique se produit \u00e0 Strasbourg, un attentat terroriste, une fusillade qui a fait 4 morts et de nombreux bless\u00e9s. Et aussit\u00f4t le pouvoir s\u2019empare de l\u2019\u00e9v\u00e8nement pour nous dissuader de manifester, nous faire taire. On devrait, disent-ils, observer une pause, voire rentrer dans nos foyers, par respect des victimes, pour laisser travailler la police, pour ne pas rajouter la violence des \u00ab manifs \u00bb \u00e0 la violence des terroristes, pour ne pas surcharger de travail les forces de l\u2019ordre d\u00e9j\u00e0 fort occup\u00e9es \u00e0 g\u00e9rer la menace terroriste, etc.    Balivernes ! Foutaises ! Nous avons d\u00e9j\u00e0 r\u00e9pondu \u00e0 ces arguties malhonn\u00eates \u00e0 plusieurs reprises lors des attentats du \u00ab Bataclan \u00bb ou ceux de Nice, toujours la m\u00eame r\u00e9ponse que nous r\u00e9it\u00e9rons aujourd\u2019hui : \u00ab Non ! Nous refusons l\u2019Union nationale \u00bb qui n\u2019est qu\u2019un subterfuge pour nous faire taire. Nous partageons la douleur des victimes de l\u2019attentat de Strasbourg et versons avec elles des larmes am\u00e8res. Ce ne serait pas les honorer pourtant que de se taire, de passer sous les fourches caudines de la dictature \u00ab Macronniste \u00bb qui voudrait par la tromperie et la r\u00e9pression venir \u00e0 bout de la col\u00e8re populaire. Car, n\u2019a-t-on pas dit en 2015, au temps de l\u2019attentat de Charlie Hebdo, que les terroristes \u00e9taient les ennemis de la d\u00e9mocratie et que se taire serait leur donner raison ? Ne r\u00e9p\u00e8te-t-on pas encore aujourd\u2019hui apr\u00e8s l\u2019attentat de Strasbourg que la vie continue qu\u2019il faut garder la t\u00eate haute et ne pas donner raison aux terroristes en nous terrant chez-nous. Alors, pourquoi devrait-il y en aller diff\u00e9remment des \u00ab Gilets-Jaunes \u00bb et de la col\u00e8re populaire ? Pourquoi devraient-elles se taire et rentrer chez elle ?    Vous voyez chers amis, citoyens et camarades que cela ne tient pas debout. Qu\u2019il ne s\u2019agit que d\u2019odieuses arguties dont se saisissent opportun\u00e9ment le pouvoir et ses suppl\u00e9tifs pour tenter d\u2019annuler notre mouvement.    Voil\u00e0 un motif suppl\u00e9mentaire de hargne et de d\u00e9termination. Voil\u00e0 une raison de plus de manifester ce samedi plus nombreux que jamais.     Patrick Seignon. \u00ab lavoiedessansvoix.fr \u00bb. Vendredi 14 d\u00e9cembre 2018.<\/p>\n","protected":false},"excerpt":{"rendered":"<p>GILETS-JAUNES, ACTE 5 Nous l\u2019avons dit hier, et nous ne sommes pas seuls, nous appelons demain, samedi 15 d\u00e9cembre, tous [&hellip;]<\/p>\n","protected":false},"author":1,"featured_media":4313,"comment_status":"open","ping_status":"open","sticky":false,"template":"","format":"standard","meta":{"sfsi_plus_gutenberg_text_before_share":"","sfsi_plus_gutenberg_show_text_before_share":"","sfsi_plus_gutenberg_icon_type":"","sfsi_plus_gutenberg_icon_alignemt":"","sfsi_plus_gutenburg_max_per_row":"","site-sidebar-layout":"default","site-content-layout":"","ast-site-content-layout":"default","site-content-style":"default","site-sidebar-style":"default","ast-global-header-display":"","ast-banner-title-visibility":"","ast-main-header-display":"","ast-hfb-above-header-display":"","ast-hfb-below-header-display":"","ast-hfb-mobile-header-display":"","site-post-title":"","ast-breadcrumbs-content":"","ast-featured-img":"","footer-sml-layout":"","ast-disable-related-posts":"","theme-transparent-header-meta":"","adv-header-id-meta":"","stick-header-meta":"","header-above-stick-meta":"","header-main-stick-meta":"","header-below-stick-meta":"","astra-migrate-meta-layouts":"default","ast-page-background-enabled":"default","ast-page-background-meta":{"desktop":{"background-color":"var(--ast-global-color-4)","background-image":"","background-repeat":"repeat","background-position":"center center","background-size":"auto","background-attachment":"scroll","background-type":"","background-media":"","overlay-type":"","overlay-color":"","overlay-opacity":"","overlay-gradient":""},"tablet":{"background-color":"","background-image":"","background-repeat":"repeat","background-position":"center center","background-size":"auto","background-attachment":"scroll","background-type":"","background-media":"","overlay-type":"","overlay-color":"","overlay-opacity":"","overlay-gradient":""},"mobile":{"background-color":"","background-image":"","background-repeat":"repeat","background-position":"center center","background-size":"auto","background-attachment":"scroll","background-type":"","background-media":"","overlay-type":"","overlay-color":"","overlay-opacity":"","overlay-gradient":""}},"ast-content-background-meta":{"desktop":{"background-color":"var(--ast-global-color-5)","background-image":"","background-repeat":"repeat","background-position":"center center","background-size":"auto","background-attachment":"scroll","background-type":"","background-media":"","overlay-type":"","overlay-color":"","overlay-opacity":"","overlay-gradient":""},"tablet":{"background-color":"var(--ast-global-color-5)","background-image":"","background-repeat":"repeat","background-position":"center center","background-size":"auto","background-attachment":"scroll","background-type":"","background-media":"","overlay-type":"","overlay-color":"","overlay-opacity":"","overlay-gradient":""},"mobile":{"background-color":"var(--ast-global-color-5)","background-image":"","background-repeat":"repeat","background-position":"center center","background-size":"auto","background-attachment":"scroll","background-type":"","background-media":"","overlay-type":"","overlay-color":"","overlay-opacity":"","overlay-gradient":""}},"footnotes":""},"categories":[16],"tags":[],"class_list":["post-728","post","type-post","status-publish","format-standard","has-post-thumbnail","hentry","category-archives-cms"],"_links":{"self":[{"href":"https:\/\/lavoiedessansvoix.fr\/lavoie\/wp-json\/wp\/v2\/posts\/728","targetHints":{"allow":["GET"]}}],"collection":[{"href":"https:\/\/lavoiedessansvoix.fr\/lavoie\/wp-json\/wp\/v2\/posts"}],"about":[{"href":"https:\/\/lavoiedessansvoix.fr\/lavoie\/wp-json\/wp\/v2\/types\/post"}],"author":[{"embeddable":true,"href":"https:\/\/lavoiedessansvoix.fr\/lavoie\/wp-json\/wp\/v2\/users\/1"}],"replies":[{"embeddable":true,"href":"https:\/\/lavoiedessansvoix.fr\/lavoie\/wp-json\/wp\/v2\/comments?post=728"}],"version-history":[{"count":1,"href":"https:\/\/lavoiedessansvoix.fr\/lavoie\/wp-json\/wp\/v2\/posts\/728\/revisions"}],"predecessor-version":[{"id":3475,"href":"https:\/\/lavoiedessansvoix.fr\/lavoie\/wp-json\/wp\/v2\/posts\/728\/revisions\/3475"}],"wp:featuredmedia":[{"embeddable":true,"href":"https:\/\/lavoiedessansvoix.fr\/lavoie\/wp-json\/wp\/v2\/media\/4313"}],"wp:attachment":[{"href":"https:\/\/lavoiedessansvoix.fr\/lavoie\/wp-json\/wp\/v2\/media?parent=728"}],"wp:term":[{"taxonomy":"category","embeddable":true,"href":"https:\/\/lavoiedessansvoix.fr\/lavoie\/wp-json\/wp\/v2\/categories?post=728"},{"taxonomy":"post_tag","embeddable":true,"href":"https:\/\/lavoiedessansvoix.fr\/lavoie\/wp-json\/wp\/v2\/tags?post=728"}],"curies":[{"name":"wp","href":"https:\/\/api.w.org\/{rel}","templated":true}]}}