{"id":725,"date":"2018-12-16T18:39:00","date_gmt":"2018-12-16T17:39:00","guid":{"rendered":"https:\/\/lavoiedessansvoix.fr\/lavoie\/2018\/12\/16\/archive-analyse-et-bilan-explicatif-de-l-acte-v-des-gilets-jaunes\/"},"modified":"2026-04-26T21:15:27","modified_gmt":"2026-04-26T19:15:27","slug":"archive-analyse-et-bilan-explicatif-de-l-acte-v-des-gilets-jaunes","status":"publish","type":"post","link":"https:\/\/lavoiedessansvoix.fr\/lavoie\/2018\/12\/16\/archive-analyse-et-bilan-explicatif-de-l-acte-v-des-gilets-jaunes\/","title":{"rendered":"ANALYSE ET BILAN EXPLICATIF  DE L\u2019ACTE V DES GILETS JAUNES"},"content":{"rendered":"<p>ANALYSE ET BILAN EXPLICATIF   DE L\u2019ACTE V DES GILETS JAUNES   Selon les autorit\u00e9s gouvernementales et les m\u00e9dias \u00e0 leur service, l\u2019acte 5 de la mobilisation des Gilets-jaunes marquerait un net recul, moiti\u00e9 moins de participation, que l\u2019acte pr\u00e9c\u00e9dent.   Cette v\u00e9rit\u00e9 (fausse) matraqu\u00e9e en boucle par toutes les bouches de la propagande officielle, a pour volont\u00e9, et aussi il faut bien le dire, un peu pour effet, d\u2019atteindre le moral du mouvement. Moins, bien s\u00fbr, ceux qui sont actifs, qui se rencontrent, discutent, se rassurent les uns les autres quant \u00e0 leur d\u00e9termination, davantage ceux qui apportant un soutien passif, restent chez eux, ou dans leurs v\u00e9hicules, \u00ab isol\u00e9s \u00bb en t\u00eate \u00e0 t\u00eate avec leurs menteurs \u00e9lectroniques de service.   Car la premi\u00e8re constatation qu\u2019il convient de faire pour tirer le vrai bilan de cette journ\u00e9e du 15 d\u00e9cembre 2018, est bien entendu que les chiffres officiels sont enti\u00e8rement faux. Certes il ne fait aucun doute, et nous ne tenterons pas de le nier, que la mobilisation du 5\u00e8me samedi a marqu\u00e9 le pas sur les semaines pr\u00e9c\u00e9dentes, que la participation s\u2019est quelque peu tass\u00e9e. Moiti\u00e9 moins de participation disent les officiers-menteurs ? Mais comment compter quand le bouclage policier \u00e9clate le mouvement et entrave les regroupements ?  Moiti\u00e9 moins que quoi ? Que les chiffrages d\u00e9j\u00e0 tronqu\u00e9s des semaines pr\u00e9c\u00e9dentes ?   Le 5\u00e8me acte a eu Lieu, il a d\u00e9montr\u00e9 que le cin\u00e9ma et les astuces grossi\u00e8res de Macron, bien que relay\u00e9es par une kyrielle de valets obs\u00e9quieux n\u2019a tromp\u00e9 personne. Malgr\u00e9 le temps ex\u00e9crable de ce jour (Exemple : gel et pluies vergla\u00e7antes en Touraine jusqu\u2019\u00e0 la mi-journ\u00e9e et pluie froide et drue tout l\u2019apr\u00e8s-midi) des centaines de milliers de Gilets-Jaunes, partout en France, ont cri\u00e9 leur haine de ce Pr\u00e9sident et leur volont\u00e9 de le chasser du pouvoir. Cessez donc de nous mentir messieurs-dames, cessez de vous mentir \u00e0 vous-m\u00eames, qu\u2019elle que soit la participation exacte \u00e0 ce 5\u00e8me samedi de manifestation, d\u2019ailleurs \u00e0 peu pr\u00e8s impossible \u00e0 chiffrer correctement, le fond de la v\u00e9rit\u00e9 et l\u00e0 : la France du peuple est toujours debout contre la France des pr\u00e9tendues \u00e9lites.   Il y a eu toutefois, et nous avons dit que nous ne le nierions pas, un tassement probable de la participation. Non un reflux, non une marque de d\u00e9moralisation ou de d\u00e9mobilisation, mais un flottement, un temps d\u2019h\u00e9sitation. En voil\u00e0 \u00e0 notre sens les v\u00e9ritables raisons apparentes.  1)         L\u2019\u00e9norme dispositif policier et le bouclage de Paris  2)         La m\u00e9t\u00e9o, ex\u00e9crable \u00e0 peu pr\u00e8s partout en France.   3)         Les questionnements induits par le positionnement du RN qui par la voix de Marine Le Pen a d\u00e9nonc\u00e9 les violences \u00e9maillant les manifestations plus que le dispositif policier liberticide  4)         Les flottements par rapport \u00e0 l\u2019attitude \u00e0 adopter face \u00e0 la violence polici\u00e8re  5)         Les perspectives du mouvement (qui n\u2019avance pas recule)  6)         En ce 5\u00e8me acte la revendication du RIC est devenue la revendication phare, jetant le trouble face \u00e0 l\u2019exigence de la d\u00e9mission de Macron qui est pourtant rest\u00e9 le slogan le plus unanimement repris par les manifestants.  Le mouvement des \u00ab gilets-jaune \u00bb s\u2019interroge, se cherche, fait une introspection. Il va trouver les r\u00e9ponses et repartir de l\u2019avant.  Le \u00ab RIC \u00bb ? Soit, c\u2019est une bonne revendication, c\u2019est l\u2019exigence d\u2019une d\u00e9mocratie populaire participative, donc d\u2019autres institutions. Car le \u00ab RIC \u00bb tel que l\u2019entendent les \u00ab gilets-jaunes \u00bb instrument de contr\u00f4le du pouvoir et des \u00e9lus \u00bb et outil d\u2019exercice de la souverainet\u00e9 du peuple, est totalement incompatible avec la subsistance de la cinqui\u00e8me R\u00e9publique dans laquelle la souverainet\u00e9 nationale est enti\u00e8rement d\u00e9pos\u00e9e par l\u2019\u00e9lection du Pr\u00e9sident de la R\u00e9publique au suffrage universel dans les mains d\u2019un monarque \u00e9lu.  Alors, pour que les choses soient \u00e9quilibr\u00e9es, pour que la revendication du \u00ab RIC \u00bb soit coh\u00e9rente, il faut qu\u2019elle soit coupl\u00e9e et m\u00eame pr\u00e9c\u00e9d\u00e9e par celle de la d\u00e9mission ou la destitution de Pr\u00e9sident de la R\u00e9publique, qui est le moyen d\u2019ouvrir la voie \u00e0 un changement de constitution.  A d\u00e9faut, le \u00ab RIC \u00bb ne serait qu\u2019un cataplasme pour soigner un cancer. Un voile, un de plus, (l\u2019Assembl\u00e9e Nationale godillot ne sert d\u00e9j\u00e0 \u00e0 rien) pour tenter de masquer le d\u00e9ficit d\u00e9mocratique de cette R\u00e9publique autocratique.   Avez-vous remarqu\u00e9 comment nos m\u00e9dias t\u00e9l\u00e9vis\u00e9s s\u2019en sont fait l\u2019\u00e9cho, eux qui jusque -l\u00e0 s\u2019effor\u00e7aient de jeter le trouble sur les revendications \u00ab des gilets-jaunes \u00bb jug\u00e9es \u00ab disparates \u00bb et \u00ab contradictoires \u00bb ? Et n\u2019avez-vous pas \u00e9t\u00e9 \u00e9tonn\u00e9 de l\u2019empressement du Premier Ministre \u00e0 \u00ab valider \u00bb cette revendication en d\u00e9clarant dans un entretien avec le journal \u00ab Les \u00c9chos \u00bb qu\u2019il allait ouvrir un d\u00e9bat sur le sujet.   Je ne vois pas, a d\u00e9clar\u00e9 \u00c9douard Philippe aux \u00ab \u00c9chos \u00bb, comment on peut \u00eatre contre son principe. Le r\u00e9f\u00e9rendum peut-\u00eatre un bon instrument dans une d\u00e9mocratie. \u00bb . Bravo ! Mais il ajoute tout de suite : \u00ab  mais pas sur n\u2019importe quel sujet, ni dans n\u2019importe quelles conditions. \u00bb Vous l\u2019avez compris, le gouvernement va s\u2019emparer de ce th\u00e8me pour le travestir, le vider enti\u00e8rement de ses potentialit\u00e9s transformatrices, tenter de \u00ab rouler le mouvement des Gilets-jaunes \u00bb dans le safran \u00bb.  Le RIC, revendication l\u00e9gitime des Gilets-Jaunes est d\u00e9j\u00e0 devenu \u00e0 ce stade le \u00ab joker \u00bb avec lequel le gouvernement va tenter de se \u00ab tirer d\u2019\u00e9paisseur \u00bb.   Les choses certes ne sont pas encore jou\u00e9es, mais tel est le sc\u00e9nario qui s\u2019annonce. On peut encore se pr\u00e9munir en persistant \u00e0 garder comme premi\u00e8re et principale revendication la d\u00e9position d\u2019Emmanuel Macron.  Patrick Seignon. \u00ab lavoiedessansvoix.fr \u00bb. Dimanche 16 d\u00e9cembre 2018.<\/p>\n","protected":false},"excerpt":{"rendered":"<p>ANALYSE ET BILAN EXPLICATIF DE L\u2019ACTE V DES GILETS JAUNES Selon les autorit\u00e9s gouvernementales et les m\u00e9dias \u00e0 leur service, [&hellip;]<\/p>\n","protected":false},"author":1,"featured_media":4310,"comment_status":"open","ping_status":"open","sticky":false,"template":"","format":"standard","meta":{"sfsi_plus_gutenberg_text_before_share":"","sfsi_plus_gutenberg_show_text_before_share":"","sfsi_plus_gutenberg_icon_type":"","sfsi_plus_gutenberg_icon_alignemt":"","sfsi_plus_gutenburg_max_per_row":"","site-sidebar-layout":"default","site-content-layout":"","ast-site-content-layout":"default","site-content-style":"default","site-sidebar-style":"default","ast-global-header-display":"","ast-banner-title-visibility":"","ast-main-header-display":"","ast-hfb-above-header-display":"","ast-hfb-below-header-display":"","ast-hfb-mobile-header-display":"","site-post-title":"","ast-breadcrumbs-content":"","ast-featured-img":"","footer-sml-layout":"","ast-disable-related-posts":"","theme-transparent-header-meta":"","adv-header-id-meta":"","stick-header-meta":"","header-above-stick-meta":"","header-main-stick-meta":"","header-below-stick-meta":"","astra-migrate-meta-layouts":"default","ast-page-background-enabled":"default","ast-page-background-meta":{"desktop":{"background-color":"var(--ast-global-color-4)","background-image":"","background-repeat":"repeat","background-position":"center center","background-size":"auto","background-attachment":"scroll","background-type":"","background-media":"","overlay-type":"","overlay-color":"","overlay-opacity":"","overlay-gradient":""},"tablet":{"background-color":"","background-image":"","background-repeat":"repeat","background-position":"center center","background-size":"auto","background-attachment":"scroll","background-type":"","background-media":"","overlay-type":"","overlay-color":"","overlay-opacity":"","overlay-gradient":""},"mobile":{"background-color":"","background-image":"","background-repeat":"repeat","background-position":"center center","background-size":"auto","background-attachment":"scroll","background-type":"","background-media":"","overlay-type":"","overlay-color":"","overlay-opacity":"","overlay-gradient":""}},"ast-content-background-meta":{"desktop":{"background-color":"var(--ast-global-color-5)","background-image":"","background-repeat":"repeat","background-position":"center center","background-size":"auto","background-attachment":"scroll","background-type":"","background-media":"","overlay-type":"","overlay-color":"","overlay-opacity":"","overlay-gradient":""},"tablet":{"background-color":"var(--ast-global-color-5)","background-image":"","background-repeat":"repeat","background-position":"center center","background-size":"auto","background-attachment":"scroll","background-type":"","background-media":"","overlay-type":"","overlay-color":"","overlay-opacity":"","overlay-gradient":""},"mobile":{"background-color":"var(--ast-global-color-5)","background-image":"","background-repeat":"repeat","background-position":"center center","background-size":"auto","background-attachment":"scroll","background-type":"","background-media":"","overlay-type":"","overlay-color":"","overlay-opacity":"","overlay-gradient":""}},"footnotes":""},"categories":[16],"tags":[],"class_list":["post-725","post","type-post","status-publish","format-standard","has-post-thumbnail","hentry","category-archives-cms"],"_links":{"self":[{"href":"https:\/\/lavoiedessansvoix.fr\/lavoie\/wp-json\/wp\/v2\/posts\/725","targetHints":{"allow":["GET"]}}],"collection":[{"href":"https:\/\/lavoiedessansvoix.fr\/lavoie\/wp-json\/wp\/v2\/posts"}],"about":[{"href":"https:\/\/lavoiedessansvoix.fr\/lavoie\/wp-json\/wp\/v2\/types\/post"}],"author":[{"embeddable":true,"href":"https:\/\/lavoiedessansvoix.fr\/lavoie\/wp-json\/wp\/v2\/users\/1"}],"replies":[{"embeddable":true,"href":"https:\/\/lavoiedessansvoix.fr\/lavoie\/wp-json\/wp\/v2\/comments?post=725"}],"version-history":[{"count":1,"href":"https:\/\/lavoiedessansvoix.fr\/lavoie\/wp-json\/wp\/v2\/posts\/725\/revisions"}],"predecessor-version":[{"id":3469,"href":"https:\/\/lavoiedessansvoix.fr\/lavoie\/wp-json\/wp\/v2\/posts\/725\/revisions\/3469"}],"wp:featuredmedia":[{"embeddable":true,"href":"https:\/\/lavoiedessansvoix.fr\/lavoie\/wp-json\/wp\/v2\/media\/4310"}],"wp:attachment":[{"href":"https:\/\/lavoiedessansvoix.fr\/lavoie\/wp-json\/wp\/v2\/media?parent=725"}],"wp:term":[{"taxonomy":"category","embeddable":true,"href":"https:\/\/lavoiedessansvoix.fr\/lavoie\/wp-json\/wp\/v2\/categories?post=725"},{"taxonomy":"post_tag","embeddable":true,"href":"https:\/\/lavoiedessansvoix.fr\/lavoie\/wp-json\/wp\/v2\/tags?post=725"}],"curies":[{"name":"wp","href":"https:\/\/api.w.org\/{rel}","templated":true}]}}