{"id":722,"date":"2018-12-20T07:32:00","date_gmt":"2018-12-20T06:32:00","guid":{"rendered":"https:\/\/lavoiedessansvoix.fr\/lavoie\/2018\/12\/20\/archive-rejet-de-la-petition-pour-un-referendum-d-initiative-citoyenne-initiee-par-samad\/"},"modified":"2026-04-26T21:14:59","modified_gmt":"2026-04-26T19:14:59","slug":"archive-rejet-de-la-petition-pour-un-referendum-d-initiative-citoyenne-initiee-par-samad","status":"publish","type":"post","link":"https:\/\/lavoiedessansvoix.fr\/lavoie\/2018\/12\/20\/archive-rejet-de-la-petition-pour-un-referendum-d-initiative-citoyenne-initiee-par-samad\/","title":{"rendered":"REJET DE LA P\u00c9TITION POUR UN REFERENDUM D\u2019INITIATIVE CITOYENNE  INITI\u00c9E PAR SAMADA BLAKCORI"},"content":{"rendered":"<p>REJET DE LA P\u00c9TITION POUR UN REFERENDUM D\u2019INITIATIVE CITOYENNE  (INITI\u00c9E PAR SAMADA BLAKCORI) Dans notre article d\u2019Hier, \u00ab ALERTE P\u00c9TITION DANGEREUSE \u00bb Nous appelions \u00e0 ne pas signer celle-ci Nous avons  expliqu\u00e9 que sa volont\u00e9 d\u00e9clar\u00e9 d\u2019imposer le \u00ab RIC \u00bb comme revendication unique aboutissait \u00e0 faire de celui-ci autre chose que ce que veulent \u00ab les gilets-jaunes \u00bb.   Le \u00ab Ric \u00bb dans l\u2019esprit des gilets-jaunes doit-\u00eatre un outil d\u2019exercice de la souverainet\u00e9 populaire et de contr\u00f4le des \u00e9lus.   Nous compl\u00e9tons notre appel d\u2019hier \u00e0 ne pas signer, d\u2019un autre aujourd\u2019hui, \u00e0 ceux qui ont d\u00e9j\u00e0 sign\u00e9, pour les persuader de retirer leurs signatures de cette p\u00e9tition malencontreuse.  Quelques jours avant l\u2019acte 5 de la mobilisation (15 d\u00e9cembre) le \u00ab RIC \u00bb qui figurait d\u00e9j\u00e0 dans le cahier revendicatif \u00ab des gilets-jaunes \u00bb, y a pris tout \u00e0 coup une place pr\u00e9pond\u00e9rante. Discussions, tracts, et banderoles en t\u00eate des manifestations du 15. Alors l\u2019offre d\u2019une p\u00e9tition se pr\u00e9sentant dans le m\u00eame temps, il ne fait aucun doute que beaucoup, port\u00e9s par l\u2019enthousiasme, se seront pr\u00e9cipiter \u00e0 signer celle-ci sans en mesurer tout le sens ni la port\u00e9e r\u00e9elle.  Nous invitons ceux-l\u00e0 \u00e0 examiner plus attentivement la question, (ils peuvent \u00e0 cette fin lire nos articles des 18 et 19 d\u00e9cembre, et probablement bien d\u2019autres forts \u00e9clairants.). Et apr\u00e8s r\u00e9examen, ne pas h\u00e9siter \u00e0 retirer leur signature. Il faut limiter le succ\u00e8s de cette p\u00e9tition afin qu\u2019elle n\u2019impacte pas trop la nature du mouvement et ne risque de l\u2019engager dans une impasse historique.  Patrick Seignon. \u00ab lavoiedessansvoix.fr \u00bb. Jeudi 20 d\u00e9cembre 2018.<\/p>\n","protected":false},"excerpt":{"rendered":"<p>REJET DE LA P\u00c9TITION POUR UN REFERENDUM D\u2019INITIATIVE CITOYENNE (INITI\u00c9E PAR SAMADA BLAKCORI) Dans notre article d\u2019Hier, \u00ab ALERTE P\u00c9TITION [&hellip;]<\/p>\n","protected":false},"author":1,"featured_media":4307,"comment_status":"open","ping_status":"open","sticky":false,"template":"","format":"standard","meta":{"sfsi_plus_gutenberg_text_before_share":"","sfsi_plus_gutenberg_show_text_before_share":"","sfsi_plus_gutenberg_icon_type":"","sfsi_plus_gutenberg_icon_alignemt":"","sfsi_plus_gutenburg_max_per_row":"","site-sidebar-layout":"default","site-content-layout":"","ast-site-content-layout":"default","site-content-style":"default","site-sidebar-style":"default","ast-global-header-display":"","ast-banner-title-visibility":"","ast-main-header-display":"","ast-hfb-above-header-display":"","ast-hfb-below-header-display":"","ast-hfb-mobile-header-display":"","site-post-title":"","ast-breadcrumbs-content":"","ast-featured-img":"","footer-sml-layout":"","ast-disable-related-posts":"","theme-transparent-header-meta":"","adv-header-id-meta":"","stick-header-meta":"","header-above-stick-meta":"","header-main-stick-meta":"","header-below-stick-meta":"","astra-migrate-meta-layouts":"default","ast-page-background-enabled":"default","ast-page-background-meta":{"desktop":{"background-color":"var(--ast-global-color-4)","background-image":"","background-repeat":"repeat","background-position":"center center","background-size":"auto","background-attachment":"scroll","background-type":"","background-media":"","overlay-type":"","overlay-color":"","overlay-opacity":"","overlay-gradient":""},"tablet":{"background-color":"","background-image":"","background-repeat":"repeat","background-position":"center center","background-size":"auto","background-attachment":"scroll","background-type":"","background-media":"","overlay-type":"","overlay-color":"","overlay-opacity":"","overlay-gradient":""},"mobile":{"background-color":"","background-image":"","background-repeat":"repeat","background-position":"center center","background-size":"auto","background-attachment":"scroll","background-type":"","background-media":"","overlay-type":"","overlay-color":"","overlay-opacity":"","overlay-gradient":""}},"ast-content-background-meta":{"desktop":{"background-color":"var(--ast-global-color-5)","background-image":"","background-repeat":"repeat","background-position":"center center","background-size":"auto","background-attachment":"scroll","background-type":"","background-media":"","overlay-type":"","overlay-color":"","overlay-opacity":"","overlay-gradient":""},"tablet":{"background-color":"var(--ast-global-color-5)","background-image":"","background-repeat":"repeat","background-position":"center center","background-size":"auto","background-attachment":"scroll","background-type":"","background-media":"","overlay-type":"","overlay-color":"","overlay-opacity":"","overlay-gradient":""},"mobile":{"background-color":"var(--ast-global-color-5)","background-image":"","background-repeat":"repeat","background-position":"center center","background-size":"auto","background-attachment":"scroll","background-type":"","background-media":"","overlay-type":"","overlay-color":"","overlay-opacity":"","overlay-gradient":""}},"footnotes":""},"categories":[16],"tags":[],"class_list":["post-722","post","type-post","status-publish","format-standard","has-post-thumbnail","hentry","category-archives-cms"],"_links":{"self":[{"href":"https:\/\/lavoiedessansvoix.fr\/lavoie\/wp-json\/wp\/v2\/posts\/722","targetHints":{"allow":["GET"]}}],"collection":[{"href":"https:\/\/lavoiedessansvoix.fr\/lavoie\/wp-json\/wp\/v2\/posts"}],"about":[{"href":"https:\/\/lavoiedessansvoix.fr\/lavoie\/wp-json\/wp\/v2\/types\/post"}],"author":[{"embeddable":true,"href":"https:\/\/lavoiedessansvoix.fr\/lavoie\/wp-json\/wp\/v2\/users\/1"}],"replies":[{"embeddable":true,"href":"https:\/\/lavoiedessansvoix.fr\/lavoie\/wp-json\/wp\/v2\/comments?post=722"}],"version-history":[{"count":1,"href":"https:\/\/lavoiedessansvoix.fr\/lavoie\/wp-json\/wp\/v2\/posts\/722\/revisions"}],"predecessor-version":[{"id":3463,"href":"https:\/\/lavoiedessansvoix.fr\/lavoie\/wp-json\/wp\/v2\/posts\/722\/revisions\/3463"}],"wp:featuredmedia":[{"embeddable":true,"href":"https:\/\/lavoiedessansvoix.fr\/lavoie\/wp-json\/wp\/v2\/media\/4307"}],"wp:attachment":[{"href":"https:\/\/lavoiedessansvoix.fr\/lavoie\/wp-json\/wp\/v2\/media?parent=722"}],"wp:term":[{"taxonomy":"category","embeddable":true,"href":"https:\/\/lavoiedessansvoix.fr\/lavoie\/wp-json\/wp\/v2\/categories?post=722"},{"taxonomy":"post_tag","embeddable":true,"href":"https:\/\/lavoiedessansvoix.fr\/lavoie\/wp-json\/wp\/v2\/tags?post=722"}],"curies":[{"name":"wp","href":"https:\/\/api.w.org\/{rel}","templated":true}]}}