{"id":721,"date":"2018-12-24T02:40:00","date_gmt":"2018-12-24T01:40:00","guid":{"rendered":"https:\/\/lavoiedessansvoix.fr\/lavoie\/2018\/12\/24\/archive-il-a-raison-monsieur-macron\/"},"modified":"2026-04-26T21:14:47","modified_gmt":"2026-04-26T19:14:47","slug":"archive-il-a-raison-monsieur-macron","status":"publish","type":"post","link":"https:\/\/lavoiedessansvoix.fr\/lavoie\/2018\/12\/24\/archive-il-a-raison-monsieur-macron\/","title":{"rendered":"IL A RAISON MONSIEUR MACRON"},"content":{"rendered":"<p>IL A RAISON MONSIEUR MACRON Je sais que je vais en surprendre plus d\u2019une ou un, mais je l\u2019affirme, p\u00e9remptoire, il a raison monsieur Macron.Je ne surprendrais certes pas les visiteurs occasionnels de nos pages qui n\u2019en connaissent ni l\u2019esprit ni l\u2019engagement. Mais les autres les lecteurs fid\u00e8les ou assidus, ceux qui nous rendent visite pour assouvir leurs attentes, vont s\u2019esclaffer, quoi ! Macron, raison, dans cette p\u00e9riode, dans ce contexte ? Patrick serait-il devenu fou ? Ou nous r\u00e9serve-t-il une surprise ?Lisez plut\u00f4t.J\u2019ai vu Emmanuel Macron dans les reportages t\u00e9l\u00e9vis\u00e9s ; \u00ab Les yeux battus, la mine triste et les joues bl\u00eames, il ne dort plus, il n\u2019est que l\u2019ombre de lui-m\u00eame \u00bb*. Il est parti en tourn\u00e9e au Tchad, peut-\u00eatre pour se requinquer le moral parmi les \u00ab gar\u00e7ons \u00bb.  Porte avion, th\u00e9\u00e2tres d\u2019op\u00e9rations, il affectionne particuli\u00e8rement ces ambiances viriles. pour d\u00e9livrer ses messages aux Fran\u00e7ais. Craindrait-il, sans ces toiles de fonds martiales  le d\u00e9ficit de testost\u00e9rone dont paraitrait souffrir sa communication aux intentions autoritaires ?  Il avait d\u00e9livr\u00e9 le 12 d\u00e9cembre un message tr\u00e8s officiel et d\u00e9j\u00e0 tr\u00e8s martial, sur fond de drapeaux tricolores et les mains bien \u00e0 plat sur le pupitre, dans lequel il ordonnait \u00ab le r\u00e9tablissement prochain de l\u2019ordre r\u00e9publicain \u00bb, avec \u00e0 la cl\u00e9 un pr\u00e9tendu virage social cens\u00e9 calmer les ardeurs des gilets-jaunes. Mais la rue n\u2019a pas obtemp\u00e9r\u00e9, la fi\u00e8vre sociale n\u2019est pas retomb\u00e9e. Alors \u00e0 d\u00e9faut de convaincre et d\u2019\u00eatre ob\u00e9i, il se raidit un peu d\u2019avantage et d\u00e9livre aux fran\u00e7ais, depuis le Tchad, un nouveau message de fermet\u00e9 : \u00ab  Le ministre de l\u2019int\u00e9rieur a suivi les choses tout au long de la journ\u00e9e et j\u2019\u00e9tais en contact avec lui \u00bb. Attention m\u00eame de loin je vous ai \u00e0 l\u2019\u0153il, parait-il vouloir dire. \u00ab  Il est \u00e9vident que les r\u00e9ponses y compris judiciaires, les plus s\u00e9v\u00e8res seront apport\u00e9es. \u00bb Des menaces donc, non voil\u00e9es, mais de qu\u2019elle autorit\u00e9 r\u00e9elle \u00e9manent-elles, de quelle autorit\u00e9 peut bien se pr\u00e9valoir un Pr\u00e9sident de la r\u00e9publique qui a perdu tout cr\u00e9dit et dont la l\u00e9gitimit\u00e9 est elle-m\u00eame contest\u00e9e ? Qu\u2019elle crainte peut-inspirer la \u00ab statue \u00bb chancelante d\u2019un dictateur aux pieds d\u2019argile ?  Or Emmanuel Macron poursuit : \u00ab C\u2019est maintenant l\u2019ordre, le calme et la concorde qui doivent r\u00e9gner. Notre pays a besoin de concorde, d\u2019unit\u00e9, d\u2019un engagement sinc\u00e8res pour des causes collectives fortes. Et il faut apaiser les divisions. \u00bb  Bien entendu. L\u2019ordre, le calme et la concorde. Tous les Fran\u00e7ais paisibles pr\u00e9f\u00e9reraient cela. Mais pour cela il faut une soci\u00e9t\u00e9, fraternelle, \u00e9galitaire et \u00e9quitable  \u00ab Un engagement sinc\u00e8re pour des causes collectives \u00bb ? Mais les seules que Macron est en mesure de proposer \u00e0 la nation, c\u2019est que les pauvres acceptent d\u2019\u00eatre saign\u00e9s toujours d\u2019avantage  pour engraisser toujours plus les \u00ab gav\u00e9s du capital et de la finance. Les \u00ab causes collectives \u00bb de Macron c\u2019est la rentabilit\u00e9 des entreprises et les opulents dividendes servis aux actionnaires. Qu\u2019elle concorde voulez-vous r\u00e9aliser entre une poign\u00e9e d\u2019insatiables coquins qui accaparent le produit du travail d\u2019autrui et font main basse sur les propri\u00e9t\u00e9s collectives de la nation et le vaste peuple des d\u00e9munis qui ne parvient m\u00eame plus \u00e0 gagner sa vie en travaillant ?  Ce peuple se redresse dignement, revendique ses droits \u00e9l\u00e9mentaires, et sous pr\u00e9texte d\u2019ordre vous voulez lui imposer celui du plus fort et la raison du plus riche, et \u00e0 lui le seul droit de souffrir sa mis\u00e8re sans se plaindre.  Un \u00ab ordre \u00bb et une \u00ab concorde \u00bb de ce genre existait hier quand le peuple anesth\u00e9si\u00e9 souffrait en silence sous le joug.  Mais ce temps est r\u00e9volu. Le peuple s\u2019est r\u00e9veill\u00e9. L\u2019ordre et le concorde de la dictature du fric ne font plus recette. Il faut changer de \u00ab logiciel \u00bb. Monsieur Macron et ses \u00e9quipes qui se croyaient jeunes et modernes et allaient r\u00e9volutionner la vie politique, r\u00e9v\u00e8lent dans ce contexte historique ce qu\u2019ils sont vraiment, du \u00ab vieux mat\u00e9riel humain obsol\u00e8te et d\u00e9suet. \u00bb, dont il convient de changer rapidement.  Le peuple se bat et est dispos\u00e9 \u00e0 des sacrifices pour la d\u00e9fense de ses droits et de sa dignit\u00e9, et il a enti\u00e8rement raison. Mais son aspiration la plus profonde n\u2019en n\u2019est pas moins une soci\u00e9t\u00e9 apais\u00e9e, le travail, la dignit\u00e9, la fraternit\u00e9 et la libert\u00e9. Ainsi, l\u2019ordre et la concorde pourraient r\u00e9gner \u00e0 nouveau. C\u2019est en cela qu\u2019Emmanuel Macron a raison. A ceci pr\u00e8s, qui lui a peut-\u00eatre \u00e9chapp\u00e9, c\u2019est qu\u2019il est lui-m\u00eame devenu le pire obstacle au r\u00e9tablissement de ces conditions.  L\u2019ordre et la concorde, soit, il faut pour les restaurer, c\u2019est la premi\u00e8re et indispensable condition, que monsieur Macron disparaisse du paysage politique de la France.  Patrick Seignon. \u00ab lavoiedessansvoix.fr \u00bb. Lundi 24 d\u00e9cembre 2018.<\/p>\n","protected":false},"excerpt":{"rendered":"<p>IL A RAISON MONSIEUR MACRON Je sais que je vais en surprendre plus d\u2019une ou un, mais je l\u2019affirme, p\u00e9remptoire, [&hellip;]<\/p>\n","protected":false},"author":1,"featured_media":4306,"comment_status":"open","ping_status":"open","sticky":false,"template":"","format":"standard","meta":{"sfsi_plus_gutenberg_text_before_share":"","sfsi_plus_gutenberg_show_text_before_share":"","sfsi_plus_gutenberg_icon_type":"","sfsi_plus_gutenberg_icon_alignemt":"","sfsi_plus_gutenburg_max_per_row":"","site-sidebar-layout":"default","site-content-layout":"","ast-site-content-layout":"default","site-content-style":"default","site-sidebar-style":"default","ast-global-header-display":"","ast-banner-title-visibility":"","ast-main-header-display":"","ast-hfb-above-header-display":"","ast-hfb-below-header-display":"","ast-hfb-mobile-header-display":"","site-post-title":"","ast-breadcrumbs-content":"","ast-featured-img":"","footer-sml-layout":"","ast-disable-related-posts":"","theme-transparent-header-meta":"","adv-header-id-meta":"","stick-header-meta":"","header-above-stick-meta":"","header-main-stick-meta":"","header-below-stick-meta":"","astra-migrate-meta-layouts":"default","ast-page-background-enabled":"default","ast-page-background-meta":{"desktop":{"background-color":"var(--ast-global-color-4)","background-image":"","background-repeat":"repeat","background-position":"center center","background-size":"auto","background-attachment":"scroll","background-type":"","background-media":"","overlay-type":"","overlay-color":"","overlay-opacity":"","overlay-gradient":""},"tablet":{"background-color":"","background-image":"","background-repeat":"repeat","background-position":"center center","background-size":"auto","background-attachment":"scroll","background-type":"","background-media":"","overlay-type":"","overlay-color":"","overlay-opacity":"","overlay-gradient":""},"mobile":{"background-color":"","background-image":"","background-repeat":"repeat","background-position":"center center","background-size":"auto","background-attachment":"scroll","background-type":"","background-media":"","overlay-type":"","overlay-color":"","overlay-opacity":"","overlay-gradient":""}},"ast-content-background-meta":{"desktop":{"background-color":"var(--ast-global-color-5)","background-image":"","background-repeat":"repeat","background-position":"center center","background-size":"auto","background-attachment":"scroll","background-type":"","background-media":"","overlay-type":"","overlay-color":"","overlay-opacity":"","overlay-gradient":""},"tablet":{"background-color":"var(--ast-global-color-5)","background-image":"","background-repeat":"repeat","background-position":"center center","background-size":"auto","background-attachment":"scroll","background-type":"","background-media":"","overlay-type":"","overlay-color":"","overlay-opacity":"","overlay-gradient":""},"mobile":{"background-color":"var(--ast-global-color-5)","background-image":"","background-repeat":"repeat","background-position":"center center","background-size":"auto","background-attachment":"scroll","background-type":"","background-media":"","overlay-type":"","overlay-color":"","overlay-opacity":"","overlay-gradient":""}},"footnotes":""},"categories":[16],"tags":[],"class_list":["post-721","post","type-post","status-publish","format-standard","has-post-thumbnail","hentry","category-archives-cms"],"_links":{"self":[{"href":"https:\/\/lavoiedessansvoix.fr\/lavoie\/wp-json\/wp\/v2\/posts\/721","targetHints":{"allow":["GET"]}}],"collection":[{"href":"https:\/\/lavoiedessansvoix.fr\/lavoie\/wp-json\/wp\/v2\/posts"}],"about":[{"href":"https:\/\/lavoiedessansvoix.fr\/lavoie\/wp-json\/wp\/v2\/types\/post"}],"author":[{"embeddable":true,"href":"https:\/\/lavoiedessansvoix.fr\/lavoie\/wp-json\/wp\/v2\/users\/1"}],"replies":[{"embeddable":true,"href":"https:\/\/lavoiedessansvoix.fr\/lavoie\/wp-json\/wp\/v2\/comments?post=721"}],"version-history":[{"count":1,"href":"https:\/\/lavoiedessansvoix.fr\/lavoie\/wp-json\/wp\/v2\/posts\/721\/revisions"}],"predecessor-version":[{"id":3461,"href":"https:\/\/lavoiedessansvoix.fr\/lavoie\/wp-json\/wp\/v2\/posts\/721\/revisions\/3461"}],"wp:featuredmedia":[{"embeddable":true,"href":"https:\/\/lavoiedessansvoix.fr\/lavoie\/wp-json\/wp\/v2\/media\/4306"}],"wp:attachment":[{"href":"https:\/\/lavoiedessansvoix.fr\/lavoie\/wp-json\/wp\/v2\/media?parent=721"}],"wp:term":[{"taxonomy":"category","embeddable":true,"href":"https:\/\/lavoiedessansvoix.fr\/lavoie\/wp-json\/wp\/v2\/categories?post=721"},{"taxonomy":"post_tag","embeddable":true,"href":"https:\/\/lavoiedessansvoix.fr\/lavoie\/wp-json\/wp\/v2\/tags?post=721"}],"curies":[{"name":"wp","href":"https:\/\/api.w.org\/{rel}","templated":true}]}}