{"id":720,"date":"2018-12-31T06:23:00","date_gmt":"2018-12-31T05:23:00","guid":{"rendered":"https:\/\/lavoiedessansvoix.fr\/lavoie\/2018\/12\/31\/archive-les-v-ux-2019-de-la-voie-des-sans-voix\/"},"modified":"2026-04-26T21:14:38","modified_gmt":"2026-04-26T19:14:38","slug":"archive-les-v-ux-2019-de-la-voie-des-sans-voix","status":"publish","type":"post","link":"https:\/\/lavoiedessansvoix.fr\/lavoie\/2018\/12\/31\/archive-les-v-ux-2019-de-la-voie-des-sans-voix\/","title":{"rendered":"LES V\u0152UX 2019 DE \u00ab LA VOIE DES SANS VOIX \u00bb"},"content":{"rendered":"<p>LES V\u0152UX 2019 DE \u00ab LA VOIE DES SANS VOIX \u00bb Chaque ann\u00e9e \u00e0 cette \u00e9poque je pr\u00e9sente mes v\u0153ux de nouvel-an \u00e0 mes amis lecteurs, et bien au-del\u00e0, \u00e0 tous ceux qui esp\u00e8rent et qui lutte.  Et bien entendu en cette fin d\u2019ann\u00e9e 2018 mes v\u0153ux vont en tout premier lieu \u00ab aux gilets-jaunes \u00bb qui portent l\u2019espoir de tout un peuple. V\u0153ux pour la pers\u00e9v\u00e9rance de leur combat,  v\u0153ux d\u2019audace et d\u2019initiative, v\u0153ux pour leur victoire finale. V\u0153ux donc de lutte et de combat qui ne seront peut-\u00eatre pas sans souffrances et difficult\u00e9s.  Les v\u0153ux de la voie des sans voix \u00bb ne sont jamais du genre fielleux et \u00ab faux-culs \u00bb de ceux que vous pr\u00e9sentent certains Pr\u00e9sidents de la R\u00e9publique qui nous souhaitent bien du bonheur \u00e0 travailler toujours plus et toujours plus longtemps, dans le temps m\u00eame o\u00f9 ils vous font les poches. Qui nous engagent \u00e0 l\u2019effort et aux sacrifices pour r\u00e9soudre les probl\u00e8mes de la France, \u00e0 leur sens \u00ab la rentabilit\u00e9 des entreprises \u00bb fond\u00e9e sur la mis\u00e8re d\u2019un troupeau d\u2019esclaves salari\u00e9s, artisans, et petits commer\u00e7ants. La voix des sans voix elle vous d\u00e9livre chaque ann\u00e9e, surtout et d\u2019abord un message de lutte et de pugnacit\u00e9. Car c\u2019est debout et dans la lutte que les peuples sont fiers, dignes et heureux. Le \u00ab bonheur \u00bb ne se qu\u00e9mande pas, il s\u2019arrache de haute lutte. La r\u00e9volution dit-on, \u00e0 bon escient, \u00ab c\u2019est la f\u00eate des opprim\u00e9s.   Oui, elle est l\u00e0, la f\u00eate des opprim\u00e9s, aux ronds-points ou partout ailleurs ou vous vous retrouvez, dans les liens d\u2019amiti\u00e9s que vous avez nou\u00e9s, dans les solidarit\u00e9s que vous avez forg\u00e9es,  dans cette immense agora nationale que vous avez invent\u00e9, dans le plaisir de vous retrouver dans le partage des m\u00eames angoisses des m\u00eames esp\u00e9rances et des m\u00eames combats.  Peuple ni\u00e9, foul\u00e9 aux pieds, m\u00e9pris\u00e9 et insult\u00e9, tu t\u2019es r\u00e9veill\u00e9, tu as pris la parole, tu t\u2019es saisi de ton propre destin. Alors maintenant il faut aller au bout. Alors maintenant il ne faut pas l\u00e2cher la proie pour l\u2019ombre, il ne faut pas renoncer au projet d\u2019une nouvelle R\u00e9publique d\u00e9mocratique et populaire, pour quelques miettes dont tes maitres condescendants consentiraient \u00e0 te faire l\u2019aum\u00f4ne pour t\u2019assagir et qu\u2019ils reprendraient aussit\u00f4t que tu aurais suspendu ta mobilisation et ta vigilance. Il ne faut pas rel\u00e2cher l\u2019effort avant d\u2019avoir obtenue la victoire car rien n\u2019est plus lourd que la main de la tyrannie qui retombe sur les peuples vaincus.  Or, des demi-mesures, des voies en impasse, des culs-de sac historiques, des contes \u00e0 dormir debout, des vessies d\u00e9guis\u00e9es en lanternes, une kyrielle d\u2019acteurs, grands \u00bb ou petits, du mouvement ou \u00e0 sa marge, vous en proposent d\u00e9j\u00e0 beaucoup. Les uns en appellent \u00e0 la dictature militaire pour gu\u00e9rir la dictature civile macroniste, d\u2019autres pr\u00e9tendent r\u00e9soudre tous les probl\u00e8mes gr\u00e2ce \u00e0 la baguette magique du RIC, ou celle de l\u2019appropriation des m\u00e9dias, etc.  Aucun combat ne se gagne sans avoir \u00e9t\u00e9 men\u00e9, aucune victoire ne s\u2019acquiert qui n\u2019ait \u00e9t\u00e9 arrach\u00e9e de haute lutte. Il n\u2019y a de formule magique, pas non plus de baguette du m\u00eame nom,  Il faut d\u00e9poser Macron.  Le Pr\u00e9sident est la cl\u00e9 de vo\u00fbte de la cinqui\u00e8me R\u00e9publique. D\u00e9poser la cl\u00e9 de la voute s\u2019est en pr\u00e9parer l\u2019effondrement \u00e0 coup s\u00fbr.  Certains se demandent : \u00ab mais est-ce bien possible ? Par quel moyen l\u00e9gal ? Certains m\u00eame en appellent aux G\u00e9n\u00e9raux et \u00e0 l\u2019arm\u00e9e.  Une telle chose ne rel\u00e8ve pas de \u00ab la l\u00e9galit\u00e9 \u00bb mais de l\u2019action historique. Chaque R\u00e9publique refonde sa propre l\u00e9galit\u00e9. Notre cinqui\u00e8me R\u00e9publique est la cinqui\u00e8me comme chacun sait. La premi\u00e8re n\u00e9e en 1792 fut enfant\u00e9 par la R\u00e9volution Fran\u00e7aise (1789\/1795) donc par la crise la violence et le sang. La deuxi\u00e8me fut elle aussi enfant\u00e9 par une r\u00e9volution, celle de 1848. Quant \u00e0 la troisi\u00e8me (1870\/1940) elle fut la cons\u00e9quence de la chute du deuxi\u00e8me Empire sous le coup de boutoir de la guerre Prussienne et de \u2018La Commune de Paris \u00bb (la premi\u00e8re vraie r\u00e9volution ouvri\u00e8re de l\u2019Histoire.). C\u2019est l\u2019invasion allemande, l\u00e0 encore violence et action historique, qui mit fin \u00e0 la troisi\u00e8me R\u00e9publique et ouvrit la voie \u00e0 \u00ab l\u2019\u00c9tat Fran\u00e7ais \u00bb du Mar\u00e9chal P\u00e9tain. La Quatri\u00e8me R\u00e9publique naquit elle de la guerre et de la R\u00e9sistance, de l\u2019action Historique encore une fois, et d\u2019un \u00ab compromis entre des forces contradictoires et non pas d\u2019une l\u00e9galit\u00e9 hors du temps, suspendue je ne sais o\u00f9, en haut de la vo\u00fbte des cieux. Quant \u00e0 la Cinqui\u00e8me, toujours en place, elle fut dans le contexte de la crise Alg\u00e9rienne le produit du Putsch d\u2019Alger des G\u00e9n\u00e9raux le 13 mai 1958, concoct\u00e9 pour ramener le G\u00e9n\u00e9ral De Gaulle au pouvoir.  Il n\u2019y a pas de moyens l\u00e9gaux de changer de R\u00e9publique. Une constitution ne pr\u00e9voit jamais d\u2019\u00e9quiper son arsenal juridique de la corde qui devra la pendre. C\u2019est, par la R\u00e9volution, la Guerre, le coup d\u2019\u00c9tat ou une crise sociale majeure que l\u2019on y parvient. L\u2019actuelle crise \u00ab des gilets-jaunes \u00bb est de nature \u00e0 bousculer la cinqui\u00e8me R\u00e9publique et \u00e0 ouvrir la carri\u00e8re d\u2019une nouvelle R\u00e9publique vraiment populaire et d\u00e9mocratique. Il s\u2019agit l\u00e0 d\u2019une vaste, grande et belle t\u00e2che Historique dont \u00ab les gilets-jaunes \u00bb doivent s\u2019emparer sans vaciller.  Les choses sont en v\u00e9rit\u00e9 assez simples. Si la mobilisation de Gilets-jaunes, se poursuit et rebondit m\u00eame, au-del\u00e0 des f\u00eates de fin d\u2019ann\u00e9es, le temps de Macron au pouvoir sera compt\u00e9. C\u2019est le monde politique lui-m\u00eame, se sont ses pairs qui le d\u00e9barqueront qui exigeront son d\u00e9part pr\u00e9cipit\u00e9 sit\u00f4t qu\u2019ils comprendront qu\u2019il n\u2019y a pas de chance de r\u00e9tablir \u00ab l\u2019ordre et la concorde \u00bb avec Macron au pouvoir, que ce dernier est l\u2019obstacle essentiel au retour de la paix civile. Et pour la premi\u00e8re fois de son histoire, le Pr\u00e9sident \u00e9lus au suffrage universel d\u00e9pos\u00e9 par la rue, la cinqui\u00e8me R\u00e9publique s\u2019effondrera ouvrant de nombreux \u00ab possibles \u00bb.  Et ce sera alors \u00e0 vous, port\u00e9s par l\u2019 espoir immense d\u2019un v\u00e9ritable changement de l\u2019ordre des choses, de vous mobiliser pour faire pr\u00e9valoir la solution qui vous agr\u00e9e d\u2019une v\u00e9ritable R\u00e9publique d\u00e9mocratique et populaire, et d\u2019imposer dans le cadre de nouvelles institutions l\u2019adoption du \u00ab RIC \u00bb comme moyen d\u2019exercice de la d\u00e9mocratie directe et de contr\u00f4le des \u00e9lus.   VOUS \u00caTES LES FORGERONS DE VOTRE PROPRE AVENIR.  Voil\u00e0 donc en r\u00e9sum\u00e9 les v\u0153ux que je vous adresse \u00e0 l\u2019or\u00e9e de cette nouvelle ann\u00e9e : 1) la destitution prochaine de Macron. 2) la naissance d\u2019une nouvelle R\u00e9publique d\u00e9mocratique et populaire.  Patrick Seignon. \u00ab lavoiedessansvoix.fr \u00bb. Dimanche 31 d\u00e9cembre 2018.<\/p>\n","protected":false},"excerpt":{"rendered":"<p>LES V\u0152UX 2019 DE \u00ab LA VOIE DES SANS VOIX \u00bb Chaque ann\u00e9e \u00e0 cette \u00e9poque je pr\u00e9sente mes v\u0153ux [&hellip;]<\/p>\n","protected":false},"author":1,"featured_media":4305,"comment_status":"open","ping_status":"open","sticky":false,"template":"","format":"standard","meta":{"sfsi_plus_gutenberg_text_before_share":"","sfsi_plus_gutenberg_show_text_before_share":"","sfsi_plus_gutenberg_icon_type":"","sfsi_plus_gutenberg_icon_alignemt":"","sfsi_plus_gutenburg_max_per_row":"","site-sidebar-layout":"default","site-content-layout":"","ast-site-content-layout":"default","site-content-style":"default","site-sidebar-style":"default","ast-global-header-display":"","ast-banner-title-visibility":"","ast-main-header-display":"","ast-hfb-above-header-display":"","ast-hfb-below-header-display":"","ast-hfb-mobile-header-display":"","site-post-title":"","ast-breadcrumbs-content":"","ast-featured-img":"","footer-sml-layout":"","ast-disable-related-posts":"","theme-transparent-header-meta":"","adv-header-id-meta":"","stick-header-meta":"","header-above-stick-meta":"","header-main-stick-meta":"","header-below-stick-meta":"","astra-migrate-meta-layouts":"default","ast-page-background-enabled":"default","ast-page-background-meta":{"desktop":{"background-color":"var(--ast-global-color-4)","background-image":"","background-repeat":"repeat","background-position":"center center","background-size":"auto","background-attachment":"scroll","background-type":"","background-media":"","overlay-type":"","overlay-color":"","overlay-opacity":"","overlay-gradient":""},"tablet":{"background-color":"","background-image":"","background-repeat":"repeat","background-position":"center center","background-size":"auto","background-attachment":"scroll","background-type":"","background-media":"","overlay-type":"","overlay-color":"","overlay-opacity":"","overlay-gradient":""},"mobile":{"background-color":"","background-image":"","background-repeat":"repeat","background-position":"center center","background-size":"auto","background-attachment":"scroll","background-type":"","background-media":"","overlay-type":"","overlay-color":"","overlay-opacity":"","overlay-gradient":""}},"ast-content-background-meta":{"desktop":{"background-color":"var(--ast-global-color-5)","background-image":"","background-repeat":"repeat","background-position":"center center","background-size":"auto","background-attachment":"scroll","background-type":"","background-media":"","overlay-type":"","overlay-color":"","overlay-opacity":"","overlay-gradient":""},"tablet":{"background-color":"var(--ast-global-color-5)","background-image":"","background-repeat":"repeat","background-position":"center center","background-size":"auto","background-attachment":"scroll","background-type":"","background-media":"","overlay-type":"","overlay-color":"","overlay-opacity":"","overlay-gradient":""},"mobile":{"background-color":"var(--ast-global-color-5)","background-image":"","background-repeat":"repeat","background-position":"center center","background-size":"auto","background-attachment":"scroll","background-type":"","background-media":"","overlay-type":"","overlay-color":"","overlay-opacity":"","overlay-gradient":""}},"footnotes":""},"categories":[16],"tags":[],"class_list":["post-720","post","type-post","status-publish","format-standard","has-post-thumbnail","hentry","category-archives-cms"],"_links":{"self":[{"href":"https:\/\/lavoiedessansvoix.fr\/lavoie\/wp-json\/wp\/v2\/posts\/720","targetHints":{"allow":["GET"]}}],"collection":[{"href":"https:\/\/lavoiedessansvoix.fr\/lavoie\/wp-json\/wp\/v2\/posts"}],"about":[{"href":"https:\/\/lavoiedessansvoix.fr\/lavoie\/wp-json\/wp\/v2\/types\/post"}],"author":[{"embeddable":true,"href":"https:\/\/lavoiedessansvoix.fr\/lavoie\/wp-json\/wp\/v2\/users\/1"}],"replies":[{"embeddable":true,"href":"https:\/\/lavoiedessansvoix.fr\/lavoie\/wp-json\/wp\/v2\/comments?post=720"}],"version-history":[{"count":1,"href":"https:\/\/lavoiedessansvoix.fr\/lavoie\/wp-json\/wp\/v2\/posts\/720\/revisions"}],"predecessor-version":[{"id":3459,"href":"https:\/\/lavoiedessansvoix.fr\/lavoie\/wp-json\/wp\/v2\/posts\/720\/revisions\/3459"}],"wp:featuredmedia":[{"embeddable":true,"href":"https:\/\/lavoiedessansvoix.fr\/lavoie\/wp-json\/wp\/v2\/media\/4305"}],"wp:attachment":[{"href":"https:\/\/lavoiedessansvoix.fr\/lavoie\/wp-json\/wp\/v2\/media?parent=720"}],"wp:term":[{"taxonomy":"category","embeddable":true,"href":"https:\/\/lavoiedessansvoix.fr\/lavoie\/wp-json\/wp\/v2\/categories?post=720"},{"taxonomy":"post_tag","embeddable":true,"href":"https:\/\/lavoiedessansvoix.fr\/lavoie\/wp-json\/wp\/v2\/tags?post=720"}],"curies":[{"name":"wp","href":"https:\/\/api.w.org\/{rel}","templated":true}]}}