{"id":719,"date":"2019-01-03T18:46:00","date_gmt":"2019-01-03T17:46:00","guid":{"rendered":"https:\/\/lavoiedessansvoix.fr\/lavoie\/2019\/01\/03\/archive-le-dictateur-le-danger-de-la-france\/"},"modified":"2026-04-26T21:14:28","modified_gmt":"2026-04-26T19:14:28","slug":"archive-le-dictateur-le-danger-de-la-france","status":"publish","type":"post","link":"https:\/\/lavoiedessansvoix.fr\/lavoie\/2019\/01\/03\/archive-le-dictateur-le-danger-de-la-france\/","title":{"rendered":"LE DICTATEUR  (Le danger de la France)"},"content":{"rendered":"<p>LE DICTATEUR(Le danger de la France) http:\/\/lavoiedessansvoix.com\/blog\/images\/macron3.png  Fran\u00e7ais parmi les fran\u00e7ais, j\u2019ai fait bonne r\u00e9ception le 31 d\u00e9cembre au soir des \u00ab v\u0153ux \u00bb \u00e0 la nation du \u00ab Pr\u00e9sident de la R\u00e9publique \u00bb. .  En disant \u00ab bonne \u00bb r\u00e9ception je n\u2019\u00e9mets aucun jugement de valeur sur sa prestation. D\u2019autres l\u2019ont fait pour moi, qui l\u2019ont dite pitoyable, si l\u2019on en croit les r\u00e9actions quasi imm\u00e9diates et unanimes de la presse de tous le spectre politique autoris\u00e9.   \u00ab Bonne r\u00e9ception \u00bb je veux simplement dire par l\u00e0 que j\u2019ai bien ou\u00efe, et compris le message malgr\u00e9 les turpitudes dont son m\u00e9tier de trompeur l\u2019oblige \u00e0 tourmenter son langage.  Moi qui ne regarde pas mes concitoyens de haut, avec condescendance et m\u00e9pris, je ne doute pas un seul instant que les fran\u00e7ais dans leur ensemble, les \u00ab Gilets-jaunes \u00bb sur le qui-vive, les aient re\u00e7us de m\u00eame et compris tout aussi bien que moi.  Emmanuel Macron a dit en peu de mots : \u00ab qu\u2019il \u00e9tait normal que les fran\u00e7ais soient m\u00e9contents puisque il faisait ce qu\u2019il avait promis et qu\u2019il le ferait jusqu\u2019au bout. Il ne pouvait en effet formuler plus clairement ni avec plus d\u2019arrogance, son m\u00e9pris de l\u2019opinion, et la brutalit\u00e9 de sa conduite.   Je souhaite donc, lui adresser par le pr\u00e9sent, retour \u00e0 l\u2019envoyeur, \u00ab les \u0153ufs pourris qu\u2019il avait-eu l\u2019impudence d\u2019adresser \u00e0 la Nation.  Monsieur Macron c\u2019est fait \u00e9lire \u00e0 la Pr\u00e9sidence de la R\u00e9publique Fran\u00e7aise en 2017par une tromperie et le recours \u00e0 des m\u00e9thodes licencieuses ( ?).Lui, ou son pr\u00e9d\u00e9cesseur, (\u00ab si ce n\u2019est toi c\u2019est donc ton fr\u00e8re \u00bb), ses soutiens, ses sponsors, ses \u00e9quipes, ont travaill\u00e9 de longue main \u00e0 mettre hors-jeu la candidature de Monsieur Fillon. Sortant des tiroirs un vieux dossier qui attendait depuis 12 ans le moment opportun de nuire. Certes nous n\u2019avons jamais eu l\u2019intention de f\u00e9liciter Fran\u00e7ois Fillon pour sa conduite d\u00e9plorable, mais l\u2019usage d\u2019un tel dossier, si bien \u00e0 propos, dans le tempo exact d\u2019une campagne \u00e9lectorale ne souille-t-il pas plus encore ceux qui ont maniganc\u00e9 l\u2019affaire et tir\u00e9 les ficelles. Or, sans cette affaire Emmanuel Macron n\u2019avait aucune chance de figurer m\u00eame parmi les deux finalistes. Puis ayant ainsi \u00ab flingu\u00e9 \u00bb Fillon il s&rsquo;occup\u00e2t, avec des m\u00e9thodes aussi peu glorieuses, de flinguer madame Le Pen. Il S\u2019agissait alors de financement \u00ab suppos\u00e9s \u00bb d\u2019emplois fictifs par le FN, et d\u2019un odieux et insoutenable parall\u00e8le historique entre FN et Nazis.  Instrumentalisation paroxystique de l\u2019Histoire avec le d\u00e9vou\u00e9 concourt de \u00ab toutes les panzers-divisions m\u00e9diatiques propri\u00e9t\u00e9s des Banquiers ses employeurs \u00bb. Lui et ses complices et enfin ses abus\u00e9s appel\u00e8rent \u00e0 voter pour lui au deuxi\u00e8me tour de cette \u00e9lection afin de faire barrage \u00e0 Madame Le Pen. Voil\u00e0 les fondements fangeux sur lesquels Emmanuel Macron a b\u00e2tie sa \u00ab victoire \u00bb \u00e9lectorale de 2017.  A-t-il cru vraiment que cela passerait inaper\u00e7u, que les fran\u00e7ais seraient assez b\u00eates pour \u00eatre dupes jusqu\u2019au bout ? Que nul ne lui demanderai des comptes ? Moi-m\u00eame \u00e9mettait le lundi 19 juin 2017, un an et demi avant que n\u2019\u00e9clate le mouvement des \u00ab Gilets-jaune \u00bb : le pronostic \u00ab proph\u00e9tique \u00bb que voici : \u00ab Le pr\u00e9sident de la R\u00e9publique \u00e9lu le 7 mai et l\u2019assembl\u00e9e nationale \u00e9lue de 18 juin, qui proc\u00e8dent d\u2019ailleurs l\u2019un de l\u2019autre, sont ill\u00e9gitimes. Or, forts de leur majorit\u00e9 en trompe l\u2019\u0153il \u00bb ils vont vouloir frapper fort et vite, contre le monde salarial. La rue sera le th\u00e9\u00e2tre bient\u00f4t de l\u2019affrontement entre la l\u00e9gitimit\u00e9 usurp\u00e9e et la l\u00e9gitimit\u00e9 populaire. \u00bb  Une victoire usurp\u00e9e, un viol de la d\u00e9mocratie, un \u00ab hold-up \u00bb du suffrage des Fran\u00e7ais, une \u00e9lection par \u00ab effraction \u00bb, un coup de force .Voil\u00e0 tout ce qu\u2019\u00e9tait en v\u00e9rit\u00e9 sa pr\u00e9tendue si belle victoire, sauf une victoire d\u00e9mocratique. Plus de 66 % des suffrages ? Mais de combien de votants, et combien avaient vot\u00e9 pour lui en se faisant violence ? Il  pouvait, il en avait envie, se gargariser de ce chiffre, s\u2019illusionner sur les r\u00e9alit\u00e9s, et avec l\u2019aide des m\u00e9dias ses alli\u00e9s, tenter \u00e0 l\u2019adresse de l\u2019opinion profane de changer les vessies en lanternes. Mais ce genre de subterfuges, n\u2019ont en g\u00e9n\u00e9ral qu\u2019un effet bien \u00e9ph\u00e9m\u00e8re. La v\u00e9rit\u00e9 \u00e0 laquelle il a cru pouvoir se soustraire et que l\u2019Histoire lui renvoie-telle un boomerang, est la suivante : Il n\u2019a jamais \u00e9t\u00e9 l\u2019\u00e9lu des Fran\u00e7ais, d\u00e8s l\u2019origine son accession \u00e0 la magistrature supr\u00eame a \u00e9t\u00e9 marqu\u00e9e du sceau de l\u2019ill\u00e9gitimit\u00e9.  Depuis bient\u00f4t deux mois le mouvement des gilets-jaune empli l\u2019actualit\u00e9 nationale. Un peuple d\u2019esclaves qui ne compte pas pour lui, c\u2019est r\u00e9veill\u00e9 et a pris la parole, dit ses souffrances et ses angoisses, mais aussi ces esp\u00e9rances et ces revendications. Or, les v\u0153ux que ce \u00ab Pr\u00e9sident \u00bb adresse \u00e0 \u00ab ce peuple \u00bb sentent comme toujours la poudre et le m\u00e9pris, ils sont une insulte aux d\u00e9munis, ils sont une authentique provocation. Que peut-il ? Que cherche-t-il vraiment Monsieur Macron ? A mettre la France \u00e0 feu et \u00e0 sang ? A attiser les feux d\u2019une guerre civile ? Aurait-il germ\u00e9 dans son esprit inqui\u00e9tant l\u2019id\u00e9e de provoquer \u00ab une saign\u00e9e \u00bb comme l\u2019ont pratiqu\u00e9 maints pouvoirs dans notre 19\u00e8me  si\u00e8cle ?  Brocard\u00e9 par la rue en mai 1968, le G\u00e9n\u00e9ral De Gaulle, qui chaussait plusieurs pointures de plus que lui, il faut bien l\u2019admettre, savait que sa l\u00e9gitimit\u00e9 \u00e9tait \u00e9branl\u00e9e et son autorit\u00e9 ombrag\u00e9e ; Il ne pensa pas alors un seul instant qu\u2019il pourrait poursuivre la mission dont il se pensait investi \u00e0 la t\u00eate de l\u2019\u00c9tat, s\u2019il ne refondait pas et \u00ab sa l\u00e9gitimit\u00e9 et son autorit\u00e9 \u00bb. Il eut recours pour cela \u00e0 la \u00ab recette du r\u00e9f\u00e9rendum pl\u00e9biscite \u00bb en mettant sa d\u00e9mission dans la balance. Il perdit le r\u00e9f\u00e9rendum et d\u00e9missionna, bless\u00e9 certes mais fier. Et la France a continu\u00e9 de vivre et d\u2019assumer son destin sans lui.  Emmanuel Macron se croirait-il plus indispensable \u00e0 la France que le G\u00e9n\u00e9ral De Gaulle ? Son \u00e9go d\u00e9mesur\u00e9 devrait le garder pourtant de revendiquer son appartenance \u00e0 cette engeance* dont Clemenceau disait qu\u2019elle remplit les cimeti\u00e8res ?  Pr\u00e9sident ill\u00e9gitime son Honneur serait dans sa d\u00e9mission. Et si le mot \u00ab d\u2019honneur \u00bb parle \u00e0 sa conscience, ce serait le v\u0153u que je lui adresserai pour cette ann\u00e9e 2019, qu\u2019il d\u00e9missionne au plus vite.  Or, je crains \u00e0 le voir agir et \u00e0 l\u2019entendre parler qu\u2019il s\u2019obstine, qu\u2019il ne tienne gu\u00e8re compte de ce v\u0153u sinc\u00e8re que je forme pour lui. Alors je poursuis  Premi\u00e8re diff\u00e9rence fondamentale avec Charles De Gaulle, il ne peut pr\u00e9tendre renouveler une l\u00e9gitimit\u00e9 qu\u2019il n\u2019a jamais eue.  Mais la deuxi\u00e8me diff\u00e9rence, et \u00e0 coup s\u00fbr la plus importante, r\u00e9side dans la vision de la France et de son peuple. Le G\u00e9n\u00e9ral De Gaulle qui tenait la France Historique en haute estime ne pouvait tout \u00e0 fait m\u00e9priser son peuple. Pour Mr Macron la France n\u2019est qu\u2019un tiroir-caisse et les fran\u00e7ais des serviteurs. C\u2019est pourquoi alors que De Gaulle assurait le 19 mai 1958 \u00ab Pourquoi voulez-vous qu&rsquo;\u00e0 67 ans, je commence une carri\u00e8re de dictateur ? \u00bb Il parait-lui \u00e0 41 ans dispos\u00e9 \u00e0 embrasser une telle carri\u00e8re.  Il est par la vertu de nos institutions, et par l\u2019usurpation de sa charge, le chef d\u2019une R\u00e9publique Pr\u00e9sidentielle, qui s\u2019apparente \u00e0 une R\u00e9publique consulaire plus que d\u00e9mocratique. Et, plut\u00f4t que de faire un usage pond\u00e9r\u00e9 des trop grands pouvoirs que lui donne la situation il a r\u00e9solu de marcher au pas de charge sans la moindre pr\u00e9venance pour ce qui nous reste d\u2019institutions d\u00e9mocratiques et en d\u00e9pit de l\u2019opinion publique et du bon sens. L\u2019usage immod\u00e9r\u00e9 qu\u2019il fait de la charge qui lui a \u00e9chu, d\u00e9montre l\u2019\u00e9troitesse de ses vues et la rigidit\u00e9 de son personnage, le disqualifie d\u00e9finitivement.  Qu\u2019elle que soit son intention r\u00e9elle, il est apparent que cet homme est devenu le danger de la France, dont celle-ci doit se d\u00e9barrasser au plus vite.  Patrick Seignon. \u00ab lavoiedessansvoix.fr \u00bb. Jeudi 4 janvier 2019.* Les imb\u00e9ciles.<\/p>\n","protected":false},"excerpt":{"rendered":"<p>LE DICTATEUR(Le danger de la France) http:\/\/lavoiedessansvoix.com\/blog\/images\/macron3.png Fran\u00e7ais parmi les fran\u00e7ais, j\u2019ai fait bonne r\u00e9ception le 31 d\u00e9cembre au soir [&hellip;]<\/p>\n","protected":false},"author":1,"featured_media":4304,"comment_status":"open","ping_status":"open","sticky":false,"template":"","format":"standard","meta":{"sfsi_plus_gutenberg_text_before_share":"","sfsi_plus_gutenberg_show_text_before_share":"","sfsi_plus_gutenberg_icon_type":"","sfsi_plus_gutenberg_icon_alignemt":"","sfsi_plus_gutenburg_max_per_row":"","site-sidebar-layout":"default","site-content-layout":"","ast-site-content-layout":"default","site-content-style":"default","site-sidebar-style":"default","ast-global-header-display":"","ast-banner-title-visibility":"","ast-main-header-display":"","ast-hfb-above-header-display":"","ast-hfb-below-header-display":"","ast-hfb-mobile-header-display":"","site-post-title":"","ast-breadcrumbs-content":"","ast-featured-img":"","footer-sml-layout":"","ast-disable-related-posts":"","theme-transparent-header-meta":"","adv-header-id-meta":"","stick-header-meta":"","header-above-stick-meta":"","header-main-stick-meta":"","header-below-stick-meta":"","astra-migrate-meta-layouts":"default","ast-page-background-enabled":"default","ast-page-background-meta":{"desktop":{"background-color":"var(--ast-global-color-4)","background-image":"","background-repeat":"repeat","background-position":"center center","background-size":"auto","background-attachment":"scroll","background-type":"","background-media":"","overlay-type":"","overlay-color":"","overlay-opacity":"","overlay-gradient":""},"tablet":{"background-color":"","background-image":"","background-repeat":"repeat","background-position":"center center","background-size":"auto","background-attachment":"scroll","background-type":"","background-media":"","overlay-type":"","overlay-color":"","overlay-opacity":"","overlay-gradient":""},"mobile":{"background-color":"","background-image":"","background-repeat":"repeat","background-position":"center center","background-size":"auto","background-attachment":"scroll","background-type":"","background-media":"","overlay-type":"","overlay-color":"","overlay-opacity":"","overlay-gradient":""}},"ast-content-background-meta":{"desktop":{"background-color":"var(--ast-global-color-5)","background-image":"","background-repeat":"repeat","background-position":"center center","background-size":"auto","background-attachment":"scroll","background-type":"","background-media":"","overlay-type":"","overlay-color":"","overlay-opacity":"","overlay-gradient":""},"tablet":{"background-color":"var(--ast-global-color-5)","background-image":"","background-repeat":"repeat","background-position":"center center","background-size":"auto","background-attachment":"scroll","background-type":"","background-media":"","overlay-type":"","overlay-color":"","overlay-opacity":"","overlay-gradient":""},"mobile":{"background-color":"var(--ast-global-color-5)","background-image":"","background-repeat":"repeat","background-position":"center center","background-size":"auto","background-attachment":"scroll","background-type":"","background-media":"","overlay-type":"","overlay-color":"","overlay-opacity":"","overlay-gradient":""}},"footnotes":""},"categories":[16],"tags":[],"class_list":["post-719","post","type-post","status-publish","format-standard","has-post-thumbnail","hentry","category-archives-cms"],"_links":{"self":[{"href":"https:\/\/lavoiedessansvoix.fr\/lavoie\/wp-json\/wp\/v2\/posts\/719","targetHints":{"allow":["GET"]}}],"collection":[{"href":"https:\/\/lavoiedessansvoix.fr\/lavoie\/wp-json\/wp\/v2\/posts"}],"about":[{"href":"https:\/\/lavoiedessansvoix.fr\/lavoie\/wp-json\/wp\/v2\/types\/post"}],"author":[{"embeddable":true,"href":"https:\/\/lavoiedessansvoix.fr\/lavoie\/wp-json\/wp\/v2\/users\/1"}],"replies":[{"embeddable":true,"href":"https:\/\/lavoiedessansvoix.fr\/lavoie\/wp-json\/wp\/v2\/comments?post=719"}],"version-history":[{"count":1,"href":"https:\/\/lavoiedessansvoix.fr\/lavoie\/wp-json\/wp\/v2\/posts\/719\/revisions"}],"predecessor-version":[{"id":3457,"href":"https:\/\/lavoiedessansvoix.fr\/lavoie\/wp-json\/wp\/v2\/posts\/719\/revisions\/3457"}],"wp:featuredmedia":[{"embeddable":true,"href":"https:\/\/lavoiedessansvoix.fr\/lavoie\/wp-json\/wp\/v2\/media\/4304"}],"wp:attachment":[{"href":"https:\/\/lavoiedessansvoix.fr\/lavoie\/wp-json\/wp\/v2\/media?parent=719"}],"wp:term":[{"taxonomy":"category","embeddable":true,"href":"https:\/\/lavoiedessansvoix.fr\/lavoie\/wp-json\/wp\/v2\/categories?post=719"},{"taxonomy":"post_tag","embeddable":true,"href":"https:\/\/lavoiedessansvoix.fr\/lavoie\/wp-json\/wp\/v2\/tags?post=719"}],"curies":[{"name":"wp","href":"https:\/\/api.w.org\/{rel}","templated":true}]}}