{"id":718,"date":"2019-01-04T06:40:00","date_gmt":"2019-01-04T05:40:00","guid":{"rendered":"https:\/\/lavoiedessansvoix.fr\/lavoie\/2019\/01\/04\/archive-demain-la-revolution-des-jonquilles-la-france-en-jaune\/"},"modified":"2026-04-26T21:14:19","modified_gmt":"2026-04-26T19:14:19","slug":"archive-demain-la-revolution-des-jonquilles-la-france-en-jaune","status":"publish","type":"post","link":"https:\/\/lavoiedessansvoix.fr\/lavoie\/2019\/01\/04\/archive-demain-la-revolution-des-jonquilles-la-france-en-jaune\/","title":{"rendered":"DEMAIN : \u00ab LA R\u00c9VOLUTION DES JONQUILLES \u00bb  (LA FRANCE EN JAUNE)"},"content":{"rendered":"<p>DEMAIN : \u00ab LA R\u00c9VOLUTION DES JONQUILLES \u00bb (LA FRANCE EN JAUNE)  L\u2019ann\u00e9e a pass\u00e9, une nouvelle a commenc\u00e9 sa carri\u00e8re, et \u00ab les Gilets-Jaune \u00bb sont toujours l\u00e0.   Oh, certes, nous ne nous mentirons pas. Au tournant de ces deux ann\u00e9es, le mouvement a paru faiblir quelque peu. Les violences impos\u00e9es par les forces de l\u2019ordre, la dimension du dispositif policier, la France \u00ab en \u00e9tat de si\u00e8ge \u00bb, la quasi impossibilit\u00e9 de manifester librement, le \u00ab nettoyage des ronds-points, la multiplication des gardes-\u00e0-vues et des proc\u00e9dures de comparution imm\u00e9diates, la judiciarisation, tout cela a eu un effet n\u00e9gatif sur la mobilisation. Mais au regard du contexte, ce qui est surprenant, ce n\u2019est pas le repli relatif de la mobilisation, c\u2019est qu\u2019elle ait tenue, qu\u2019elle ait pass\u00e9 avec succ\u00e8s le cap difficile des f\u00eates de fin d\u2019ann\u00e9es.  Les seules r\u00e9ponses qu\u2019ait donn\u00e9es le pouvoir sont, soit d\u00e9su\u00e8tes ou ridicules en ce qu\u2019il s\u2019agit de revendications sociales, soit m\u00e9prisantes et provocatrices, en ce qui concerne \u00ab le retour \u00e0 l\u2019ordre \u00bb. Les v\u0153ux \u00e0 la Nation du Pr\u00e9sident de la R\u00e9publique ont une nouvelle fois fait la preuve du m\u00e9pris dans lequel celui-ci tient le peuple, de son arrogance maintenue et de sa brutalit\u00e9 renouvel\u00e9e. Si l\u2019on y ajoute les nouvelles \u00ab venues du front \u00bb, interpellation d&rsquo;Eric Drouet et nombreux autres, Gilets-jaune et ouverture de plusieurs affaires judiciaires \u00e0 leur encontre, il faut en conclure qu\u2019un vent mauvais souffle sur la France. L\u2019incendie social court toujours et la braise jaune va \u00e0 nouveau se r\u00e9pandre partout.  Macron et ses acolytes ont cru, exploitant la \u00ab tr\u00eave des confiseurs \u00bb qu\u2019ils allaient r\u00e9duire \u00ab les Gilets-Jaune \u00bb. Ils ont voulu escamoter le mouvement, le cacher, lui interdire, plus que le droit de manifester, celui-l\u00e0 m\u00eame d\u2019exister et de s\u2019identifier en jaune.  Eh bien, ce sera rat\u00e9.   Eh bien dans ces circonstances, si v\u00eatir ou arborer le \u00ab Gilet \u00bb, brandir un drapeau ou un \u00e9tendard, parer de jaune sa maison, son chien ou son balcon, tout cela s\u2019apparente \u00e0 des actes de contestation du pouvoir, nous n\u2019allons pas nous en priver. Macron va \u00e0 nouveau bl\u00eamir.  Que chaque Fran\u00e7ais -y apporte sa part. Mettez du jaune partout. Il sera bient\u00f4t l\u00e0 le temps \u00ab du printemps Fran\u00e7ais \u00bb et des jonquilles.  QUE LA FRANCE TOUTE ENTI\u00c8RE SE PARE DE JAUNE   Patrick Seignon. \u00ab lavoiedessansvoix.fr \u00bb. Vendredi 4 Janvier 2019.<\/p>\n","protected":false},"excerpt":{"rendered":"<p>DEMAIN : \u00ab LA R\u00c9VOLUTION DES JONQUILLES \u00bb (LA FRANCE EN JAUNE) L\u2019ann\u00e9e a pass\u00e9, une nouvelle a commenc\u00e9 sa [&hellip;]<\/p>\n","protected":false},"author":1,"featured_media":4303,"comment_status":"open","ping_status":"open","sticky":false,"template":"","format":"standard","meta":{"sfsi_plus_gutenberg_text_before_share":"","sfsi_plus_gutenberg_show_text_before_share":"","sfsi_plus_gutenberg_icon_type":"","sfsi_plus_gutenberg_icon_alignemt":"","sfsi_plus_gutenburg_max_per_row":"","site-sidebar-layout":"default","site-content-layout":"","ast-site-content-layout":"default","site-content-style":"default","site-sidebar-style":"default","ast-global-header-display":"","ast-banner-title-visibility":"","ast-main-header-display":"","ast-hfb-above-header-display":"","ast-hfb-below-header-display":"","ast-hfb-mobile-header-display":"","site-post-title":"","ast-breadcrumbs-content":"","ast-featured-img":"","footer-sml-layout":"","ast-disable-related-posts":"","theme-transparent-header-meta":"","adv-header-id-meta":"","stick-header-meta":"","header-above-stick-meta":"","header-main-stick-meta":"","header-below-stick-meta":"","astra-migrate-meta-layouts":"default","ast-page-background-enabled":"default","ast-page-background-meta":{"desktop":{"background-color":"var(--ast-global-color-4)","background-image":"","background-repeat":"repeat","background-position":"center center","background-size":"auto","background-attachment":"scroll","background-type":"","background-media":"","overlay-type":"","overlay-color":"","overlay-opacity":"","overlay-gradient":""},"tablet":{"background-color":"","background-image":"","background-repeat":"repeat","background-position":"center center","background-size":"auto","background-attachment":"scroll","background-type":"","background-media":"","overlay-type":"","overlay-color":"","overlay-opacity":"","overlay-gradient":""},"mobile":{"background-color":"","background-image":"","background-repeat":"repeat","background-position":"center center","background-size":"auto","background-attachment":"scroll","background-type":"","background-media":"","overlay-type":"","overlay-color":"","overlay-opacity":"","overlay-gradient":""}},"ast-content-background-meta":{"desktop":{"background-color":"var(--ast-global-color-5)","background-image":"","background-repeat":"repeat","background-position":"center center","background-size":"auto","background-attachment":"scroll","background-type":"","background-media":"","overlay-type":"","overlay-color":"","overlay-opacity":"","overlay-gradient":""},"tablet":{"background-color":"var(--ast-global-color-5)","background-image":"","background-repeat":"repeat","background-position":"center center","background-size":"auto","background-attachment":"scroll","background-type":"","background-media":"","overlay-type":"","overlay-color":"","overlay-opacity":"","overlay-gradient":""},"mobile":{"background-color":"var(--ast-global-color-5)","background-image":"","background-repeat":"repeat","background-position":"center center","background-size":"auto","background-attachment":"scroll","background-type":"","background-media":"","overlay-type":"","overlay-color":"","overlay-opacity":"","overlay-gradient":""}},"footnotes":""},"categories":[16],"tags":[],"class_list":["post-718","post","type-post","status-publish","format-standard","has-post-thumbnail","hentry","category-archives-cms"],"_links":{"self":[{"href":"https:\/\/lavoiedessansvoix.fr\/lavoie\/wp-json\/wp\/v2\/posts\/718","targetHints":{"allow":["GET"]}}],"collection":[{"href":"https:\/\/lavoiedessansvoix.fr\/lavoie\/wp-json\/wp\/v2\/posts"}],"about":[{"href":"https:\/\/lavoiedessansvoix.fr\/lavoie\/wp-json\/wp\/v2\/types\/post"}],"author":[{"embeddable":true,"href":"https:\/\/lavoiedessansvoix.fr\/lavoie\/wp-json\/wp\/v2\/users\/1"}],"replies":[{"embeddable":true,"href":"https:\/\/lavoiedessansvoix.fr\/lavoie\/wp-json\/wp\/v2\/comments?post=718"}],"version-history":[{"count":1,"href":"https:\/\/lavoiedessansvoix.fr\/lavoie\/wp-json\/wp\/v2\/posts\/718\/revisions"}],"predecessor-version":[{"id":3455,"href":"https:\/\/lavoiedessansvoix.fr\/lavoie\/wp-json\/wp\/v2\/posts\/718\/revisions\/3455"}],"wp:featuredmedia":[{"embeddable":true,"href":"https:\/\/lavoiedessansvoix.fr\/lavoie\/wp-json\/wp\/v2\/media\/4303"}],"wp:attachment":[{"href":"https:\/\/lavoiedessansvoix.fr\/lavoie\/wp-json\/wp\/v2\/media?parent=718"}],"wp:term":[{"taxonomy":"category","embeddable":true,"href":"https:\/\/lavoiedessansvoix.fr\/lavoie\/wp-json\/wp\/v2\/categories?post=718"},{"taxonomy":"post_tag","embeddable":true,"href":"https:\/\/lavoiedessansvoix.fr\/lavoie\/wp-json\/wp\/v2\/tags?post=718"}],"curies":[{"name":"wp","href":"https:\/\/api.w.org\/{rel}","templated":true}]}}