{"id":717,"date":"2019-01-06T08:44:00","date_gmt":"2019-01-06T07:44:00","guid":{"rendered":"https:\/\/lavoiedessansvoix.fr\/lavoie\/2019\/01\/06\/archive-gloire-soit-rendu-au-chevalier-bayard-acte-8-des-gilets-jaunes\/"},"modified":"2026-04-26T21:14:10","modified_gmt":"2026-04-26T19:14:10","slug":"archive-gloire-soit-rendu-au-chevalier-bayard-acte-8-des-gilets-jaunes","status":"publish","type":"post","link":"https:\/\/lavoiedessansvoix.fr\/lavoie\/2019\/01\/06\/archive-gloire-soit-rendu-au-chevalier-bayard-acte-8-des-gilets-jaunes\/","title":{"rendered":"GLOIRE SOIT RENDU AU CHEVALIER BAYARD  (Acte 8 des \u00ab Gilets-Jaunes \u00bb.)"},"content":{"rendered":"<p>GLOIRE SOIT RENDUE AU CHEVALIER BAYARD   (Acte 8 des \u00ab Gilets-Jaunes \u00bb.)   Je dois dire que dans mon coin de province et \u00e0 mon go\u00fbt, la journ\u00e9e avait plut\u00f4t mal commenc\u00e9. Une sorte de manif de \u00ab d\u00e9j\u00e0 anciens combattants \u00bb, encadr\u00e9es par deux voitures de gendarmerie, tournant autour du c\u0153ur de ville et du march\u00e9 par les rues d\u00e9sertes de la cit\u00e9, faisant une halte au monuments aux morts pour une assimilation bizarre de ceux dont les noms sont grav\u00e9s dans la Pierre, pr\u00e9tendument morts pour la France, et des victimes toutes chaudes encore de ce mouvement qui se fait frapper en refusant encore d\u2019assumer la violence qu\u2019on lui applique. Puis une autre halte devant l\u2019immeuble d\u00e9sert (on \u00e9tait samedi) et le rideau baiss\u00e9 de la sous-pr\u00e9fecture. Enfin une travers\u00e9e furtive du march\u00e9.   Un go\u00fbt d\u2019amertume m\u2019avait envahie. Je me raccrochai \u00e0 l\u2019esp\u00e9rance que des \u00e9v\u00e8nements plus mobilisateurs se produiraient en France.   Mon esp\u00e9rance a \u00e9t\u00e9 combl\u00e9e. Les \u00e9v\u00e8nements qui se sont  produits ce samedi 5 janvier 2018 \u00e0 Paris et dans de nombreuses villes de province, au nombre desquels la prise du minist\u00e8re de Griveaux, est de nature \u00e0 relancer la mobilisation et \u00e0 gonfler d\u2019aise et d\u2019ardeur un mouvement qui h\u00e9sitait au sortir \u00ab de la tr\u00eave des confiseurs \u00bb.  Le Pr\u00e9sident l\u2019insulte, \u00ab foule haineuse \u00bb \u00ab qui n\u2019est pas la France \u00bb, les Minist\u00e8res de l\u2019int\u00e9rieur et de la justice (ind\u00e9pendante comme chacun sait) veulent l\u2019\u00e9touffer \u00e0 coup d\u2019arr\u00eat\u00e9s, d\u2019interdits, de r\u00e9pression, d\u2019amandes de proc\u00e8s et d\u2019incarc\u00e9rations, les policiers le brutalise. Mais le mouvement des gilets jaunes n\u2019a pas baiss\u00e9 la garde, n\u2019a pas courb\u00e9 l\u2019\u00e9chine, ne s\u2019est pas mis \u00e0 genoux ni ne s\u2019est r\u00e9sign\u00e9 \u00e0 se mouvoir par reptation. Apr\u00e8s l\u2019arrestation rocambolesque de notre ami \u00c9ric Drouet, la veille, qui a r\u00e9ussi de la sorte \u00e0 d\u00e9noncer l\u2019arbitraire et les v\u00e9ritables motivations, politiques et non s\u00e9curitaires du pouvoir, hier s\u2019est un boxeur, debout et les yeux dans les yeux qui est devenu une figure embl\u00e9matique de ce mouvement si digne qui a r\u00e9solu de \u00ab relever le gant \u00bb de faire face sereinement \u00e0 la violence de l\u2019\u00c9tat.  Oh je sais, ils vont peut-\u00eatre me tomber dessus \u00e0 bras raccourcis, m\u2019accusant de faire l\u2019apologie de la violence.  Ce n\u2019est pourtant pas ce que je fais ici.   L\u2019apologie de la violence c\u2019est le chef de l\u2019\u00c9tat et le gouvernement qui la font en r\u00e9pondant \u00e0 un mouvement revendicatif pacifique de citoyens, par le d\u00e9dain le m\u00e9pris et l\u2019insulte, en dressant face \u00e0 lui plus de 100 000 policiers, des grenades lacrymog\u00e8nes, des canons \u00e0 eau, des milliers de flash-Ball, des blind\u00e9s, en blessant et mutilant, en d\u00e9ballant pour la honte de \u00ab la France des droits de l\u2019homme \u00bb, un arsenal juridique qui lui donne l\u2019apparence d\u2019une pire dictature du moment.  Ce que je fais ici, ce n\u2019est pas l\u2019apologie de la violence, c\u2019est celle de la r\u00e9sistance.   La r\u00e9sistance, vous savez, ce positionnement si digne et si fier des peuples qui refusent de mettre genoux \u00e0 terre devant les tyrannies qu\u2019elle que soient leurs natures et leurs justifications exactes. La r\u00e9sistance, vous savez, cette attitude crane des hommes debout qui ont \u00e9crites, \u00e9crivent et \u00e9criront, les plus belles pages de notre histoire et de notre peuple, ceux qui ont forg\u00e9 ce c\u0153ur ferme et d\u00e9termin\u00e9 qui honore tant le peuple de France et lui valent l\u2019admiration des autres peuples de la plan\u00e8te.   Un homme a surgit aux avant-postes sur la passerelle L\u00e9opold S\u00e9dar Senghor et avec une audace sans pareille, les yeux dans les yeux et les poings devant, a fait reculer les sbires du pouvoir et ouvert le passage aux manifestants. Cet acte de bravoure sur une passerelle n\u2019est pas sans \u00e9voquer l\u2019exploit l\u00e9gendaire du Chevalier Bayard, fermant seul (Garigliano 1503) un pont \u00e0 300 espagnols. Fait connu de tous les \u00e9coliers de France. Hier, samedi 5 janvier 2019 le mouvement des Gilets-jaunes s\u2019est donc d\u00e9couvert un h\u00e9ros symbole de sa d\u00e9termination et de son courage.   Gloire soit rendu \u00e0 ce Chevalier Bayard des \u00ab Gilets-jaunes. \u00bb  Patrick Seignon. \u00ab lavoiedessansvoix.fr \u00bb. Dimanche 6 janvier 2019<\/p>\n","protected":false},"excerpt":{"rendered":"<p>GLOIRE SOIT RENDUE AU CHEVALIER BAYARD (Acte 8 des \u00ab Gilets-Jaunes \u00bb.) Je dois dire que dans mon coin de [&hellip;]<\/p>\n","protected":false},"author":1,"featured_media":4302,"comment_status":"open","ping_status":"open","sticky":false,"template":"","format":"standard","meta":{"sfsi_plus_gutenberg_text_before_share":"","sfsi_plus_gutenberg_show_text_before_share":"","sfsi_plus_gutenberg_icon_type":"","sfsi_plus_gutenberg_icon_alignemt":"","sfsi_plus_gutenburg_max_per_row":"","site-sidebar-layout":"default","site-content-layout":"","ast-site-content-layout":"default","site-content-style":"default","site-sidebar-style":"default","ast-global-header-display":"","ast-banner-title-visibility":"","ast-main-header-display":"","ast-hfb-above-header-display":"","ast-hfb-below-header-display":"","ast-hfb-mobile-header-display":"","site-post-title":"","ast-breadcrumbs-content":"","ast-featured-img":"","footer-sml-layout":"","ast-disable-related-posts":"","theme-transparent-header-meta":"","adv-header-id-meta":"","stick-header-meta":"","header-above-stick-meta":"","header-main-stick-meta":"","header-below-stick-meta":"","astra-migrate-meta-layouts":"default","ast-page-background-enabled":"default","ast-page-background-meta":{"desktop":{"background-color":"var(--ast-global-color-4)","background-image":"","background-repeat":"repeat","background-position":"center center","background-size":"auto","background-attachment":"scroll","background-type":"","background-media":"","overlay-type":"","overlay-color":"","overlay-opacity":"","overlay-gradient":""},"tablet":{"background-color":"","background-image":"","background-repeat":"repeat","background-position":"center center","background-size":"auto","background-attachment":"scroll","background-type":"","background-media":"","overlay-type":"","overlay-color":"","overlay-opacity":"","overlay-gradient":""},"mobile":{"background-color":"","background-image":"","background-repeat":"repeat","background-position":"center center","background-size":"auto","background-attachment":"scroll","background-type":"","background-media":"","overlay-type":"","overlay-color":"","overlay-opacity":"","overlay-gradient":""}},"ast-content-background-meta":{"desktop":{"background-color":"var(--ast-global-color-5)","background-image":"","background-repeat":"repeat","background-position":"center center","background-size":"auto","background-attachment":"scroll","background-type":"","background-media":"","overlay-type":"","overlay-color":"","overlay-opacity":"","overlay-gradient":""},"tablet":{"background-color":"var(--ast-global-color-5)","background-image":"","background-repeat":"repeat","background-position":"center center","background-size":"auto","background-attachment":"scroll","background-type":"","background-media":"","overlay-type":"","overlay-color":"","overlay-opacity":"","overlay-gradient":""},"mobile":{"background-color":"var(--ast-global-color-5)","background-image":"","background-repeat":"repeat","background-position":"center center","background-size":"auto","background-attachment":"scroll","background-type":"","background-media":"","overlay-type":"","overlay-color":"","overlay-opacity":"","overlay-gradient":""}},"footnotes":""},"categories":[16],"tags":[],"class_list":["post-717","post","type-post","status-publish","format-standard","has-post-thumbnail","hentry","category-archives-cms"],"_links":{"self":[{"href":"https:\/\/lavoiedessansvoix.fr\/lavoie\/wp-json\/wp\/v2\/posts\/717","targetHints":{"allow":["GET"]}}],"collection":[{"href":"https:\/\/lavoiedessansvoix.fr\/lavoie\/wp-json\/wp\/v2\/posts"}],"about":[{"href":"https:\/\/lavoiedessansvoix.fr\/lavoie\/wp-json\/wp\/v2\/types\/post"}],"author":[{"embeddable":true,"href":"https:\/\/lavoiedessansvoix.fr\/lavoie\/wp-json\/wp\/v2\/users\/1"}],"replies":[{"embeddable":true,"href":"https:\/\/lavoiedessansvoix.fr\/lavoie\/wp-json\/wp\/v2\/comments?post=717"}],"version-history":[{"count":1,"href":"https:\/\/lavoiedessansvoix.fr\/lavoie\/wp-json\/wp\/v2\/posts\/717\/revisions"}],"predecessor-version":[{"id":3453,"href":"https:\/\/lavoiedessansvoix.fr\/lavoie\/wp-json\/wp\/v2\/posts\/717\/revisions\/3453"}],"wp:featuredmedia":[{"embeddable":true,"href":"https:\/\/lavoiedessansvoix.fr\/lavoie\/wp-json\/wp\/v2\/media\/4302"}],"wp:attachment":[{"href":"https:\/\/lavoiedessansvoix.fr\/lavoie\/wp-json\/wp\/v2\/media?parent=717"}],"wp:term":[{"taxonomy":"category","embeddable":true,"href":"https:\/\/lavoiedessansvoix.fr\/lavoie\/wp-json\/wp\/v2\/categories?post=717"},{"taxonomy":"post_tag","embeddable":true,"href":"https:\/\/lavoiedessansvoix.fr\/lavoie\/wp-json\/wp\/v2\/tags?post=717"}],"curies":[{"name":"wp","href":"https:\/\/api.w.org\/{rel}","templated":true}]}}