{"id":716,"date":"2019-01-08T03:17:00","date_gmt":"2019-01-08T02:17:00","guid":{"rendered":"https:\/\/lavoiedessansvoix.fr\/lavoie\/2019\/01\/08\/archive-mise-en-garde-a-l-adresse-des-deputes-lrem\/"},"modified":"2026-04-26T21:13:58","modified_gmt":"2026-04-26T19:13:58","slug":"archive-mise-en-garde-a-l-adresse-des-deputes-lrem","status":"publish","type":"post","link":"https:\/\/lavoiedessansvoix.fr\/lavoie\/2019\/01\/08\/archive-mise-en-garde-a-l-adresse-des-deputes-lrem\/","title":{"rendered":"MISE EN GARDE A L\u2019ADRESSE DES D\u00c9PUT\u00c9S \u00ab LREM \u00bb."},"content":{"rendered":"<p>MISE EN GARDE A L\u2019ADRESSE DES D\u00c9PUT\u00c9S \u00ab LREM \u00bb. Mesdames et Messieurs, Vous avez \u00e9t\u00e9 \u00e9lus en Juin 2017, dans des circonstances troublantes et au terme d\u2019une campagne \u00e9lectorale biais\u00e9e qui entache la validit\u00e9 de votre \u00e9lection. Alors soit, dites-vous, vous n\u2019en \u00eates pas moins des \u00e9lus de la Nation, selon la formule consacr\u00e9e. Cette r\u00e9alit\u00e9 ne doit pas vous emp\u00eacher de garder toute votre clairvoyance et le minimum d\u2019humilit\u00e9 qu\u2019imposent les r\u00e9alit\u00e9s. Des \u00ab \u00e9lus de la Nation \u00bb si mal \u00e9lus sont fond\u00e9s \u00e0 ne pas trop abuser de leur situation et \u00e0 faire un usage mod\u00e9r\u00e9 de \u00ab la parcelle de pouvoir qui leur \u00e9choie momentan\u00e9ment \u00bb.La plupart d\u2019entre vous sont tr\u00e8s jeunes et se sont laiss\u00e9 embarquer dans l\u2019aventure de \u00ab LREM \u00bb par des discours trompeurs et flatteurs (tout flatteur vit au d\u00e9pens de celui qui l\u2019\u00e9coute \u00bb) de \u00ab jeunisme \u00bb et de \u00ab modernit\u00e9 \u00bb. Vous avez pu croire un moment que vous \u00e9tiez n\u00e9s avant vos parents. Mais les dures r\u00e9alit\u00e9s vous rappellent \u00e0 la v\u00e9rit\u00e9. Il y a des lois qui r\u00e9gissent les rapports humains et l\u2019architecture sociale dont on ne peut s\u2019abstraire, aussi brillant et \u00ab intelligent \u00bb soit-on. Vos \u00ab lumi\u00e8res \u00bb et vos connaissances abstraites ne vous autorisent nullement \u00e0 nier les r\u00e9alit\u00e9s concr\u00e8tes et sous pr\u00e9texte de sant\u00e9 financi\u00e8re de l\u2019\u00e9conomie, de rentabilit\u00e9 des entreprises et de respect des \u00ab grands \u00e9quilibres \u00bb \u00e0 pr\u00e9cipiter dans la mis\u00e8re et le d\u00e9nuement une large fraction de vos concitoyens.Vos \u00ab Patrons \u00bb, le Pr\u00e9sident de la r\u00e9publique et le Premier-ministre, (D\u00e9clarations d\u2019\u00c9douard Philippe, au journal de 20 heures de TF1 le lundi 7 janvier 2019)  entendent vous soumettre tr\u00e8s prochainement une nouvelle proposition de loi dont la finalit\u00e9 est d\u2019enfreindre encore d\u2019avantage le droit sacr\u00e9 de manifestation et donc de libre expression des citoyens et de cr\u00e9er un \u00ab fichage politique \u00bb des Fran\u00e7ais. Cette loi sc\u00e9l\u00e9rate, antir\u00e9publicaine, contraire \u00e0 la constitution et \u00e0 la Charte des droits de l\u2019homme, si elle voyait le jour, constituerait une nouvelle attaque intol\u00e9rable contre les libert\u00e9s individuelles et politiques dans notre pays et couvrirait de d\u00e9shonneur ceux qui sous une forme ou sous une autre lui apporterait leur soutien ou leur caution.De par sa nature et son mode de d\u00e9signation, la majorit\u00e9 pr\u00e9sidentielle sous la 5\u00e8me R\u00e9publique est vou\u00e9e au r\u00f4le de \u00ab  majorit\u00e9 godillot \u00bb. Vous avez fait corps jusque-l\u00e0, au d\u00e9triment des Fran\u00e7ais modestes qui sont la majorit\u00e9 sociale, avec le Pr\u00e9sident de la R\u00e9publique au service duquel vous avez \u00e9t\u00e9 \u00e9lu. Vous n\u2019\u00eates pas tenus d\u2019aller plus avant. Vous n\u2019\u00eates pas tenus de vous couvrir d\u2019opprobre et de d\u00e9shonneur. Vous n\u2019\u00eates pas tenus de cautionner par votre engagement et vos votes l\u2019attentat que le Pr\u00e9sident et son Premier ministre entendent perp\u00e9trer contre la R\u00e9publique. Je ne saurai trop vous inviter \u00e0 ce sursaut d\u2019honneur et de conscience qui consisterait \u00e0 refuser de voter cette proposition de loi.A d\u00e9faut, bien s\u00fbr d\u2019un tel ressaisissement de votre part, si vous vous laissiez entrainer dans une aventure Historique d\u00e9shonorante comme d\u2019autres le firent avant-vous dans les pas de \u00ab l\u2019\u00c9tat Fran\u00e7ais \u00bb, vous ne devrez ni vous \u00e9tonner ni vous plaindre des rigueurs que vous r\u00e9serveront en ce cas l\u2019Histoire et le peuple fran\u00e7ais.Patrick Seignon. \u00ab lavoiedessansvoix.fr \u00bb. Mardi 8 janvier 2018.<\/p>\n","protected":false},"excerpt":{"rendered":"<p>MISE EN GARDE A L\u2019ADRESSE DES D\u00c9PUT\u00c9S \u00ab LREM \u00bb. Mesdames et Messieurs, Vous avez \u00e9t\u00e9 \u00e9lus en Juin 2017, [&hellip;]<\/p>\n","protected":false},"author":1,"featured_media":4301,"comment_status":"open","ping_status":"open","sticky":false,"template":"","format":"standard","meta":{"sfsi_plus_gutenberg_text_before_share":"","sfsi_plus_gutenberg_show_text_before_share":"","sfsi_plus_gutenberg_icon_type":"","sfsi_plus_gutenberg_icon_alignemt":"","sfsi_plus_gutenburg_max_per_row":"","site-sidebar-layout":"default","site-content-layout":"","ast-site-content-layout":"default","site-content-style":"default","site-sidebar-style":"default","ast-global-header-display":"","ast-banner-title-visibility":"","ast-main-header-display":"","ast-hfb-above-header-display":"","ast-hfb-below-header-display":"","ast-hfb-mobile-header-display":"","site-post-title":"","ast-breadcrumbs-content":"","ast-featured-img":"","footer-sml-layout":"","ast-disable-related-posts":"","theme-transparent-header-meta":"","adv-header-id-meta":"","stick-header-meta":"","header-above-stick-meta":"","header-main-stick-meta":"","header-below-stick-meta":"","astra-migrate-meta-layouts":"default","ast-page-background-enabled":"default","ast-page-background-meta":{"desktop":{"background-color":"var(--ast-global-color-4)","background-image":"","background-repeat":"repeat","background-position":"center center","background-size":"auto","background-attachment":"scroll","background-type":"","background-media":"","overlay-type":"","overlay-color":"","overlay-opacity":"","overlay-gradient":""},"tablet":{"background-color":"","background-image":"","background-repeat":"repeat","background-position":"center center","background-size":"auto","background-attachment":"scroll","background-type":"","background-media":"","overlay-type":"","overlay-color":"","overlay-opacity":"","overlay-gradient":""},"mobile":{"background-color":"","background-image":"","background-repeat":"repeat","background-position":"center center","background-size":"auto","background-attachment":"scroll","background-type":"","background-media":"","overlay-type":"","overlay-color":"","overlay-opacity":"","overlay-gradient":""}},"ast-content-background-meta":{"desktop":{"background-color":"var(--ast-global-color-5)","background-image":"","background-repeat":"repeat","background-position":"center center","background-size":"auto","background-attachment":"scroll","background-type":"","background-media":"","overlay-type":"","overlay-color":"","overlay-opacity":"","overlay-gradient":""},"tablet":{"background-color":"var(--ast-global-color-5)","background-image":"","background-repeat":"repeat","background-position":"center center","background-size":"auto","background-attachment":"scroll","background-type":"","background-media":"","overlay-type":"","overlay-color":"","overlay-opacity":"","overlay-gradient":""},"mobile":{"background-color":"var(--ast-global-color-5)","background-image":"","background-repeat":"repeat","background-position":"center center","background-size":"auto","background-attachment":"scroll","background-type":"","background-media":"","overlay-type":"","overlay-color":"","overlay-opacity":"","overlay-gradient":""}},"footnotes":""},"categories":[16],"tags":[],"class_list":["post-716","post","type-post","status-publish","format-standard","has-post-thumbnail","hentry","category-archives-cms"],"_links":{"self":[{"href":"https:\/\/lavoiedessansvoix.fr\/lavoie\/wp-json\/wp\/v2\/posts\/716","targetHints":{"allow":["GET"]}}],"collection":[{"href":"https:\/\/lavoiedessansvoix.fr\/lavoie\/wp-json\/wp\/v2\/posts"}],"about":[{"href":"https:\/\/lavoiedessansvoix.fr\/lavoie\/wp-json\/wp\/v2\/types\/post"}],"author":[{"embeddable":true,"href":"https:\/\/lavoiedessansvoix.fr\/lavoie\/wp-json\/wp\/v2\/users\/1"}],"replies":[{"embeddable":true,"href":"https:\/\/lavoiedessansvoix.fr\/lavoie\/wp-json\/wp\/v2\/comments?post=716"}],"version-history":[{"count":1,"href":"https:\/\/lavoiedessansvoix.fr\/lavoie\/wp-json\/wp\/v2\/posts\/716\/revisions"}],"predecessor-version":[{"id":3451,"href":"https:\/\/lavoiedessansvoix.fr\/lavoie\/wp-json\/wp\/v2\/posts\/716\/revisions\/3451"}],"wp:featuredmedia":[{"embeddable":true,"href":"https:\/\/lavoiedessansvoix.fr\/lavoie\/wp-json\/wp\/v2\/media\/4301"}],"wp:attachment":[{"href":"https:\/\/lavoiedessansvoix.fr\/lavoie\/wp-json\/wp\/v2\/media?parent=716"}],"wp:term":[{"taxonomy":"category","embeddable":true,"href":"https:\/\/lavoiedessansvoix.fr\/lavoie\/wp-json\/wp\/v2\/categories?post=716"},{"taxonomy":"post_tag","embeddable":true,"href":"https:\/\/lavoiedessansvoix.fr\/lavoie\/wp-json\/wp\/v2\/tags?post=716"}],"curies":[{"name":"wp","href":"https:\/\/api.w.org\/{rel}","templated":true}]}}