{"id":715,"date":"2019-01-10T03:49:00","date_gmt":"2019-01-10T02:49:00","guid":{"rendered":"https:\/\/lavoiedessansvoix.fr\/lavoie\/2019\/01\/10\/archive-un-grand-debat-ha-ha-quel-debat\/"},"modified":"2026-04-26T21:13:49","modified_gmt":"2026-04-26T19:13:49","slug":"archive-un-grand-debat-ha-ha-quel-debat","status":"publish","type":"post","link":"https:\/\/lavoiedessansvoix.fr\/lavoie\/2019\/01\/10\/archive-un-grand-debat-ha-ha-quel-debat\/","title":{"rendered":"UN \u00ab GRAND D\u00c9BAT \u00bb ?  HA ! HA ! QUEL D\u00c9BAT ?"},"content":{"rendered":"<p>UN \u00ab GRAND D\u00c9BAT \u00bb ? HA ! HA ! QUEL D\u00c9BAT ?   C\u2019est le 15 janvier, ai-je bien entendu, que doit s\u2019ouvrir \u00ab le grand d\u00e9bat \u00bb voulu ( ?) par le Pr\u00e9sident de la R\u00e9publique ?  Le grand d\u00e9bat ?  Quel grand d\u00e9bat ?  Il n\u2019y a pas de d\u00e9bat.   C\u2019est en \u00ab r\u00e9ponse \u00e0 la crise des Gilets Jaunes \u00bb que le Pr\u00e9sident de la R\u00e9publique avait initi\u00e9 l\u2019id\u00e9e d\u2019un pareil d\u00e9bat, avec tous les acteurs de la vie publique fran\u00e7aise, et dans les circonstances pr\u00e9sentes, cela semblait aller de soi, avec les \u00ab incontournables Gilets Jaunes \u00bb.  PRIMO : Mais depuis, Pr\u00e9sident, Premier ministre, minist\u00e8re de l\u2019int\u00e9rieur et de la justice, tout le gouvernement et tous les pouvoirs publics se sont mis en devoir, de faire taire, effacer, disparaitre, \u00ab tuer\u2019 le mouvement des gilets jaunes avant m\u00eame l\u2019ouverture de ce d\u00e9bat. Soit, c\u2019est une politique, toute bas\u00e9e sur la r\u00e9pression et le d\u00e9ni. Mais dans ces conditions, alors m\u00eame que l\u2019objectif premier de cette politique, \u00e9vident \u00e0 tous, est de faire taire l\u2019interlocuteur principal dont l\u2019immixtion sur la sc\u00e8ne publique a motiv\u00e9 le \u00ab d\u00e9bat \u00bb, comment peut-on pr\u00e9tendre encore \u00eatre dispos\u00e9 \u00e0 celui-ci ?   Comme toujours, avec Macron et ses acolytes on est dans le pur \u00ab foutage de gueule \u00bb.   Macron n\u2019a jamais eu l\u2019intention d\u2019organiser un quelconque d\u00e9bat avec les \u00ab Gilets-Jaunes \u00bb. Son intention ne f\u00fbt jamais que de donner \u00ab du grain \u00e0 moudre \u00bb \u00e0 ce qu\u2019il appelle \u00ab les acteurs de la vie publique \u00bb, \u00ab les gentils \u00bb et de marginaliser de la sorte et finir d\u2019\u00e9mietter le mouvement des \u00ab m\u00e9chants Gilets-Jaunes \u00bb insurg\u00e9s.  DEUZIO : Au demeurant, Emmanuel Macron, dans ses v\u0153ux haineux et injurieux \u00e0 la Nation, a r\u00e9it\u00e9r\u00e9e et sign\u00e9 l\u2019assurance qu\u2019il ne changerait rien \u00e0 sa politique, qu\u2019il mettrait en \u0153uvre quoiqu\u2019il en soit, les terribles r\u00e9formes de \u00ab l\u2019assurance ch\u00f4mage \u00bb, des retraites etc.. Le mouvement des \u00ab Gilets jaunes s\u2019est pourtant dress\u00e9 vent debout contre les r\u00e9formes antisociales pr\u00e9c\u00e9dentes et les cons\u00e9quences d\u00e9sastreuses qu\u2019elles ont d\u00e9j\u00e0 eu pour les Fran\u00e7ais modestes. Or, le pr\u00e9sident dit qu\u2019il va poursuivre sur sa lanc\u00e9e et en rajouter m\u00eame une \u00ab couche bien \u00e9paisse \u00bb. Que peut-il bien y avoir \u00e0 discuter dans ces conditions ?Ils veulent tuer avant l\u2019ouverture \u00ab du d\u00e9bat \u00bb l\u2019interlocuteur essentiel, ils verrouillent toute id\u00e9e de concession, ou d\u2019\u00e9volution des r\u00e9formes pass\u00e9es, en cours ou avenir. Il n\u2019y a pas de d\u00e9bat. Seule reste une place pour une grande mascarade.   La question de son salaire faramineux n\u2019est malgr\u00e9 tout qu\u2019anecdotique. Ce constat amer sur le caract\u00e8re biais\u00e9 de ce soi-disant d\u00e9bat ne serait-il pas plut\u00f4t la v\u00e9ritable raison du retrait de Chantal Jouanno ?   Les m\u00e9dias pourris tentent de concentrer l\u2019attention du public sur \u00ab la remont\u00e9e \u00bb. La r\u00e9ussite de ce d\u00e9bat selon eux tiendrait surtout \u00e0 ceci : \u00ab qu\u2019en fera le chef de l\u2019\u00c9tat et quelles mesures en d\u00e9duira-t-il pour le bien-\u00eatre des Fran\u00e7ais \u00bb ? Mais quelle importance cela peut-il bien avoir de savoir ce que ferait \u00ab le dictateur \u00bb des conclusions d\u2019un faux d\u00e9bat enti\u00e8rement tronqu\u00e9 et biais\u00e9, dont l\u2019interlocuteur principal, \u00ab le mouvement Gilets-Jaunes \u00bb aura en v\u00e9rit\u00e9 \u00e9t\u00e9 exclu.   \u00c9touff\u00e9, marginalis\u00e9, quasiment priv\u00e9 par la force et la r\u00e9pression d\u2019expression nationale le \u00ab mouvement Gilets-Jaunes \u00bb, sera de fait exclu \u00ab du grand d\u00e9bat \u00bb. Mais ce mouvement est vaste et tr\u00e8s divers. Dans certains endroits les pouvoirs publics trouveront (on a d\u00e9j\u00e0 vu \u00e7\u00e0), des individus qui accepteront de jouer \u00e0 cette mascarade. Certains m\u00eame rev\u00eatiront, pour la premi\u00e8re fois et pour la circonstance un \u00ab Gilet-Jaune \u00bb comme on se pare d\u2019un costume de sc\u00e8ne. Cela pour donner le change, faire croire tout de m\u00eame que les pouvoirs publics ont discut\u00e9 avec \u00ab les Gilets-Jaunes \u00bb,  qu\u2019ils ont pris en compte \u00ab leurs dol\u00e9ances \u00bb.   Pour la survie du mouvement, pour le succ\u00e8s des revendications des gilets-Jaunes, il convient d\u2019administrer un cinglant camouflet \u00e0 Emmanuel Macron et \u00e0 ses sbires du gouvernement et de la repr\u00e9sentation nationale. Il faut mettre leur \u00ab causerie idiote \u00bb et inutile en \u00e9chec total. Il faut boycotter le \u00ab Grand d\u00e9bat \u00bb.   D\u2019ailleurs, de quoi pourrions-nous bien d\u00e9battre avec la brute dont nous ne reconnaissons plus la l\u00e9gitimit\u00e9 \u00e0 la t\u00eate de l\u2019\u00c9tat et dont nous exigeons la destitution imm\u00e9diate ?  Patrick Seignon. \u00ab lavoiedessansvoix.fr \u00bb. Mercredi 9 janvier 2019.<\/p>\n","protected":false},"excerpt":{"rendered":"<p>UN \u00ab GRAND D\u00c9BAT \u00bb ? HA ! HA ! QUEL D\u00c9BAT ? C\u2019est le 15 janvier, ai-je bien entendu, [&hellip;]<\/p>\n","protected":false},"author":1,"featured_media":4300,"comment_status":"open","ping_status":"open","sticky":false,"template":"","format":"standard","meta":{"sfsi_plus_gutenberg_text_before_share":"","sfsi_plus_gutenberg_show_text_before_share":"","sfsi_plus_gutenberg_icon_type":"","sfsi_plus_gutenberg_icon_alignemt":"","sfsi_plus_gutenburg_max_per_row":"","site-sidebar-layout":"default","site-content-layout":"","ast-site-content-layout":"default","site-content-style":"default","site-sidebar-style":"default","ast-global-header-display":"","ast-banner-title-visibility":"","ast-main-header-display":"","ast-hfb-above-header-display":"","ast-hfb-below-header-display":"","ast-hfb-mobile-header-display":"","site-post-title":"","ast-breadcrumbs-content":"","ast-featured-img":"","footer-sml-layout":"","ast-disable-related-posts":"","theme-transparent-header-meta":"","adv-header-id-meta":"","stick-header-meta":"","header-above-stick-meta":"","header-main-stick-meta":"","header-below-stick-meta":"","astra-migrate-meta-layouts":"default","ast-page-background-enabled":"default","ast-page-background-meta":{"desktop":{"background-color":"var(--ast-global-color-4)","background-image":"","background-repeat":"repeat","background-position":"center center","background-size":"auto","background-attachment":"scroll","background-type":"","background-media":"","overlay-type":"","overlay-color":"","overlay-opacity":"","overlay-gradient":""},"tablet":{"background-color":"","background-image":"","background-repeat":"repeat","background-position":"center center","background-size":"auto","background-attachment":"scroll","background-type":"","background-media":"","overlay-type":"","overlay-color":"","overlay-opacity":"","overlay-gradient":""},"mobile":{"background-color":"","background-image":"","background-repeat":"repeat","background-position":"center center","background-size":"auto","background-attachment":"scroll","background-type":"","background-media":"","overlay-type":"","overlay-color":"","overlay-opacity":"","overlay-gradient":""}},"ast-content-background-meta":{"desktop":{"background-color":"var(--ast-global-color-5)","background-image":"","background-repeat":"repeat","background-position":"center center","background-size":"auto","background-attachment":"scroll","background-type":"","background-media":"","overlay-type":"","overlay-color":"","overlay-opacity":"","overlay-gradient":""},"tablet":{"background-color":"var(--ast-global-color-5)","background-image":"","background-repeat":"repeat","background-position":"center center","background-size":"auto","background-attachment":"scroll","background-type":"","background-media":"","overlay-type":"","overlay-color":"","overlay-opacity":"","overlay-gradient":""},"mobile":{"background-color":"var(--ast-global-color-5)","background-image":"","background-repeat":"repeat","background-position":"center center","background-size":"auto","background-attachment":"scroll","background-type":"","background-media":"","overlay-type":"","overlay-color":"","overlay-opacity":"","overlay-gradient":""}},"footnotes":""},"categories":[16],"tags":[],"class_list":["post-715","post","type-post","status-publish","format-standard","has-post-thumbnail","hentry","category-archives-cms"],"_links":{"self":[{"href":"https:\/\/lavoiedessansvoix.fr\/lavoie\/wp-json\/wp\/v2\/posts\/715","targetHints":{"allow":["GET"]}}],"collection":[{"href":"https:\/\/lavoiedessansvoix.fr\/lavoie\/wp-json\/wp\/v2\/posts"}],"about":[{"href":"https:\/\/lavoiedessansvoix.fr\/lavoie\/wp-json\/wp\/v2\/types\/post"}],"author":[{"embeddable":true,"href":"https:\/\/lavoiedessansvoix.fr\/lavoie\/wp-json\/wp\/v2\/users\/1"}],"replies":[{"embeddable":true,"href":"https:\/\/lavoiedessansvoix.fr\/lavoie\/wp-json\/wp\/v2\/comments?post=715"}],"version-history":[{"count":1,"href":"https:\/\/lavoiedessansvoix.fr\/lavoie\/wp-json\/wp\/v2\/posts\/715\/revisions"}],"predecessor-version":[{"id":3449,"href":"https:\/\/lavoiedessansvoix.fr\/lavoie\/wp-json\/wp\/v2\/posts\/715\/revisions\/3449"}],"wp:featuredmedia":[{"embeddable":true,"href":"https:\/\/lavoiedessansvoix.fr\/lavoie\/wp-json\/wp\/v2\/media\/4300"}],"wp:attachment":[{"href":"https:\/\/lavoiedessansvoix.fr\/lavoie\/wp-json\/wp\/v2\/media?parent=715"}],"wp:term":[{"taxonomy":"category","embeddable":true,"href":"https:\/\/lavoiedessansvoix.fr\/lavoie\/wp-json\/wp\/v2\/categories?post=715"},{"taxonomy":"post_tag","embeddable":true,"href":"https:\/\/lavoiedessansvoix.fr\/lavoie\/wp-json\/wp\/v2\/tags?post=715"}],"curies":[{"name":"wp","href":"https:\/\/api.w.org\/{rel}","templated":true}]}}