{"id":713,"date":"2019-01-13T17:15:00","date_gmt":"2019-01-13T16:15:00","guid":{"rendered":"https:\/\/lavoiedessansvoix.fr\/lavoie\/2019\/01\/13\/archive-fichez-le-dehors-ou-le-peuple-s-en-chargera-appel-au-bon-sens-s-il-en-reste-de-l\/"},"modified":"2026-04-26T21:13:29","modified_gmt":"2026-04-26T19:13:29","slug":"archive-fichez-le-dehors-ou-le-peuple-s-en-chargera-appel-au-bon-sens-s-il-en-reste-de-l","status":"publish","type":"post","link":"https:\/\/lavoiedessansvoix.fr\/lavoie\/2019\/01\/13\/archive-fichez-le-dehors-ou-le-peuple-s-en-chargera-appel-au-bon-sens-s-il-en-reste-de-l\/","title":{"rendered":"FICHEZ LE DEHORS  OU LE PEUPLE S\u2019EN CHARGERA (Appel au bon sens, s\u2019il en reste, de la classe politique.)"},"content":{"rendered":"<p>FICHEZ LE DEHORS OU LE PEUPLE S\u2019EN CHARGERA(Appel au bon sens, s\u2019il en reste, de la classe politique.)  Avant-hier encore, \u00e0 la veille du 9\u00e8me acte des \u00ab Gilets-jaunes \u00bb, le grand provocateur national, s\u2019est pay\u00e9 d\u2019une de ces sorties indignes t\u00e9moignage de sa morgue de classe et de son m\u00e9pris du peuple qui le nourrit. \u00ab  Les Fran\u00e7ais ne feraient pas assez d\u2019efforts et auraient oubli\u00e9 le sens du devoir \u00bb \u00bb a-t-il os\u00e9. Comment cet homme \u00ab en costar cravate \u00bb qui n\u2019a jamais travaill\u00e9 et ne travaillera jamais, peut-il se permettre de telles insanit\u00e9s \u00e0 l\u2019endroit du peuple laborieux, astreint \u00e0 des travaux p\u00e9nibles ou ennuyeux, salissants ou mutilants, au travail de nuit, aux trois 8, aux horaires d\u00e9cal\u00e9es, au travail post\u00e9, \u00e0 la chaine, aux intemp\u00e9ries, au temps perdu en fatigue suppl\u00e9mentaire dans les transports, aux cadences infernales, aux surcharges de travail cons\u00e9quence des sous-effectifs, \u00e0 la pression d\u2019un \u00ab management \u00bb inhumain ?  Ce petit \u00ab trouduc\u2026. \u00bb m\u00e9rite d\u2019\u00eatre corrig\u00e9.  \u00ab Trouduc\u2026. \u00bb Le Pr\u00e9sident ? Qu\u2019elle audace, comment peut-on parler ainsi du \u00ab Pr\u00e9sident de la R\u00e9publique \u00bb ? Vous passez les limites ! \u00bb  Voyez-les qui s\u2019indignent ceux qui ne se sont pas offusqu\u00e9s pourtant des offenses faites au peuple. Dire qu\u2019il y a encore de ces gens assez cyniques ou indignes pour nous rappeler au \u00ab respect de la fonction \u00bb. Le respect n\u2019est pas automatique ni intrins\u00e8que \u00e0 celle-ci. La fonction ne rend respectables que ceux qui par leur conduite la respectent et l\u2019anoblissent. Pas ceux qui la tra\u00eenent dans la fange.   Le respect ? De quoi ? Mais pourquoi donc ? Parce qu\u2019il est le repr\u00e9sentant de la Nation, le d\u00e9positaire de la souverainet\u00e9 du peuple ? Le respect du souverain en quelque sorte ? Cette marque de soumission que les maitres de tout temps ont exig\u00e9e des peuples : qu\u2019ils baissent les yeux devant le roi ? Mais ne savent-ils pas que le souverain, le vrai, c\u2019est le peuple. En insultant le peuple c\u2019est son souverain que Macron a insult\u00e9. A quel respect en retour peut-il pr\u00e9tendre de la part de son souverain ? Quel respect en retour peut-il avoir l\u2019outrecuidance suppl\u00e9mentaire d\u2019exiger ?   En habit de \u00ab caillera \u00bb, de dandy ou en costume trois pi\u00e8ces \u00e0 13 000 euros de Pr\u00e9sident, \u00ab qu\u2019il p\u00e8te dans la serge ou dans l\u2019alpaga \u00bb un petit \u00ab trouduc.. \u00bb reste un petit \u00ab trouduc\u2026 \u00bb et m\u00e9rite d\u2019\u00eatre corrig\u00e9.   Monsieur Macron et son \u00e9quipe minist\u00e9rielle, mais aussi certains de ses d\u00e9put\u00e9s, jettent de l\u2019huile sur le feu de la r\u00e9volte sociale. Ils cherchent-, c\u2019est de plus en plus \u00e9vident, la confrontation frontale avec le mouvement social. Les comp\u00e8res Macron Philippe et Castaner ont fait le pari de briser le mouvement par la force afin de s\u2019assurer une d\u00e9cennie au moins de \u00ab paix sociale \u00bb le temps d\u2019imposer la destruction compl\u00e8te du syst\u00e8me social Fran\u00e7ais et de r\u00e9duire le peuple \u00e0 la disette afin d\u2019assurer le festin des banquiers.  La confrontation ? \u00c7a peut r\u00e9ussir ou \u00e9chouer. C\u2019est une entreprise en tout cas bien risqu\u00e9e qui pourrait sous peu pr\u00e9cipiter la France dans un chaos indescriptible, dont nul ne sait vraiment ce qui en sortirait.  Alors, messieurs et mesdames de ce que l\u2019on appelle \u00ab la classe politique \u00bb, je m\u2019adresse \u00e0 vous. Je sais les \u00ab en-dessous \u00bb de vos pens\u00e9es et de vos pr\u00e9occupations Vous voulez pr\u00e9server les institutions de la 5\u00e8me R\u00e9publique qui vous apparaissent comme un gage de stabilit\u00e9 et qui surtout assurent la domination politique de vos maitres de l\u2019industrie et de la finance de format international. Or, vous savez bien que la destitution du Pr\u00e9sident, cl\u00e9 de voute de celle-ci, ouvrirait grande une crise institutionnelle majeure et le risque pour vous de ne pas maitriser la nouvelle cr\u00e9ature qui en sortirait. Alors en d\u00e9sespoir de cause vous vous accrochez \u00e0 cet \u00e9difice branlant.  C\u2019est peut-\u00eatre un tr\u00e8s mauvais calcul. Vous pouvez d\u00e9poser le Pr\u00e9sident de la R\u00e9publique. Si vous ne le faites, alors c\u2019est le peuple qui le fera, avec les moyens et les m\u00e9thodes qui lui appartiennent, et ce que vous aurez \u00e0 perdre en ce cas sera bien plus consid\u00e9rable encore. Vous pouvez encore sauver la paix civile de notre pays et par cette action limiter l\u2019effet des rigueurs dont le peuple vous accablera.   Alors, plus de temps \u00e0 perdre : D\u00e9barrassez-vous, d\u00e9barrassez-nous, d\u00e9barrassez la France de cette impertinente petite brute et pr\u00e9tendant dictateur.  Patrick Seignon. \u00ab lavoiedessansvoix.fr \u00bb ; Dimanche 13 janvier 2019.<\/p>\n","protected":false},"excerpt":{"rendered":"<p>FICHEZ LE DEHORS OU LE PEUPLE S\u2019EN CHARGERA(Appel au bon sens, s\u2019il en reste, de la classe politique.) Avant-hier encore, [&hellip;]<\/p>\n","protected":false},"author":1,"featured_media":4298,"comment_status":"open","ping_status":"open","sticky":false,"template":"","format":"standard","meta":{"sfsi_plus_gutenberg_text_before_share":"","sfsi_plus_gutenberg_show_text_before_share":"","sfsi_plus_gutenberg_icon_type":"","sfsi_plus_gutenberg_icon_alignemt":"","sfsi_plus_gutenburg_max_per_row":"","site-sidebar-layout":"default","site-content-layout":"","ast-site-content-layout":"default","site-content-style":"default","site-sidebar-style":"default","ast-global-header-display":"","ast-banner-title-visibility":"","ast-main-header-display":"","ast-hfb-above-header-display":"","ast-hfb-below-header-display":"","ast-hfb-mobile-header-display":"","site-post-title":"","ast-breadcrumbs-content":"","ast-featured-img":"","footer-sml-layout":"","ast-disable-related-posts":"","theme-transparent-header-meta":"","adv-header-id-meta":"","stick-header-meta":"","header-above-stick-meta":"","header-main-stick-meta":"","header-below-stick-meta":"","astra-migrate-meta-layouts":"default","ast-page-background-enabled":"default","ast-page-background-meta":{"desktop":{"background-color":"var(--ast-global-color-4)","background-image":"","background-repeat":"repeat","background-position":"center center","background-size":"auto","background-attachment":"scroll","background-type":"","background-media":"","overlay-type":"","overlay-color":"","overlay-opacity":"","overlay-gradient":""},"tablet":{"background-color":"","background-image":"","background-repeat":"repeat","background-position":"center center","background-size":"auto","background-attachment":"scroll","background-type":"","background-media":"","overlay-type":"","overlay-color":"","overlay-opacity":"","overlay-gradient":""},"mobile":{"background-color":"","background-image":"","background-repeat":"repeat","background-position":"center center","background-size":"auto","background-attachment":"scroll","background-type":"","background-media":"","overlay-type":"","overlay-color":"","overlay-opacity":"","overlay-gradient":""}},"ast-content-background-meta":{"desktop":{"background-color":"var(--ast-global-color-5)","background-image":"","background-repeat":"repeat","background-position":"center center","background-size":"auto","background-attachment":"scroll","background-type":"","background-media":"","overlay-type":"","overlay-color":"","overlay-opacity":"","overlay-gradient":""},"tablet":{"background-color":"var(--ast-global-color-5)","background-image":"","background-repeat":"repeat","background-position":"center center","background-size":"auto","background-attachment":"scroll","background-type":"","background-media":"","overlay-type":"","overlay-color":"","overlay-opacity":"","overlay-gradient":""},"mobile":{"background-color":"var(--ast-global-color-5)","background-image":"","background-repeat":"repeat","background-position":"center center","background-size":"auto","background-attachment":"scroll","background-type":"","background-media":"","overlay-type":"","overlay-color":"","overlay-opacity":"","overlay-gradient":""}},"footnotes":""},"categories":[16],"tags":[],"class_list":["post-713","post","type-post","status-publish","format-standard","has-post-thumbnail","hentry","category-archives-cms"],"_links":{"self":[{"href":"https:\/\/lavoiedessansvoix.fr\/lavoie\/wp-json\/wp\/v2\/posts\/713","targetHints":{"allow":["GET"]}}],"collection":[{"href":"https:\/\/lavoiedessansvoix.fr\/lavoie\/wp-json\/wp\/v2\/posts"}],"about":[{"href":"https:\/\/lavoiedessansvoix.fr\/lavoie\/wp-json\/wp\/v2\/types\/post"}],"author":[{"embeddable":true,"href":"https:\/\/lavoiedessansvoix.fr\/lavoie\/wp-json\/wp\/v2\/users\/1"}],"replies":[{"embeddable":true,"href":"https:\/\/lavoiedessansvoix.fr\/lavoie\/wp-json\/wp\/v2\/comments?post=713"}],"version-history":[{"count":1,"href":"https:\/\/lavoiedessansvoix.fr\/lavoie\/wp-json\/wp\/v2\/posts\/713\/revisions"}],"predecessor-version":[{"id":3445,"href":"https:\/\/lavoiedessansvoix.fr\/lavoie\/wp-json\/wp\/v2\/posts\/713\/revisions\/3445"}],"wp:featuredmedia":[{"embeddable":true,"href":"https:\/\/lavoiedessansvoix.fr\/lavoie\/wp-json\/wp\/v2\/media\/4298"}],"wp:attachment":[{"href":"https:\/\/lavoiedessansvoix.fr\/lavoie\/wp-json\/wp\/v2\/media?parent=713"}],"wp:term":[{"taxonomy":"category","embeddable":true,"href":"https:\/\/lavoiedessansvoix.fr\/lavoie\/wp-json\/wp\/v2\/categories?post=713"},{"taxonomy":"post_tag","embeddable":true,"href":"https:\/\/lavoiedessansvoix.fr\/lavoie\/wp-json\/wp\/v2\/tags?post=713"}],"curies":[{"name":"wp","href":"https:\/\/api.w.org\/{rel}","templated":true}]}}