{"id":712,"date":"2019-01-17T01:52:00","date_gmt":"2019-01-17T00:52:00","guid":{"rendered":"https:\/\/lavoiedessansvoix.fr\/lavoie\/2019\/01\/17\/archive-annonce-la-lettre-d-emmanuel-macron-decortiquee\/"},"modified":"2026-04-26T21:13:20","modified_gmt":"2026-04-26T19:13:20","slug":"archive-annonce-la-lettre-d-emmanuel-macron-decortiquee","status":"publish","type":"post","link":"https:\/\/lavoiedessansvoix.fr\/lavoie\/2019\/01\/17\/archive-annonce-la-lettre-d-emmanuel-macron-decortiquee\/","title":{"rendered":"ANNONCE : LA LETTRE D\u2019EMMANUEL MACRON D\u00c9CORTIQU\u00c9E"},"content":{"rendered":"<p>ANNONCE : (LA LETTRE D\u2019EMMANUEL MACRON D\u00c9CORTIQU\u00c9E)   Emmanuel Macron, le \u00ab ci-devant \u00bb encore Pr\u00e9sident de la R\u00e9publique, pr\u00e9tend vouloir inviter les Fran\u00e7ais \u00e0 un grand d\u00e9bat. Il leur, il nous, a adress\u00e9 voil\u00e0 quelques jours une longue lettre.  J\u2019aurais pu tout aussi bien ne pas prendre la peine de la lire, dire comme la plupart des observateurs, qui ont raison, c\u2019est du \u00ab bla-bla . Cet homme en v\u00e9rit\u00e9 n\u2019a pas la moindre intention d\u2019instaurer un dialogue v\u00e9ritable avec ses concitoyens, encore moins d\u2019en tirer la moindre conclusion pour sa politique. Ce qu\u2019il veut, s\u2019effor\u00e7ant d\u2019\u2019\u00e9radiquer le mouvement des \u00ab Gilets-Jaunes \u00bb, c\u2019est donner le change, remplir l\u2019espace m\u00e9diatique du bruissement sourd et creux de son grand bavardage sans suite.   Son ostracisme et sa politique brutale \u00e0 l\u2019\u00e9gard des \u00ab Gilets-jaunes \u00bb ne fait pas l\u2019unanimit\u00e9 dans le monde politique, y compris de la droite, y compris ses alli\u00e9s et son propre camps. L\u2019illusion du pr\u00e9tendu d\u00e9bat a pour fonction de faire croire \u00e0 son ouverture et \u00e0 son \u00e9coute, afin de calmer la critique et de gagner du temps. Ce n\u2019est en v\u00e9rit\u00e9 qu\u2019un stratag\u00e8me pour masquer son autisme.   J\u2019aurais pu la rejeter avec d\u00e9dain d\u2019un revers de main. J\u2019ai d\u00e9cid\u00e9 au contraire de m\u2019y attarder, de la d\u00e9cortiquer point par point. De la prendre pour pr\u00e9texte \u00e0 d\u00e9velopper de mani\u00e8re un peu exhaustive et structur\u00e9e la pens\u00e9e jusque-l\u00e0 diffuse des \u00ab Gilets-jaunes \u00bb, la pr\u00e9ciser, lui donner du corps et du nerf.  Point par point ! La lettre du petit Macron est d\u00e9j\u00e0 longue. Je l\u2019ai d\u00e9cortiqu\u00e9e et fait mes propres commentaires (en rouge dans le texte) la plupart plus longs que le texte auquel ils r\u00e9pondent. Alors vous l\u2019imaginez le total est extr\u00eamement long. Mais pas ennuyeux. Certes je sais que tout le monde ne lira pas cet article dans sa totalit\u00e9, mais je suis s\u00fbr par contre que ceux qui le liront y prendront beaucoup d\u2019int\u00e9r\u00eats et de plaisir.   Je publierai cet article ce soir sur ce Site.  Patrick Seignon. \u00ab lavoiedessansvoix.fr \u00bb. Jeudi 17 janvier 2019.<\/p>\n","protected":false},"excerpt":{"rendered":"<p>ANNONCE : (LA LETTRE D\u2019EMMANUEL MACRON D\u00c9CORTIQU\u00c9E) Emmanuel Macron, le \u00ab ci-devant \u00bb encore Pr\u00e9sident de la R\u00e9publique, pr\u00e9tend vouloir [&hellip;]<\/p>\n","protected":false},"author":1,"featured_media":4297,"comment_status":"open","ping_status":"open","sticky":false,"template":"","format":"standard","meta":{"sfsi_plus_gutenberg_text_before_share":"","sfsi_plus_gutenberg_show_text_before_share":"","sfsi_plus_gutenberg_icon_type":"","sfsi_plus_gutenberg_icon_alignemt":"","sfsi_plus_gutenburg_max_per_row":"","site-sidebar-layout":"default","site-content-layout":"","ast-site-content-layout":"default","site-content-style":"default","site-sidebar-style":"default","ast-global-header-display":"","ast-banner-title-visibility":"","ast-main-header-display":"","ast-hfb-above-header-display":"","ast-hfb-below-header-display":"","ast-hfb-mobile-header-display":"","site-post-title":"","ast-breadcrumbs-content":"","ast-featured-img":"","footer-sml-layout":"","ast-disable-related-posts":"","theme-transparent-header-meta":"","adv-header-id-meta":"","stick-header-meta":"","header-above-stick-meta":"","header-main-stick-meta":"","header-below-stick-meta":"","astra-migrate-meta-layouts":"default","ast-page-background-enabled":"default","ast-page-background-meta":{"desktop":{"background-color":"var(--ast-global-color-4)","background-image":"","background-repeat":"repeat","background-position":"center center","background-size":"auto","background-attachment":"scroll","background-type":"","background-media":"","overlay-type":"","overlay-color":"","overlay-opacity":"","overlay-gradient":""},"tablet":{"background-color":"","background-image":"","background-repeat":"repeat","background-position":"center center","background-size":"auto","background-attachment":"scroll","background-type":"","background-media":"","overlay-type":"","overlay-color":"","overlay-opacity":"","overlay-gradient":""},"mobile":{"background-color":"","background-image":"","background-repeat":"repeat","background-position":"center center","background-size":"auto","background-attachment":"scroll","background-type":"","background-media":"","overlay-type":"","overlay-color":"","overlay-opacity":"","overlay-gradient":""}},"ast-content-background-meta":{"desktop":{"background-color":"var(--ast-global-color-5)","background-image":"","background-repeat":"repeat","background-position":"center center","background-size":"auto","background-attachment":"scroll","background-type":"","background-media":"","overlay-type":"","overlay-color":"","overlay-opacity":"","overlay-gradient":""},"tablet":{"background-color":"var(--ast-global-color-5)","background-image":"","background-repeat":"repeat","background-position":"center center","background-size":"auto","background-attachment":"scroll","background-type":"","background-media":"","overlay-type":"","overlay-color":"","overlay-opacity":"","overlay-gradient":""},"mobile":{"background-color":"var(--ast-global-color-5)","background-image":"","background-repeat":"repeat","background-position":"center center","background-size":"auto","background-attachment":"scroll","background-type":"","background-media":"","overlay-type":"","overlay-color":"","overlay-opacity":"","overlay-gradient":""}},"footnotes":""},"categories":[16],"tags":[],"class_list":["post-712","post","type-post","status-publish","format-standard","has-post-thumbnail","hentry","category-archives-cms"],"_links":{"self":[{"href":"https:\/\/lavoiedessansvoix.fr\/lavoie\/wp-json\/wp\/v2\/posts\/712","targetHints":{"allow":["GET"]}}],"collection":[{"href":"https:\/\/lavoiedessansvoix.fr\/lavoie\/wp-json\/wp\/v2\/posts"}],"about":[{"href":"https:\/\/lavoiedessansvoix.fr\/lavoie\/wp-json\/wp\/v2\/types\/post"}],"author":[{"embeddable":true,"href":"https:\/\/lavoiedessansvoix.fr\/lavoie\/wp-json\/wp\/v2\/users\/1"}],"replies":[{"embeddable":true,"href":"https:\/\/lavoiedessansvoix.fr\/lavoie\/wp-json\/wp\/v2\/comments?post=712"}],"version-history":[{"count":1,"href":"https:\/\/lavoiedessansvoix.fr\/lavoie\/wp-json\/wp\/v2\/posts\/712\/revisions"}],"predecessor-version":[{"id":3443,"href":"https:\/\/lavoiedessansvoix.fr\/lavoie\/wp-json\/wp\/v2\/posts\/712\/revisions\/3443"}],"wp:featuredmedia":[{"embeddable":true,"href":"https:\/\/lavoiedessansvoix.fr\/lavoie\/wp-json\/wp\/v2\/media\/4297"}],"wp:attachment":[{"href":"https:\/\/lavoiedessansvoix.fr\/lavoie\/wp-json\/wp\/v2\/media?parent=712"}],"wp:term":[{"taxonomy":"category","embeddable":true,"href":"https:\/\/lavoiedessansvoix.fr\/lavoie\/wp-json\/wp\/v2\/categories?post=712"},{"taxonomy":"post_tag","embeddable":true,"href":"https:\/\/lavoiedessansvoix.fr\/lavoie\/wp-json\/wp\/v2\/tags?post=712"}],"curies":[{"name":"wp","href":"https:\/\/api.w.org\/{rel}","templated":true}]}}