{"id":710,"date":"2019-01-21T01:37:00","date_gmt":"2019-01-21T00:37:00","guid":{"rendered":"https:\/\/lavoiedessansvoix.fr\/lavoie\/2019\/01\/21\/archive-solidarite-des-universitaires-des-intellectuels-et-des-artistes-avec-les-gilets\/"},"modified":"2026-04-26T21:13:02","modified_gmt":"2026-04-26T19:13:02","slug":"archive-solidarite-des-universitaires-des-intellectuels-et-des-artistes-avec-les-gilets","status":"publish","type":"post","link":"https:\/\/lavoiedessansvoix.fr\/lavoie\/2019\/01\/21\/archive-solidarite-des-universitaires-des-intellectuels-et-des-artistes-avec-les-gilets\/","title":{"rendered":"Solidarit\u00e9 des universitaires, des intellectuels et des artistes avec les Gilets Jaunes !"},"content":{"rendered":"<p>Solidarit\u00e9 des universitaires, des intellectuels et des artistes avec les Gilets Jaunes !(Je publie ce jour, lundi 21 janvier, sur les pages de \u00ab\u00a0lavoiedessansvoies.fr\u00a0\u00bb, le texte de cette p\u00e9tition, parue sur \u00ab\u00a0Change-org\u00a0\u00bb que certains de mes lecteurs ou visiteurs seront d&rsquo;accord pour signer, faire signer et circuler. Merci. P. Seignon)https:\/\/static.change.org\/profile-img\/default-org-profile.svgCollectif a lanc\u00e9 cette p\u00e9tition adress\u00e9e \u00e0 Le peuple La pr\u00e9sente p\u00e9tition est ouverte \u00e0 la signature de toutes les citoyennes et tous les citoyens qui en approuvent les termes et les id\u00e9es. Nous ne serons pas les chiens de garde de l&rsquo;\u00c9tat ! Solidarit\u00e9 des universitaires, des intellectuels et des artistes avec les Gilets Jaunes ! Qui aurait cru qu&rsquo;un gilet suffirait \u00e0 \u00e9branler l&rsquo;\u00c9tat ? Nous assistons depuis deux mois \u00e0 un mouvement populaire de grande ampleur soutenu par une grande partie des Fran\u00e7ais. Ce mouvement a pris le gilet jaune comme symbole. Ce gilet de sauvetage qui signale le danger est devenu un cri de ralliement contre la casse sociale en marche : \u00ab\u00a0ne nous \u00e9crasez pas\u00a0\u00bb ! Il permet de rendre visibles ceux qui restent d&rsquo;ordinaire invisibles. En occupant pacifiquement des ronds-points, les Gilets Jaunes s&rsquo;inspirent \u00e0 leur mani\u00e8re des occupations d&rsquo;usines de Juin 36 et de Mai 68, et de mouvements de contestation plus r\u00e9cents comme les Printemps arabes, les Indign\u00e9s espagnols ou Occupy aux USA. Le mouvement des Gilets Jaunes a montr\u00e9 \u00e0 nouveau que, face \u00e0 un pouvoir pr\u00eat \u00e0 tout pour imposer ses \u00ab\u00a0r\u00e9formes\u00a0\u00bb, seule la lutte permet de gagner : occuper, bloquer, manifester, toucher les lieux sensibles de l&rsquo;\u00c9tat, de l&rsquo;\u00e9conomie, de la finance. Tisser des liens, inventer des solidarit\u00e9s, s&rsquo;organiser pour tenir, f\u00e9d\u00e9rer les col\u00e8res, rechercher des convergences, cr\u00e9er de nouvelles formes de r\u00e9sistance, penser de nouvelles mani\u00e8res de faire de la politique. Confront\u00e9 \u00e0 ce mouvement, l&rsquo;\u00c9tat a choisi la voie de la r\u00e9pression polici\u00e8re et judiciaire. Il envisage d\u00e9sormais de ficher les manifestants pour pouvoir proc\u00e9der \u00e0 des interpellations pr\u00e9ventives. Alors que les armes employ\u00e9es par la police ont d\u00e9j\u00e0 entra\u00een\u00e9 blessures et mutilations chez des dizaines de manifestants, de nouvelles consignes d'\u00a0\u00bbextr\u00eame fermet\u00e9\u00a0\u00bb viennent d&rsquo;\u00eatre donn\u00e9es aux pr\u00e9fets et aux procureurs. Pour justifier cette politique de confrontation brutale, les autorit\u00e9s s&rsquo;efforcent par tous les moyens de discr\u00e9diter les Gilets Jaunes. Ainsi, Emmanuel Macron les a stigmatis\u00e9s comme une \u00ab\u00a0foule haineuse\u00a0\u00bb qui serait \u00e0 la fois x\u00e9nophobe, homophobe et antis\u00e9mite\u2026 L&rsquo;\u00c9tat peut compter sur la complicit\u00e9 de certains m\u00e9dias qui montent en \u00e9pingle le moindre incident pour faire passer les Gilets Jaunes pour des racistes et des fascistes. Il peut \u00e9galement compter sur ses chiens de garde, ces intellectuels m\u00e9diatiques qui se sont empress\u00e9s de les d\u00e9noncer comme des \u00ab\u00a0barbares\u00a0\u00bb et des \u00ab\u00a0gilets bruns\u00a0\u00bb. L&rsquo;un d&rsquo;eux vient m\u00eame de f\u00e9liciter la police pour avoir \u00ab\u00a0sauv\u00e9 la R\u00e9publique\u00a0\u00bb ! Beaucoup d&rsquo;universitaires, d&rsquo;intellectuels (enseignants, chercheurs, etc.) et d&rsquo;artistes s&rsquo;en sont tenus jusqu&rsquo;\u00e0 maintenant \u00e0 un silence prudent, y compris ceux qui affichent leur sympathie pour la gauche et l&rsquo;extr\u00eame-gauche. Sans doute parce que ce mouvement \u00e9chappe aux cat\u00e9gories habituelles du jugement politique \u2013 impr\u00e9visible, inclassable, comme Mai 68 en son temps, comme tout \u00e9v\u00e9nement historique digne de ce nom. Certains ont pris position en faveur de ce mouvement populaire, mais leur parole est ignor\u00e9e par les m\u00e9dias dominants. C&rsquo;est ce silence que nous voulons contribuer \u00e0 briser, en affirmant publiquement notre solidarit\u00e9 avec les Gilets Jaunes et en appelant les intellectuels, les universitaires et les artistes \u00e0 les rejoindre. Il s&rsquo;agit certes d&rsquo;un mouvement h\u00e9t\u00e9rog\u00e8ne, travers\u00e9 de multiples contradictions, et qui fait l&rsquo;objet de tentatives d&rsquo;infiltration et de r\u00e9cup\u00e9ration de la part de l&rsquo;extr\u00eame droite. Il importe de demeurer vigilants face \u00e0 toute d\u00e9rive complotiste, raciste ou homophobe. Mais ces d\u00e9rapages restent le fait d&rsquo;une petite minorit\u00e9 et ne peuvent en aucun cas servir de pr\u00e9texte pour d\u00e9consid\u00e9rer l&rsquo;ensemble des Gilets Jaunes. Tout en condamnant sans r\u00e9serve les menaces de mort envers des \u00e9lus ou envers des Gilets Jaunes accus\u00e9s de \u00ab\u00a0trahison\u00a0\u00bb, nous contestons l&rsquo;usage indiff\u00e9renci\u00e9 du terme violence qui confond les violences physiques contre les personnes, qui sont inacceptables, et les d\u00e9gradations de biens (voitures br\u00fbl\u00e9es, vitrines bris\u00e9es ou porte de minist\u00e8re enfonc\u00e9e\u2026) qui accompagnent toujours les soul\u00e8vements populaires. Sans oublier que, comme l&rsquo;\u00e9crivait Brecht, On dit d&rsquo;un fleuve emportant tout qu&rsquo;il est violent \/ Mais on ne dit jamais rien de la violence \/ Des rives qui l\u2019enserrent. Le mouvement des Gilets Jaunes est n\u00e9 d&rsquo;une exigence d&rsquo;\u00e9galit\u00e9 et de justice, d&rsquo;une protestation contre la destruction du \u00ab\u00a0mod\u00e8le social fran\u00e7ais\u00a0\u00bb et la pr\u00e9carisation de larges couches de la population, encore acc\u00e9l\u00e9r\u00e9es par les r\u00e9formes d&rsquo;inspiration n\u00e9o-lib\u00e9rale men\u00e9es au pas de charge et sans concertation par Emmanuel Macron. Ce mouvement t\u00e9moigne d&rsquo;une demande de reconnaissance, de la volont\u00e9 d&rsquo;\u00eatre \u00e9cout\u00e9 et respect\u00e9, face \u00e0 l&rsquo;arrogance m\u00e9prisante d&rsquo;un gouvernement de technocrates qui se jugent \u00ab\u00a0trop intelligents, trop subtils\u00a0\u00bb pour \u00eatre compris par un peuple d'\u00a0\u00bbillettr\u00e9s\u00a0\u00bb, de gens \u00ab\u00a0qui ne sont rien\u00a0\u00bb. En partant d&rsquo;une r\u00e9volte anti-fiscale, le mouvement des Gilets Jaunes a connu une politisation rapide qui s&rsquo;est effectu\u00e9e en dehors de tous les partis. On a assist\u00e9 \u00e0 l&rsquo;\u00e9mergence de revendications radicales portant sur les institutions et l&rsquo;exercice du pouvoir. En se r\u00e9f\u00e9rant aux traditions historiques de la R\u00e9volution fran\u00e7aise (cahiers de dol\u00e9ances, appel \u00e0 des \u00c9tats G\u00e9n\u00e9raux, \u00ab\u00a0marche des femmes\u00a0\u00bb\u2026), les Gilets Jaunes ont r\u00e9veill\u00e9 l&rsquo;id\u00e9e de citoyennet\u00e9 active fond\u00e9e sur la comp\u00e9tence du peuple. On commettrait une grave erreur en condamnant comme \u00ab\u00a0populistes\u00a0\u00bb ou r\u00e9actionnaires leur revendication de \u00ab\u00a0r\u00e9f\u00e9rendum d&rsquo;initiative citoyenne\u00a0\u00bb ou l&rsquo;appel des Gilets Jaunes de Commercy \u00e0 cr\u00e9er partout des \u00ab\u00a0comit\u00e9s populaires\u00a0\u00bb de citoyens et \u00e0 les f\u00e9d\u00e9rer dans une \u00ab\u00a0assembl\u00e9e des assembl\u00e9es\u00a0\u00bb. L\u2019exigence d\u2019une expression directe de la volont\u00e9 populaire, la revendication d&rsquo;un contr\u00f4le des \u00e9lus par leurs \u00e9lecteurs qui les soumettrait \u00e0 un mandat imp\u00e9ratif et r\u00e9vocable : tout cela appartient \u00e0 la tradition d\u00e9mocratique et r\u00e9volutionnaire, depuis les Sans-Culottes, la R\u00e9volution de 1848 et les Communards jusqu&rsquo;aux Conseils ouvriers du XX\u00b0 si\u00e8cle.Le refus de toute d\u00e9l\u00e9gation de pouvoir qui caract\u00e9rise la plupart des Gilets Jaunes s&rsquo;inscrit dans la m\u00eame tradition, celle de la d\u00e9mocratie radicale et libertaire, raviv\u00e9e par la m\u00e9moire des r\u00e9voltes trahies. Aujourd&rsquo;hui, le mouvement des Gilets Jaunes est \u00e0 la crois\u00e9e des chemins. M\u00eame s&rsquo;il ne doit pas \u00eatre surestim\u00e9, le risque existe que l&rsquo;extr\u00eame droite arrive \u00e0 lui imposer son orientation autoritaire, haineuse et x\u00e9nophobe. C&rsquo;est la responsabilit\u00e9 historique de la gauche de ne pas lui laisser le champ libre. Pour toutes ces raisons, nous appelons les universitaires, les intellectuels et les artistes fid\u00e8les aux id\u00e9aux d&rsquo;\u00e9mancipation \u00e0 soutenir activement les Gilets Jaunes, \u00e0 relayer leurs revendications et \u00e0 les rejoindre dans la lutte.<\/p>\n","protected":false},"excerpt":{"rendered":"<p>Solidarit\u00e9 des universitaires, des intellectuels et des artistes avec les Gilets Jaunes !(Je publie ce jour, lundi 21 janvier, sur [&hellip;]<\/p>\n","protected":false},"author":1,"featured_media":4295,"comment_status":"open","ping_status":"open","sticky":false,"template":"","format":"standard","meta":{"sfsi_plus_gutenberg_text_before_share":"","sfsi_plus_gutenberg_show_text_before_share":"","sfsi_plus_gutenberg_icon_type":"","sfsi_plus_gutenberg_icon_alignemt":"","sfsi_plus_gutenburg_max_per_row":"","site-sidebar-layout":"default","site-content-layout":"","ast-site-content-layout":"default","site-content-style":"default","site-sidebar-style":"default","ast-global-header-display":"","ast-banner-title-visibility":"","ast-main-header-display":"","ast-hfb-above-header-display":"","ast-hfb-below-header-display":"","ast-hfb-mobile-header-display":"","site-post-title":"","ast-breadcrumbs-content":"","ast-featured-img":"","footer-sml-layout":"","ast-disable-related-posts":"","theme-transparent-header-meta":"","adv-header-id-meta":"","stick-header-meta":"","header-above-stick-meta":"","header-main-stick-meta":"","header-below-stick-meta":"","astra-migrate-meta-layouts":"default","ast-page-background-enabled":"default","ast-page-background-meta":{"desktop":{"background-color":"var(--ast-global-color-4)","background-image":"","background-repeat":"repeat","background-position":"center center","background-size":"auto","background-attachment":"scroll","background-type":"","background-media":"","overlay-type":"","overlay-color":"","overlay-opacity":"","overlay-gradient":""},"tablet":{"background-color":"","background-image":"","background-repeat":"repeat","background-position":"center center","background-size":"auto","background-attachment":"scroll","background-type":"","background-media":"","overlay-type":"","overlay-color":"","overlay-opacity":"","overlay-gradient":""},"mobile":{"background-color":"","background-image":"","background-repeat":"repeat","background-position":"center center","background-size":"auto","background-attachment":"scroll","background-type":"","background-media":"","overlay-type":"","overlay-color":"","overlay-opacity":"","overlay-gradient":""}},"ast-content-background-meta":{"desktop":{"background-color":"var(--ast-global-color-5)","background-image":"","background-repeat":"repeat","background-position":"center center","background-size":"auto","background-attachment":"scroll","background-type":"","background-media":"","overlay-type":"","overlay-color":"","overlay-opacity":"","overlay-gradient":""},"tablet":{"background-color":"var(--ast-global-color-5)","background-image":"","background-repeat":"repeat","background-position":"center center","background-size":"auto","background-attachment":"scroll","background-type":"","background-media":"","overlay-type":"","overlay-color":"","overlay-opacity":"","overlay-gradient":""},"mobile":{"background-color":"var(--ast-global-color-5)","background-image":"","background-repeat":"repeat","background-position":"center center","background-size":"auto","background-attachment":"scroll","background-type":"","background-media":"","overlay-type":"","overlay-color":"","overlay-opacity":"","overlay-gradient":""}},"footnotes":""},"categories":[16],"tags":[],"class_list":["post-710","post","type-post","status-publish","format-standard","has-post-thumbnail","hentry","category-archives-cms"],"_links":{"self":[{"href":"https:\/\/lavoiedessansvoix.fr\/lavoie\/wp-json\/wp\/v2\/posts\/710","targetHints":{"allow":["GET"]}}],"collection":[{"href":"https:\/\/lavoiedessansvoix.fr\/lavoie\/wp-json\/wp\/v2\/posts"}],"about":[{"href":"https:\/\/lavoiedessansvoix.fr\/lavoie\/wp-json\/wp\/v2\/types\/post"}],"author":[{"embeddable":true,"href":"https:\/\/lavoiedessansvoix.fr\/lavoie\/wp-json\/wp\/v2\/users\/1"}],"replies":[{"embeddable":true,"href":"https:\/\/lavoiedessansvoix.fr\/lavoie\/wp-json\/wp\/v2\/comments?post=710"}],"version-history":[{"count":1,"href":"https:\/\/lavoiedessansvoix.fr\/lavoie\/wp-json\/wp\/v2\/posts\/710\/revisions"}],"predecessor-version":[{"id":3439,"href":"https:\/\/lavoiedessansvoix.fr\/lavoie\/wp-json\/wp\/v2\/posts\/710\/revisions\/3439"}],"wp:featuredmedia":[{"embeddable":true,"href":"https:\/\/lavoiedessansvoix.fr\/lavoie\/wp-json\/wp\/v2\/media\/4295"}],"wp:attachment":[{"href":"https:\/\/lavoiedessansvoix.fr\/lavoie\/wp-json\/wp\/v2\/media?parent=710"}],"wp:term":[{"taxonomy":"category","embeddable":true,"href":"https:\/\/lavoiedessansvoix.fr\/lavoie\/wp-json\/wp\/v2\/categories?post=710"},{"taxonomy":"post_tag","embeddable":true,"href":"https:\/\/lavoiedessansvoix.fr\/lavoie\/wp-json\/wp\/v2\/tags?post=710"}],"curies":[{"name":"wp","href":"https:\/\/api.w.org\/{rel}","templated":true}]}}