{"id":708,"date":"2019-01-24T09:51:00","date_gmt":"2019-01-24T08:51:00","guid":{"rendered":"https:\/\/lavoiedessansvoix.fr\/lavoie\/2019\/01\/24\/archive-le-macron-le-shah-et-le-serrurier-ce-n-est-pas-une-fable\/"},"modified":"2026-04-26T21:12:44","modified_gmt":"2026-04-26T19:12:44","slug":"archive-le-macron-le-shah-et-le-serrurier-ce-n-est-pas-une-fable","status":"publish","type":"post","link":"https:\/\/lavoiedessansvoix.fr\/lavoie\/2019\/01\/24\/archive-le-macron-le-shah-et-le-serrurier-ce-n-est-pas-une-fable\/","title":{"rendered":"LE MACRON LE SHAH ET LE SERRURIER.  (Ce n\u2019est pas une fable)"},"content":{"rendered":"<p>LE MACRON LE SHAH ET LE SERRURIER.  (Ce n\u2019est pas une fable)   Le jeune Faquin parvenu par effraction \u00e0 la Pr\u00e9sidence de la R\u00e9publique fran\u00e7aise, est un familier du p\u00e9ch\u00e9 de \u00ab pr\u00e9somption \u00bb. Il en va souvent ainsi de ces enfants trop flatt\u00e9s, qui finissent par pr\u00e9sager trop de leurs lumi\u00e8res et se muent en tyrans de leur propre entourage.   Emmanuel Macron est convaincu de sa sup\u00e9riorit\u00e9 intellectuelle. Il se tient lui-m\u00eame en grande estime, s\u00fbr de sa \u00ab science \u00bb et de sa culture. Outre la culture des chiffres, que nous ne lui contesterons pas, qu\u2019il a cultiv\u00e9 dans le tabernacle m\u00eame du temple de l\u2019argent, il semblerait qu\u2019il puisse se pr\u00e9valoir aussi d\u2019une certaine culture litt\u00e9raire. Il a lu Camus, je le sais, c\u2019est lui qui l\u2019a dit, et Flaubert je crois, un jour o\u00f9 il cr\u00fb n\u00e9cessaire, peut-\u00eatre pour le prouver, de l\u2019\u00e9taler comme de la confiture. Il faut dire qu\u2019il avait en cette mati\u00e8re un bon \u00ab coche \u00bb, qui n\u2019h\u00e9sitait pas \u00e0 donner de sa personne pour \u00ab cultiver son jardin. \u00bb   Mais de toute \u00e9vidence il n\u2019en allait pas de m\u00eame en \u00ab Histoire\/g\u00e9o \u00bb. On a tous eut durant nos ann\u00e9es de formation ce genre de probl\u00e8me. Un mauvais \u00ab prof \u00bb ou tout simplement un \u00ab prof \u00bb que l\u2019on ne peut \u00ab pas piffrer \u00bb, et patatras, nous voil\u00e0 cancre en telle mati\u00e8re. Peut-\u00eatre la \u00ab prof \u00bb d\u2019Histoire\/ g\u00e9o du petit Emmanuel \u00e9tait-elle vraiment trop jeune ? Qu\u2019importe d\u2019ailleurs la cause v\u00e9ritable, attardons nous aux cons\u00e9quences. Il apparait que les connaissances d\u2019Emmanuel Macron, le pr\u00e9somptueux, souffrent de quelques lacunes graves en ces mati\u00e8res.  Candidat Pr\u00e9sident, pr\u00e9tendant \u00e0 g\u00e9rer les apanages de la R\u00e9publique il \u00e9tait convaincu que la Guadeloupe, la Martinique, Saint Pierre et Miquelon, la R\u00e9union, Mayotte, la Nouvelle Cal\u00e9donie \u00ab et la Guyane \u00bb n\u2019\u00e9taient rien que des iles. Et non monsieur Macron \u00ab outre-mer \u00bb \u00e7a ne veut pas dire entour\u00e9 d\u2019eau, \u00e7a veut dire \u00ab au-del\u00e0 \u00bb, par-del\u00e0 \u00bb les mers. Ses r\u00e9centes d\u00e9clarations \u00e0 Versailles o\u00f9 il tente un parall\u00e8le historique malencontreux entre Louis XVI et lui font douter \u00e0 son tour de sa maitrise de l\u2019Histoire.   Si Louis XVI a \u00e9t\u00e9 guillotin\u00e9 \u00ab c\u2019est parce qu\u2019il avait renonc\u00e9 \u00e0 r\u00e9former le pays \u00bb. Voil\u00e0 ce qui ne peut lui arriver \u00e0 lui, qui mart\u00e8le une fois encore qu\u2019il va poursuivre ses r\u00e9formes au pas de charge.   Mais Macron se plante lamentablement. Ce n\u2019est pas parce que le roi serrurier n\u2019avait pas su r\u00e9former le pays qu\u2019il a \u00e9t\u00e9 guillotin\u00e9, mais parce qu\u2019il \u00e9tait l\u2019h\u00e9ritier vivant d\u2019une Monarchie absolue qui avait mille ans durant pressur\u00e9, humili\u00e9, battu et tortur\u00e9 \u00ab ses manants \u00bb. Enfin r\u00e9volt\u00e9 le peuple avait besoin de faire payer l\u2019addition des si\u00e8cles, et comme il en tenait un, il fallait bien qu\u2019il paye pour les autres. Impossible de guillotiner Charles IX ou Louis XIV, alors tans-pis pour \u00ab Louis le XVI\u00e8me  Or, s\u2019il a fallu mille ans \u00e0 la Monarchie fran\u00e7aise pour s\u2019attirer l\u2019ex\u00e9cration meurtri\u00e8re du peuple, il n\u2019en a pas fallu deux \u00e0 Macron.   Louis XVI n\u2019a pas pris assez vite toute la mesure de la situation de 1789. Des cahiers de dol\u00e9ances o\u00f9 le peuple des \u00ab illettr\u00e9s \u00bb, en blouse et sans costard, \u00e9crirait si mal des sollicitations dont il ne tiendrait aucun compte, des Etats G\u00e9n\u00e9raux \u00ab du Royaume \u00bb o\u00f9 les trois \u00e9tats, viendraient docilement rendre compte \u00e0 \u00ab leur maitre \u00bb de leurs observations, une r\u00e9volte\u2026 \u00ab Non Sire une R\u00e9volution \u00bb. Louis XVI avait des excuses au sens de l\u2019Histoire. H\u00e9ritier d\u2019une Monarchie qui durait depuis mille ans et oint de l\u2019huile de la \u00ab sainte ampoule \u00bb qui le persuadait des origines divines de son pouvoir, il \u00e9tait d\u2019une certaine fa\u00e7on fond\u00e9 \u00e0 se croire tout puissant et inamovible.  Pas Macron ! Successeur \u00e0 la Pr\u00e9sidence d\u2019une des R\u00e9publique les plus stables de notre Histoire certes, avec la 3\u00e8me, mais \u00e2g\u00e9e tout juste de 50 ans \u00e0 peine, et \u00ab oint \u00bb si je puis dire de l\u2019huile \u00ab de la manipulation et du traquenard \u00bb. Emmanuel Macron aurait tort de trop pr\u00e9sager de sa force.   Emmanuel Macron \u00e0 une vue bien \u00e9triqu\u00e9 de l\u2019histoire, peut-\u00eatre trop scholastique, \u00e0 moins que ce ne fusse \u00ab Wikip\u00e9diastique \u00bb. Sa comparaison avec Louis XVI et la r\u00e9volution fran\u00e7aise ne tient pas la route. S\u2019il est une comparaison, avec un autre \u00e9v\u00e8nement historique, mais plus proche de nous, qu\u2019il eut pu faire, si sa culture l\u2019y eut autoris\u00e9, c\u2019est avec le Shah d\u2019Iran et la r\u00e9volution Iranienne de 1979.  Le Shah d\u2019Iran voulait \u00ab occidentaliser \u00bb son pays au pas de course. Il voulait lui aussi conduire des r\u00e9formes au pas de charge et contre les sentiments et l\u2019avis du peuple.  A bon entendeur \u2026..  Patrick Seignon. \u00ab lavoiedessanzsvoix.fr \u00bb. Jeudi 24 janvier 2019.<\/p>\n","protected":false},"excerpt":{"rendered":"<p>LE MACRON LE SHAH ET LE SERRURIER. (Ce n\u2019est pas une fable) Le jeune Faquin parvenu par effraction \u00e0 la [&hellip;]<\/p>\n","protected":false},"author":1,"featured_media":4293,"comment_status":"open","ping_status":"open","sticky":false,"template":"","format":"standard","meta":{"sfsi_plus_gutenberg_text_before_share":"","sfsi_plus_gutenberg_show_text_before_share":"","sfsi_plus_gutenberg_icon_type":"","sfsi_plus_gutenberg_icon_alignemt":"","sfsi_plus_gutenburg_max_per_row":"","site-sidebar-layout":"default","site-content-layout":"","ast-site-content-layout":"default","site-content-style":"default","site-sidebar-style":"default","ast-global-header-display":"","ast-banner-title-visibility":"","ast-main-header-display":"","ast-hfb-above-header-display":"","ast-hfb-below-header-display":"","ast-hfb-mobile-header-display":"","site-post-title":"","ast-breadcrumbs-content":"","ast-featured-img":"","footer-sml-layout":"","ast-disable-related-posts":"","theme-transparent-header-meta":"","adv-header-id-meta":"","stick-header-meta":"","header-above-stick-meta":"","header-main-stick-meta":"","header-below-stick-meta":"","astra-migrate-meta-layouts":"default","ast-page-background-enabled":"default","ast-page-background-meta":{"desktop":{"background-color":"var(--ast-global-color-4)","background-image":"","background-repeat":"repeat","background-position":"center center","background-size":"auto","background-attachment":"scroll","background-type":"","background-media":"","overlay-type":"","overlay-color":"","overlay-opacity":"","overlay-gradient":""},"tablet":{"background-color":"","background-image":"","background-repeat":"repeat","background-position":"center center","background-size":"auto","background-attachment":"scroll","background-type":"","background-media":"","overlay-type":"","overlay-color":"","overlay-opacity":"","overlay-gradient":""},"mobile":{"background-color":"","background-image":"","background-repeat":"repeat","background-position":"center center","background-size":"auto","background-attachment":"scroll","background-type":"","background-media":"","overlay-type":"","overlay-color":"","overlay-opacity":"","overlay-gradient":""}},"ast-content-background-meta":{"desktop":{"background-color":"var(--ast-global-color-5)","background-image":"","background-repeat":"repeat","background-position":"center center","background-size":"auto","background-attachment":"scroll","background-type":"","background-media":"","overlay-type":"","overlay-color":"","overlay-opacity":"","overlay-gradient":""},"tablet":{"background-color":"var(--ast-global-color-5)","background-image":"","background-repeat":"repeat","background-position":"center center","background-size":"auto","background-attachment":"scroll","background-type":"","background-media":"","overlay-type":"","overlay-color":"","overlay-opacity":"","overlay-gradient":""},"mobile":{"background-color":"var(--ast-global-color-5)","background-image":"","background-repeat":"repeat","background-position":"center center","background-size":"auto","background-attachment":"scroll","background-type":"","background-media":"","overlay-type":"","overlay-color":"","overlay-opacity":"","overlay-gradient":""}},"footnotes":""},"categories":[16],"tags":[],"class_list":["post-708","post","type-post","status-publish","format-standard","has-post-thumbnail","hentry","category-archives-cms"],"_links":{"self":[{"href":"https:\/\/lavoiedessansvoix.fr\/lavoie\/wp-json\/wp\/v2\/posts\/708","targetHints":{"allow":["GET"]}}],"collection":[{"href":"https:\/\/lavoiedessansvoix.fr\/lavoie\/wp-json\/wp\/v2\/posts"}],"about":[{"href":"https:\/\/lavoiedessansvoix.fr\/lavoie\/wp-json\/wp\/v2\/types\/post"}],"author":[{"embeddable":true,"href":"https:\/\/lavoiedessansvoix.fr\/lavoie\/wp-json\/wp\/v2\/users\/1"}],"replies":[{"embeddable":true,"href":"https:\/\/lavoiedessansvoix.fr\/lavoie\/wp-json\/wp\/v2\/comments?post=708"}],"version-history":[{"count":1,"href":"https:\/\/lavoiedessansvoix.fr\/lavoie\/wp-json\/wp\/v2\/posts\/708\/revisions"}],"predecessor-version":[{"id":3435,"href":"https:\/\/lavoiedessansvoix.fr\/lavoie\/wp-json\/wp\/v2\/posts\/708\/revisions\/3435"}],"wp:featuredmedia":[{"embeddable":true,"href":"https:\/\/lavoiedessansvoix.fr\/lavoie\/wp-json\/wp\/v2\/media\/4293"}],"wp:attachment":[{"href":"https:\/\/lavoiedessansvoix.fr\/lavoie\/wp-json\/wp\/v2\/media?parent=708"}],"wp:term":[{"taxonomy":"category","embeddable":true,"href":"https:\/\/lavoiedessansvoix.fr\/lavoie\/wp-json\/wp\/v2\/categories?post=708"},{"taxonomy":"post_tag","embeddable":true,"href":"https:\/\/lavoiedessansvoix.fr\/lavoie\/wp-json\/wp\/v2\/tags?post=708"}],"curies":[{"name":"wp","href":"https:\/\/api.w.org\/{rel}","templated":true}]}}