{"id":707,"date":"2019-01-27T05:49:00","date_gmt":"2019-01-27T04:49:00","guid":{"rendered":"https:\/\/lavoiedessansvoix.fr\/lavoie\/2019\/01\/27\/archive-les-casseurs-sont-identifies\/"},"modified":"2026-04-26T21:12:33","modified_gmt":"2026-04-26T19:12:33","slug":"archive-les-casseurs-sont-identifies","status":"publish","type":"post","link":"https:\/\/lavoiedessansvoix.fr\/lavoie\/2019\/01\/27\/archive-les-casseurs-sont-identifies\/","title":{"rendered":"LES CASSEURS SONT IDENTIFIES"},"content":{"rendered":"<p>LES CASSEURS SONT IDENTIFIESCeux des Fran\u00e7ais qui ne se laissent pas abuser par la propagande  tendancieuse des m\u00e9dias, l\u2019avaient compris d\u00e8s le premier acte des manifestations de \u00ab Gilets-Jaunes \u00bb. \u00ab Les casseurs \u00bb r\u00e9els, instrumentalis\u00e9s, ou invent\u00e9s, par quoi le gouvernement  justifie le d\u00e9chainement de sa propre violence polici\u00e8re, ne sont en v\u00e9rit\u00e9 qu\u2019un pr\u00e9texte mal ficel\u00e9. L\u2019objectif est de venir \u00e0 bout, par la brutalit\u00e9 d\u00e9lib\u00e9r\u00e9 de l\u2019\u00c9tat, de la mobilisation des \u00ab Gilets-Jaunes \u00bb.  D\u2019autres ont donn\u00e9 foi aux d\u00e9clarations minist\u00e9rielles et aux mensonges de la presse s\u2019effor\u00e7ant de rendre, directement ou indirectement, les manifestations de \u00ab Gilets-Jaunes \u00bb responsables, pour les discr\u00e9diter et justifier toujours plus les d\u00e9bordements de violences polici\u00e8res et les mutilations inflig\u00e9es aux manifestants. Il n\u2019est pas toujours facile de voir clair et nous ne leur en tenons pas rigueur. Ce n\u2019est pas un crime d\u2019\u00eatre abus\u00e9. Mais \u00e7a le serait de persister dans le d\u00e9ni et dans l\u2019aveuglement. Nous invitons instamment ceux-l\u00e0 de nos concitoyens, attach\u00e9s nous en sommes persuad\u00e9s, \u00e0 la d\u00e9fense de la d\u00e9mocratie et des libert\u00e9s r\u00e9publicaines, \u00e0 ouvrir grands les yeux, \u00e0 cesser de prendre pour argent comptant la propagande naus\u00e9abonde des sauvages pr\u00eats pour d\u00e9fendre leurs positions sociales et privil\u00e8ges \u00e0 crever autant d\u2019yeux que n\u00e9cessaire, \u00e0  arracher des mains \u00e0 leurs concitoyens, \u00e0 mutiler des femmes et des hommes libres.   Ce qui vient de se produire ce 26 janvier, 11\u00e8me samedi de la mobilisation populaire, cl\u00f4t en effet le d\u00e9bat et doit appeler au soul\u00e8vement des consciences contre les brutalit\u00e9s polici\u00e8res d\u00e9lib\u00e9r\u00e9ment commandit\u00e9s.   On a vu, vous avez-vu comme moi. Les images sont claires et ne pr\u00eatent \u00e0 aucune autre interpr\u00e9tation : un homme marchant tranquillement devant un cordon de policiers arm\u00e9s, et ceux-ci qui le ciblent froidement et le touchent \u00e0 l\u2019\u0153il droit d\u2019une balle LBD. Nul ne peut dire dans ces circonstances que le tir est accidentel. Il s\u2019agit sans conteste possible d\u2019un tir volontaire \u00e0 la face. L\u2019homme atteint hier est une des figures connues du mouvement des Gilets-Jaunes \u00bb, il s\u2019appelle J\u00e9r\u00f4me Rodriguez, il ne repr\u00e9sentait aucune menace pour les forces de l\u2019ordre. Son \u0153il est perdu. Il s\u2019agit du 18\u00e8me \u0153il au moins que des policiers de chez-nous arrachent \u00e0 des citoyens fran\u00e7ais. Comment douter que des consignes venant de haut ont de toutes \u00e9vidences \u00e9tait donn\u00e9es aux policiers pour crever les yeux des fran\u00e7ais qui manifestent.   Plus personne ne peut donner le moindre cr\u00e9dit aux d\u00e9clarations d\u00e9biles d\u2019un \u00abCastaner \u00bb selon lesquelles les violences de ce jour seraient le fait \u00ab de casseurs camoufl\u00e9s en \u00ab gilets-Jaunes \u00bb. Les faits, les images sont parlantes. Les forces de l\u2019ordre cette fois ne se sont pas limit\u00e9es \u00e0 attaquer les manifestants \u00e0 la marge. Elles ont fait \u00ab du rentre dedans pur et simple \u00bb car elles avaient re\u00e7u l\u2019ordre express, de ne pas laisser investir la place de la R\u00e9publique.  D\u00e8s-lors, seuls des sbires \u00e0 la solde et de fieff\u00e9s menteurs peuvent pr\u00e9tendre encore que l\u2019action des forces de l\u2019ordre n\u2019est qu\u2019une r\u00e9ponse aux exactions de \u00ab casseurs \u00bb. Leurs actions brutales sont des actions d\u00e9lib\u00e9r\u00e9es pour \u00ab casser du Gilet-Jaune \u00bb et faire croitre la violence.   Les casseurs, s\u2019ils existent ne sont en vrais que des auxiliaires de police des forces suppl\u00e9tives du pouvoir, des barbouzes, et les forces de l\u2019ordre elles-m\u00eames. Et les chefs et commanditaires de ces casseurs-l\u00e0 ne sont autre que son Premier Ministre et son Ministre de l\u2019int\u00e9rieur et leur Pr\u00e9sident fou, qui non content de r\u00e9primer sans m\u00e9nagement la contestation en France, s\u2019ing\u00e9nie \u00e0 appeler au coup d\u2019\u00c9tat, \u00e0 la guerre civile et au meurtre contre le peuple du Venezuela, contre les gens modestes de l\u00e0-bas qui ont eu le tort de faire une r\u00e9volution des pauvres et d\u2019exiger leur part de la richesse nationale. Ce sont ces trois-l\u00e0 qui donnent les ordres et tirent les ficelles  Macron ne voulait pas que la place de la R\u00e9publique soit investie par \u00ab La nuit jaune \u00bb. Il avait peur d\u2019un spectre, celui des mal-nomm\u00e9s \u00ab Printemps arabes \u00bb, de la place de la Kasbah de Tunis et de la place Tahrir du Caire. Il entendait d\u00e9j\u00e0 la clameur de la foule \u00ab Macron d\u00e9gage ! \u00bb  Il ne perd rien pour attendre. Ce n\u2019est que partie remise. La grande \u00ab Nuit Jaune \u00bb arrive. Si lui, satisfait d\u2019avoir fait disperser les manifestants de la place de la R\u00e9publique hier soir, croit ne pas l\u2019entendre encore, je l\u2019entends moi, vous l\u2019entendez-vous-tous, amis, citoyens et camarades. Elle gonfle vos poitrines exc\u00e9d\u00e9es, elle emplit vos c\u0153urs humili\u00e9s, elle va bient\u00f4t monter du ch\u0153ur puissant \u00ab du pays qu\u2019ils enchainent \u00bb :\u00ab MACRON D\u00c9GAGE \u00bb ! \u00ab TYRANS DESCENDEZ AU CERCUEIL \u00bb   Patrick Seignon. \u00ab lavoiedessansvoix.fr \u00bb. Dimanche 27 janvier 2019.<\/p>\n","protected":false},"excerpt":{"rendered":"<p>LES CASSEURS SONT IDENTIFIESCeux des Fran\u00e7ais qui ne se laissent pas abuser par la propagande tendancieuse des m\u00e9dias, l\u2019avaient compris [&hellip;]<\/p>\n","protected":false},"author":1,"featured_media":4292,"comment_status":"open","ping_status":"open","sticky":false,"template":"","format":"standard","meta":{"sfsi_plus_gutenberg_text_before_share":"","sfsi_plus_gutenberg_show_text_before_share":"","sfsi_plus_gutenberg_icon_type":"","sfsi_plus_gutenberg_icon_alignemt":"","sfsi_plus_gutenburg_max_per_row":"","site-sidebar-layout":"default","site-content-layout":"","ast-site-content-layout":"default","site-content-style":"default","site-sidebar-style":"default","ast-global-header-display":"","ast-banner-title-visibility":"","ast-main-header-display":"","ast-hfb-above-header-display":"","ast-hfb-below-header-display":"","ast-hfb-mobile-header-display":"","site-post-title":"","ast-breadcrumbs-content":"","ast-featured-img":"","footer-sml-layout":"","ast-disable-related-posts":"","theme-transparent-header-meta":"","adv-header-id-meta":"","stick-header-meta":"","header-above-stick-meta":"","header-main-stick-meta":"","header-below-stick-meta":"","astra-migrate-meta-layouts":"default","ast-page-background-enabled":"default","ast-page-background-meta":{"desktop":{"background-color":"var(--ast-global-color-4)","background-image":"","background-repeat":"repeat","background-position":"center center","background-size":"auto","background-attachment":"scroll","background-type":"","background-media":"","overlay-type":"","overlay-color":"","overlay-opacity":"","overlay-gradient":""},"tablet":{"background-color":"","background-image":"","background-repeat":"repeat","background-position":"center center","background-size":"auto","background-attachment":"scroll","background-type":"","background-media":"","overlay-type":"","overlay-color":"","overlay-opacity":"","overlay-gradient":""},"mobile":{"background-color":"","background-image":"","background-repeat":"repeat","background-position":"center center","background-size":"auto","background-attachment":"scroll","background-type":"","background-media":"","overlay-type":"","overlay-color":"","overlay-opacity":"","overlay-gradient":""}},"ast-content-background-meta":{"desktop":{"background-color":"var(--ast-global-color-5)","background-image":"","background-repeat":"repeat","background-position":"center center","background-size":"auto","background-attachment":"scroll","background-type":"","background-media":"","overlay-type":"","overlay-color":"","overlay-opacity":"","overlay-gradient":""},"tablet":{"background-color":"var(--ast-global-color-5)","background-image":"","background-repeat":"repeat","background-position":"center center","background-size":"auto","background-attachment":"scroll","background-type":"","background-media":"","overlay-type":"","overlay-color":"","overlay-opacity":"","overlay-gradient":""},"mobile":{"background-color":"var(--ast-global-color-5)","background-image":"","background-repeat":"repeat","background-position":"center center","background-size":"auto","background-attachment":"scroll","background-type":"","background-media":"","overlay-type":"","overlay-color":"","overlay-opacity":"","overlay-gradient":""}},"footnotes":""},"categories":[16],"tags":[],"class_list":["post-707","post","type-post","status-publish","format-standard","has-post-thumbnail","hentry","category-archives-cms"],"_links":{"self":[{"href":"https:\/\/lavoiedessansvoix.fr\/lavoie\/wp-json\/wp\/v2\/posts\/707","targetHints":{"allow":["GET"]}}],"collection":[{"href":"https:\/\/lavoiedessansvoix.fr\/lavoie\/wp-json\/wp\/v2\/posts"}],"about":[{"href":"https:\/\/lavoiedessansvoix.fr\/lavoie\/wp-json\/wp\/v2\/types\/post"}],"author":[{"embeddable":true,"href":"https:\/\/lavoiedessansvoix.fr\/lavoie\/wp-json\/wp\/v2\/users\/1"}],"replies":[{"embeddable":true,"href":"https:\/\/lavoiedessansvoix.fr\/lavoie\/wp-json\/wp\/v2\/comments?post=707"}],"version-history":[{"count":1,"href":"https:\/\/lavoiedessansvoix.fr\/lavoie\/wp-json\/wp\/v2\/posts\/707\/revisions"}],"predecessor-version":[{"id":3433,"href":"https:\/\/lavoiedessansvoix.fr\/lavoie\/wp-json\/wp\/v2\/posts\/707\/revisions\/3433"}],"wp:featuredmedia":[{"embeddable":true,"href":"https:\/\/lavoiedessansvoix.fr\/lavoie\/wp-json\/wp\/v2\/media\/4292"}],"wp:attachment":[{"href":"https:\/\/lavoiedessansvoix.fr\/lavoie\/wp-json\/wp\/v2\/media?parent=707"}],"wp:term":[{"taxonomy":"category","embeddable":true,"href":"https:\/\/lavoiedessansvoix.fr\/lavoie\/wp-json\/wp\/v2\/categories?post=707"},{"taxonomy":"post_tag","embeddable":true,"href":"https:\/\/lavoiedessansvoix.fr\/lavoie\/wp-json\/wp\/v2\/tags?post=707"}],"curies":[{"name":"wp","href":"https:\/\/api.w.org\/{rel}","templated":true}]}}