{"id":706,"date":"2019-01-29T06:23:00","date_gmt":"2019-01-29T05:23:00","guid":{"rendered":"https:\/\/lavoiedessansvoix.fr\/lavoie\/2019\/01\/29\/archive-quot-quot-gilets-jaunes-quot-appel-de-commercy-la-bonne-voie\/"},"modified":"2026-04-26T21:12:24","modified_gmt":"2026-04-26T19:12:24","slug":"archive-quot-quot-gilets-jaunes-quot-appel-de-commercy-la-bonne-voie","status":"publish","type":"post","link":"https:\/\/lavoiedessansvoix.fr\/lavoie\/2019\/01\/29\/archive-quot-quot-gilets-jaunes-quot-appel-de-commercy-la-bonne-voie\/","title":{"rendered":"&quot;&quot;GILETS-JAUNES&quot;: APPEL DE COMMERCY. LA BONNE VOIE"},"content":{"rendered":"<p>\u00ab\u00a0GILETS-JAUNES\u00a0\u00bb: APPEL DE COMMERCY. LA BONNE VOIEAPPEL DE LA PREMI\u00c8RE \u00ab ASSEMBL\u00c9E DES ASSEMBL\u00c9ES \u00bb DESGILETS JAUNES  Nous, Gilets Jaunes des ronds-points, des parkings, des places, des assembl\u00e9es, des manifs, nous sommes r\u00e9unis ces 26 et 27 janvier 2019 en \u00ab Assembl\u00e9e des assembl\u00e9es \u00bb, r\u00e9unissant une centaine de d\u00e9l\u00e9gations, r\u00e9pondant \u00e0 l\u2019appel des Gilets Jaunes de Commercy.  Depuis le 17 novembre, du plus petit village, du monde rural \u00e0 la plus grande ville, nous nous sommes soulev\u00e9s contre cette soci\u00e9t\u00e9 profond\u00e9ment violente, injuste et insupportable. Nous ne nous laisserons plus faire ! Nous nous r\u00e9voltons contre la vie ch\u00e8re, la pr\u00e9carit\u00e9 et la mis\u00e8re. Nous voulons, pour nos proches, nos familles et nos enfants, vivre dans la dignit\u00e9. 26 milliardaires poss\u00e8dent autant que la moiti\u00e9 de l\u2019humanit\u00e9, c\u2019est inacceptable. Partageons la richesse et pas la mis\u00e8re ! Finissons-en avec les in\u00e9galit\u00e9s sociales ! Nous exigeons l\u2019augmentation imm\u00e9diate des salaires, des minimas sociaux, des allocations et des pensions, le droit inconditionnel au logement et \u00e0 la sant\u00e9, \u00e0 l\u2019\u00e9ducation, des services publics gratuits et pour tous.  C\u2019est pour tous ces droits que nous occupons quotidiennement des ronds-points, que nous organisons des actions, des manifestations et que nous d\u00e9battons partout. Avec nos gilets jaunes, nous reprenons la parole, nous qui ne l\u2019avons jamaisEt quelle est la r\u00e9ponse du gouvernement ? La r\u00e9pression, le m\u00e9pris, le d\u00e9nigrement. Des morts et des milliers de bless\u00e9s, l\u2019utilisation massive d\u2019armes par tirs tendus qui mutilent, \u00e9borgnent, blessent et traumatisent. Plus de 1.000 personnes ont \u00e9t\u00e9 arbitrairement condamn\u00e9es et emprisonn\u00e9es. Et maintenant la nouvelle loi dite \u00ab anti-casseur \u00bb vise tout simplement \u00e0 nous emp\u00eacher de manifester. Nous condamnons toutes les violences contre les manifestants qu\u2019elles viennent des forces de l\u2019ordre ou des groupuscules violents. Rien de tout cela ne nous arr\u00eatera ! Manifester est un droit fondamental. Fin de l\u2019impunit\u00e9 pour les forces de l\u2019ordre ! Amnistie pour toutes les victimes de la r\u00e9pression !  Et quelle entourloupe que ce grand d\u00e9bat national qui est en fait une campagne de communication du gouvernement, qui instrumentalise nos volont\u00e9s de d\u00e9battre et d\u00e9cider ! La vraie d\u00e9mocratie, nous la pratiquons dans nos assembl\u00e9es, sur nos ronds-points, elle n\u2019est ni sur les plateaux t\u00e9l\u00e9 ni dans les pseudos tables rondes organis\u00e9es par Macron.  Apr\u00e8s nous avoir insult\u00e9s et trait\u00e9s de moins que rien, voil\u00e0 maintenant qu\u2019il nous pr\u00e9sente comme une foule haineuse fascisante et x\u00e9nophobe. Mais nous, nous sommes tout le contraire : ni racistes, ni sexistes, ni homophobes, nous sommes fiers d\u2019\u00eatre ensemble avec nos diff\u00e9rences pour construire une soci\u00e9t\u00e9 solidaire.  Nous sommes forts de la diversit\u00e9 de nos discussions, en ce moment m\u00eame des centaines d\u2019assembl\u00e9es \u00e9laborent et proposent leurs propres revendications. Elles touchent \u00e0 la d\u00e9mocratie r\u00e9elle, \u00e0 la justice sociale et \ufb01scale, aux conditions de travail, \u00e0 la justice \u00e9cologique et climatique, \u00e0 la \ufb01n des discriminations. Parmi les revendications et propositions strat\u00e9giques les plus d\u00e9battues, nous trouvons : l\u2019\u00e9radication de la mis\u00e8re sous toutes ses formes, la transformation des institutions (RIC, constituante, \ufb01n des privil\u00e8ges des \u00e9lus\u2026), la transition \u00e9cologique (pr\u00e9carit\u00e9 \u00e9nerg\u00e9tique, pollutions industrielles\u2026), l\u2019\u00e9galit\u00e9 et la prise en compte de toutes et tous quelle que soit sa nationalit\u00e9 (personnes en situation de handicap, \u00e9galit\u00e9 hommes-femmes, \ufb01n de l\u2019abandon des quartiers populaires, du monde rural et des outres-mers\u2026).  Nous, Gilets Jaunes, invitons chacun avec ses moyens, \u00e0 sa mesure, \u00e0 nous rejoindre. Nous appelons \u00e0 poursuivre les actes (acte 12 contre les violences polici\u00e8res devant les commissariats, actes 13, 14\u2026), \u00e0 continuer les occupations des ronds-points et le blocage de l\u2019\u00e9conomie, \u00e0 construire une gr\u00e8ve massive et reconductible \u00e0 partir du 5 f\u00e9vrier. Nous appelons \u00e0 former des comit\u00e9s sur les lieux de travail, d\u2019\u00e9tudes et partout ailleurs pour que cette gr\u00e8ve puisse \u00eatre construite \u00e0 la base par les gr\u00e9vistes eux-m\u00eames. Prenons nos affaires en main ! Ne restez pas seuls, rejoignez-nous !  Organisons-nous de fa\u00e7on d\u00e9mocratique, autonome et ind\u00e9pendante ! Cette assembl\u00e9e des assembl\u00e9es est une \u00e9tape importante qui nous permet de discuter de nos revendications et de nos moyens d\u2019actions. F\u00e9d\u00e9rons-nous pour transformer la soci\u00e9t\u00e9 !  Nous proposons \u00e0 l\u2019ensemble des Gilets Jaunes de faire circuler cet appel. Si, enSi, en tant que groupe gilets jaunes, il vous convient, envoyez votre signature \u00e0 Commercy (assembleedesassemblees@gmail.com). N\u2019h\u00e9sitez pas \u00e0 discuter et formuler des propositions pour les prochaines \u00ab Assembl\u00e9es des assembl\u00e9es \u00bb, que nous pr\u00e9parons d\u2019ores et d\u00e9j\u00e0.  Macron D\u00e9mission !\u2028 Vive le pouvoir au peuple, pour le peuple et par le peuple.  Appel propos\u00e9 par l\u2019Assembl\u00e9e des Assembl\u00e9es de Commercy.  Il sera ensuite propos\u00e9 pour adoption dans chacune des assembl\u00e9es locales<\/p>\n","protected":false},"excerpt":{"rendered":"<p>\u00ab\u00a0GILETS-JAUNES\u00a0\u00bb: APPEL DE COMMERCY. LA BONNE VOIEAPPEL DE LA PREMI\u00c8RE \u00ab ASSEMBL\u00c9E DES ASSEMBL\u00c9ES \u00bb DESGILETS JAUNES Nous, Gilets Jaunes [&hellip;]<\/p>\n","protected":false},"author":1,"featured_media":4290,"comment_status":"open","ping_status":"open","sticky":false,"template":"","format":"standard","meta":{"sfsi_plus_gutenberg_text_before_share":"","sfsi_plus_gutenberg_show_text_before_share":"","sfsi_plus_gutenberg_icon_type":"","sfsi_plus_gutenberg_icon_alignemt":"","sfsi_plus_gutenburg_max_per_row":"","site-sidebar-layout":"default","site-content-layout":"","ast-site-content-layout":"default","site-content-style":"default","site-sidebar-style":"default","ast-global-header-display":"","ast-banner-title-visibility":"","ast-main-header-display":"","ast-hfb-above-header-display":"","ast-hfb-below-header-display":"","ast-hfb-mobile-header-display":"","site-post-title":"","ast-breadcrumbs-content":"","ast-featured-img":"","footer-sml-layout":"","ast-disable-related-posts":"","theme-transparent-header-meta":"","adv-header-id-meta":"","stick-header-meta":"","header-above-stick-meta":"","header-main-stick-meta":"","header-below-stick-meta":"","astra-migrate-meta-layouts":"default","ast-page-background-enabled":"default","ast-page-background-meta":{"desktop":{"background-color":"var(--ast-global-color-4)","background-image":"","background-repeat":"repeat","background-position":"center center","background-size":"auto","background-attachment":"scroll","background-type":"","background-media":"","overlay-type":"","overlay-color":"","overlay-opacity":"","overlay-gradient":""},"tablet":{"background-color":"","background-image":"","background-repeat":"repeat","background-position":"center center","background-size":"auto","background-attachment":"scroll","background-type":"","background-media":"","overlay-type":"","overlay-color":"","overlay-opacity":"","overlay-gradient":""},"mobile":{"background-color":"","background-image":"","background-repeat":"repeat","background-position":"center center","background-size":"auto","background-attachment":"scroll","background-type":"","background-media":"","overlay-type":"","overlay-color":"","overlay-opacity":"","overlay-gradient":""}},"ast-content-background-meta":{"desktop":{"background-color":"var(--ast-global-color-5)","background-image":"","background-repeat":"repeat","background-position":"center center","background-size":"auto","background-attachment":"scroll","background-type":"","background-media":"","overlay-type":"","overlay-color":"","overlay-opacity":"","overlay-gradient":""},"tablet":{"background-color":"var(--ast-global-color-5)","background-image":"","background-repeat":"repeat","background-position":"center center","background-size":"auto","background-attachment":"scroll","background-type":"","background-media":"","overlay-type":"","overlay-color":"","overlay-opacity":"","overlay-gradient":""},"mobile":{"background-color":"var(--ast-global-color-5)","background-image":"","background-repeat":"repeat","background-position":"center center","background-size":"auto","background-attachment":"scroll","background-type":"","background-media":"","overlay-type":"","overlay-color":"","overlay-opacity":"","overlay-gradient":""}},"footnotes":""},"categories":[16],"tags":[],"class_list":["post-706","post","type-post","status-publish","format-standard","has-post-thumbnail","hentry","category-archives-cms"],"_links":{"self":[{"href":"https:\/\/lavoiedessansvoix.fr\/lavoie\/wp-json\/wp\/v2\/posts\/706","targetHints":{"allow":["GET"]}}],"collection":[{"href":"https:\/\/lavoiedessansvoix.fr\/lavoie\/wp-json\/wp\/v2\/posts"}],"about":[{"href":"https:\/\/lavoiedessansvoix.fr\/lavoie\/wp-json\/wp\/v2\/types\/post"}],"author":[{"embeddable":true,"href":"https:\/\/lavoiedessansvoix.fr\/lavoie\/wp-json\/wp\/v2\/users\/1"}],"replies":[{"embeddable":true,"href":"https:\/\/lavoiedessansvoix.fr\/lavoie\/wp-json\/wp\/v2\/comments?post=706"}],"version-history":[{"count":2,"href":"https:\/\/lavoiedessansvoix.fr\/lavoie\/wp-json\/wp\/v2\/posts\/706\/revisions"}],"predecessor-version":[{"id":4291,"href":"https:\/\/lavoiedessansvoix.fr\/lavoie\/wp-json\/wp\/v2\/posts\/706\/revisions\/4291"}],"wp:featuredmedia":[{"embeddable":true,"href":"https:\/\/lavoiedessansvoix.fr\/lavoie\/wp-json\/wp\/v2\/media\/4290"}],"wp:attachment":[{"href":"https:\/\/lavoiedessansvoix.fr\/lavoie\/wp-json\/wp\/v2\/media?parent=706"}],"wp:term":[{"taxonomy":"category","embeddable":true,"href":"https:\/\/lavoiedessansvoix.fr\/lavoie\/wp-json\/wp\/v2\/categories?post=706"},{"taxonomy":"post_tag","embeddable":true,"href":"https:\/\/lavoiedessansvoix.fr\/lavoie\/wp-json\/wp\/v2\/tags?post=706"}],"curies":[{"name":"wp","href":"https:\/\/api.w.org\/{rel}","templated":true}]}}