{"id":703,"date":"2019-02-03T03:16:00","date_gmt":"2019-02-03T02:16:00","guid":{"rendered":"https:\/\/lavoiedessansvoix.fr\/lavoie\/2019\/02\/03\/archive-les-deux-z-yeux-de-la-france\/"},"modified":"2026-04-26T21:11:58","modified_gmt":"2026-04-26T19:11:58","slug":"archive-les-deux-z-yeux-de-la-france","status":"publish","type":"post","link":"https:\/\/lavoiedessansvoix.fr\/lavoie\/2019\/02\/03\/archive-les-deux-z-yeux-de-la-france\/","title":{"rendered":"LES DEUX \u00ab Z\u2019YEUX \u00bb DE LA FRANCE"},"content":{"rendered":"<p>LES DEUX \u00ab Z\u2019YEUX \u00bb DE LA FRANCE   Je sais que nous Fran\u00e7ais avons quelque fois honte de notre terrible pass\u00e9 colonial, et cherchons \u00e0 diluer l\u2019horreur jusque dans la n\u00e9gation de l\u2019\u00e9tymologie des mots. Ainsi les populations autochtones de \u00ab nos \u00bb territoires d\u2019outre-mer nous d\u00e9nommeraient-elles les \u00ab z\u2019oreilles \u00bb parce que les m\u00e9tropolitains blancs tendaient \u00ab la zoreille \u00bb pour mieux ou\u00efr le parler cr\u00e9ole, ou tout autre baliverne. La v\u00e9rit\u00e9, aussi dure \u00e0 entendre soit-elle est que les populations cr\u00e9oles nous ont appel\u00e9 les Z\u2019oreilles \u00bb parce que c\u2019\u00e9taient une pratiques courantes de couper les oreilles des esclaves marrons ou r\u00e9volt\u00e9s.  Sous la direction d\u2019Emmanuel Macron et de Christophe Castaner vient d\u2019\u00eatre instaur\u00e9e une nouvelle pratique de mutilation qui n\u2019a rien \u00e0 envier \u00e0 l\u2019horreur des temps coloniaux. Il s\u2019agit \u00e0 pr\u00e9sent de crever au moins un \u0153il \u00e0 ces esclaves d\u2019aujourd\u2019hui que sont \u00ab les Fran\u00e7ais d\u2019en bas \u00bb, qui osent pr\u00f4ner la r\u00e9volte et contester le pouvoir en place. C\u2019est une politique d\u00e9lib\u00e9r\u00e9e et un jeu pervers auquel s\u2019amusent certains \u00e9l\u00e9ments des forces de l\u2019ordre sous les directives des plus hautes autorit\u00e9s de l\u2019\u00c9tat.  Nul doute que dans une salle d\u2019\u00e9coutes du minist\u00e8re de l\u2019int\u00e9rieur quelques hauts fonctionnaires et le ministre s\u2019esbaudissent au spectacle du dernier \u0153il crev\u00e9. Encore un disent-ils probablement qui ne passera plus inaper\u00e7u de nos services.   Et dans une cinquantaine d\u2019ann\u00e9es, quand les g\u00e9n\u00e9rations nouvelles interrogeront, pourquoi leurs grands-parents appelaient-ils les gouvernants et la \u00ab classe politique \u00bb \u00ab les zyeux \u00bb certains dictionnaires menteurs \u00e9mettrons maintes hypoth\u00e8ses bizarres, du genre : \u00ab parce qu\u2019ils avaient de beaux yeux \u00bb ou \u00ab parce qu\u2019ils avaient le peuple \u00e0 l\u2019\u0153il \u00bb.   Mais les plus avis\u00e9s se souviendront qu\u2019on les avait appel\u00e9 les \u00ab zyeux \u00bb parce qu\u2019ils s\u2019autorisaient, pour satisfaire leur pulsions violentes et leur grande perversit\u00e9, \u00e0 faire crever les yeux des manifestants.  La France a d\u00e9j\u00e0 deux \u00ab zyeux \u00bb,(pour l\u2019\u00e9tat civil : Emmanuel Macron et Christophe Castaner).   Patrick Seignon. \u00ab lavoiedessansvoix.fr \u00bb. Dimanche 3 f\u00e9vrier 2019.<\/p>\n","protected":false},"excerpt":{"rendered":"<p>LES DEUX \u00ab Z\u2019YEUX \u00bb DE LA FRANCE Je sais que nous Fran\u00e7ais avons quelque fois honte de notre terrible [&hellip;]<\/p>\n","protected":false},"author":1,"featured_media":4286,"comment_status":"open","ping_status":"open","sticky":false,"template":"","format":"standard","meta":{"sfsi_plus_gutenberg_text_before_share":"","sfsi_plus_gutenberg_show_text_before_share":"","sfsi_plus_gutenberg_icon_type":"","sfsi_plus_gutenberg_icon_alignemt":"","sfsi_plus_gutenburg_max_per_row":"","site-sidebar-layout":"default","site-content-layout":"","ast-site-content-layout":"default","site-content-style":"default","site-sidebar-style":"default","ast-global-header-display":"","ast-banner-title-visibility":"","ast-main-header-display":"","ast-hfb-above-header-display":"","ast-hfb-below-header-display":"","ast-hfb-mobile-header-display":"","site-post-title":"","ast-breadcrumbs-content":"","ast-featured-img":"","footer-sml-layout":"","ast-disable-related-posts":"","theme-transparent-header-meta":"","adv-header-id-meta":"","stick-header-meta":"","header-above-stick-meta":"","header-main-stick-meta":"","header-below-stick-meta":"","astra-migrate-meta-layouts":"default","ast-page-background-enabled":"default","ast-page-background-meta":{"desktop":{"background-color":"var(--ast-global-color-4)","background-image":"","background-repeat":"repeat","background-position":"center center","background-size":"auto","background-attachment":"scroll","background-type":"","background-media":"","overlay-type":"","overlay-color":"","overlay-opacity":"","overlay-gradient":""},"tablet":{"background-color":"","background-image":"","background-repeat":"repeat","background-position":"center center","background-size":"auto","background-attachment":"scroll","background-type":"","background-media":"","overlay-type":"","overlay-color":"","overlay-opacity":"","overlay-gradient":""},"mobile":{"background-color":"","background-image":"","background-repeat":"repeat","background-position":"center center","background-size":"auto","background-attachment":"scroll","background-type":"","background-media":"","overlay-type":"","overlay-color":"","overlay-opacity":"","overlay-gradient":""}},"ast-content-background-meta":{"desktop":{"background-color":"var(--ast-global-color-5)","background-image":"","background-repeat":"repeat","background-position":"center center","background-size":"auto","background-attachment":"scroll","background-type":"","background-media":"","overlay-type":"","overlay-color":"","overlay-opacity":"","overlay-gradient":""},"tablet":{"background-color":"var(--ast-global-color-5)","background-image":"","background-repeat":"repeat","background-position":"center center","background-size":"auto","background-attachment":"scroll","background-type":"","background-media":"","overlay-type":"","overlay-color":"","overlay-opacity":"","overlay-gradient":""},"mobile":{"background-color":"var(--ast-global-color-5)","background-image":"","background-repeat":"repeat","background-position":"center center","background-size":"auto","background-attachment":"scroll","background-type":"","background-media":"","overlay-type":"","overlay-color":"","overlay-opacity":"","overlay-gradient":""}},"footnotes":""},"categories":[16],"tags":[],"class_list":["post-703","post","type-post","status-publish","format-standard","has-post-thumbnail","hentry","category-archives-cms"],"_links":{"self":[{"href":"https:\/\/lavoiedessansvoix.fr\/lavoie\/wp-json\/wp\/v2\/posts\/703","targetHints":{"allow":["GET"]}}],"collection":[{"href":"https:\/\/lavoiedessansvoix.fr\/lavoie\/wp-json\/wp\/v2\/posts"}],"about":[{"href":"https:\/\/lavoiedessansvoix.fr\/lavoie\/wp-json\/wp\/v2\/types\/post"}],"author":[{"embeddable":true,"href":"https:\/\/lavoiedessansvoix.fr\/lavoie\/wp-json\/wp\/v2\/users\/1"}],"replies":[{"embeddable":true,"href":"https:\/\/lavoiedessansvoix.fr\/lavoie\/wp-json\/wp\/v2\/comments?post=703"}],"version-history":[{"count":1,"href":"https:\/\/lavoiedessansvoix.fr\/lavoie\/wp-json\/wp\/v2\/posts\/703\/revisions"}],"predecessor-version":[{"id":3425,"href":"https:\/\/lavoiedessansvoix.fr\/lavoie\/wp-json\/wp\/v2\/posts\/703\/revisions\/3425"}],"wp:featuredmedia":[{"embeddable":true,"href":"https:\/\/lavoiedessansvoix.fr\/lavoie\/wp-json\/wp\/v2\/media\/4286"}],"wp:attachment":[{"href":"https:\/\/lavoiedessansvoix.fr\/lavoie\/wp-json\/wp\/v2\/media?parent=703"}],"wp:term":[{"taxonomy":"category","embeddable":true,"href":"https:\/\/lavoiedessansvoix.fr\/lavoie\/wp-json\/wp\/v2\/categories?post=703"},{"taxonomy":"post_tag","embeddable":true,"href":"https:\/\/lavoiedessansvoix.fr\/lavoie\/wp-json\/wp\/v2\/tags?post=703"}],"curies":[{"name":"wp","href":"https:\/\/api.w.org\/{rel}","templated":true}]}}