{"id":701,"date":"2019-02-09T10:26:00","date_gmt":"2019-02-09T09:26:00","guid":{"rendered":"https:\/\/lavoiedessansvoix.fr\/lavoie\/2019\/02\/09\/archive-au-feu-les-pompiers\/"},"modified":"2026-04-26T21:11:41","modified_gmt":"2026-04-26T19:11:41","slug":"archive-au-feu-les-pompiers","status":"publish","type":"post","link":"https:\/\/lavoiedessansvoix.fr\/lavoie\/2019\/02\/09\/archive-au-feu-les-pompiers\/","title":{"rendered":"AU FEU LES POMPIERS !"},"content":{"rendered":"<p>AU FEU LES POMPIERS ! \u00c7a m\u2019\u00e9pate cet \u00e9lan de \u00ab solidarit\u00e9 d\u00e9mocratique \u00bb qui se manifeste pour condamner \u00ab unanimement \u00bb les actes d\u2019agressions ou de violences \u00e0 l\u2019\u00e9gard de personnalit\u00e9s de l\u2019\u00c9tat ou de certains \u00e9lus. Cela ne prouve-t-il pas que malgr\u00e9 les oripeaux autoritaires dont elle se pare de plus en plus notre \u00ab d\u00e9mocratie \u00bb reste bien vivace ? Eh oui, \u00e7a n\u2019est pas bien garnements de s\u2019attaquer aux plus hauts responsables de l\u2019\u00c9tat ou \u00e0 des \u00ab \u00e9lus \u00bb de la R\u00e9publique.  Le r\u00e9flexe d\u2019autod\u00e9fense \u00ab d\u00e9mocratique \u00bb de la \u00ab classe politique \u00bb est donc bien manifeste. Mais pas apparemment celui de la moralit\u00e9 publique ni de la d\u00e9fense des libert\u00e9s. Certains se signalent aujourd\u2019hui pour condamner la tentative d\u2019incendie d\u2019une r\u00e9sidence de Richard Ferrand, Pr\u00e9sident de l\u2019Assembl\u00e9e Nationale. Mais je n\u2019ai pas entendu les m\u00eames la semaine pass\u00e9e s\u2019indigner de l\u2019\u0153il d\u00e9lib\u00e9r\u00e9ment crev\u00e9 de Christophe Rodriguez. Je n\u2019ai pas entendu les m\u00eames s\u2019indigner des 18 yeux d\u00e9lib\u00e9r\u00e9ment crev\u00e9s \u00e0 18 libres citoyens Fran\u00e7ais et des multiples mutilations et blessures inflig\u00e9es \u00e0 quelques centaines d\u2019autres. Je n\u2019ai pas entendu les m\u00eames se dresser vent-debout contre les agressions liberticides du pouvoir qui sont-elles aussi des violences contre le peuple  Alors, bien s\u00fbr nous regrettons infiniment que les choses en arrivent l\u00e0 et condamnons cet acte de violence comme tous les autres Nous proposons m\u00eame un rem\u00e8de pour que cela cesse et que l\u2019on retourne \u00e0 la paix civile : Cessez les violences contre le peuple, interdisez les armes de police subl\u00e9tales, abrogez imm\u00e9diatement tout l\u2019arsenal de vos lois r\u00e9pressives, d\u00e9posez sans attendre le Pr\u00e9sident Macron responsable au premier chef de cette \u00e9pid\u00e9mie de violence.  Si vous ne prenez de telles mesures, vos indignations partisanes contre certaines violences seulement seront vaines et non avenues, et d\u2019autres faits, probablement plus graves, se produiront sans doute.  Patrick Seignon. \u00ab lavoiedessansvoix.fr \u00bb. Samedi 9 f\u00e9vrier 2019 ;<\/p>\n","protected":false},"excerpt":{"rendered":"<p>AU FEU LES POMPIERS ! \u00c7a m\u2019\u00e9pate cet \u00e9lan de \u00ab solidarit\u00e9 d\u00e9mocratique \u00bb qui se manifeste pour condamner \u00ab [&hellip;]<\/p>\n","protected":false},"author":1,"featured_media":4284,"comment_status":"open","ping_status":"open","sticky":false,"template":"","format":"standard","meta":{"sfsi_plus_gutenberg_text_before_share":"","sfsi_plus_gutenberg_show_text_before_share":"","sfsi_plus_gutenberg_icon_type":"","sfsi_plus_gutenberg_icon_alignemt":"","sfsi_plus_gutenburg_max_per_row":"","site-sidebar-layout":"default","site-content-layout":"","ast-site-content-layout":"default","site-content-style":"default","site-sidebar-style":"default","ast-global-header-display":"","ast-banner-title-visibility":"","ast-main-header-display":"","ast-hfb-above-header-display":"","ast-hfb-below-header-display":"","ast-hfb-mobile-header-display":"","site-post-title":"","ast-breadcrumbs-content":"","ast-featured-img":"","footer-sml-layout":"","ast-disable-related-posts":"","theme-transparent-header-meta":"","adv-header-id-meta":"","stick-header-meta":"","header-above-stick-meta":"","header-main-stick-meta":"","header-below-stick-meta":"","astra-migrate-meta-layouts":"default","ast-page-background-enabled":"default","ast-page-background-meta":{"desktop":{"background-color":"var(--ast-global-color-4)","background-image":"","background-repeat":"repeat","background-position":"center center","background-size":"auto","background-attachment":"scroll","background-type":"","background-media":"","overlay-type":"","overlay-color":"","overlay-opacity":"","overlay-gradient":""},"tablet":{"background-color":"","background-image":"","background-repeat":"repeat","background-position":"center center","background-size":"auto","background-attachment":"scroll","background-type":"","background-media":"","overlay-type":"","overlay-color":"","overlay-opacity":"","overlay-gradient":""},"mobile":{"background-color":"","background-image":"","background-repeat":"repeat","background-position":"center center","background-size":"auto","background-attachment":"scroll","background-type":"","background-media":"","overlay-type":"","overlay-color":"","overlay-opacity":"","overlay-gradient":""}},"ast-content-background-meta":{"desktop":{"background-color":"var(--ast-global-color-5)","background-image":"","background-repeat":"repeat","background-position":"center center","background-size":"auto","background-attachment":"scroll","background-type":"","background-media":"","overlay-type":"","overlay-color":"","overlay-opacity":"","overlay-gradient":""},"tablet":{"background-color":"var(--ast-global-color-5)","background-image":"","background-repeat":"repeat","background-position":"center center","background-size":"auto","background-attachment":"scroll","background-type":"","background-media":"","overlay-type":"","overlay-color":"","overlay-opacity":"","overlay-gradient":""},"mobile":{"background-color":"var(--ast-global-color-5)","background-image":"","background-repeat":"repeat","background-position":"center center","background-size":"auto","background-attachment":"scroll","background-type":"","background-media":"","overlay-type":"","overlay-color":"","overlay-opacity":"","overlay-gradient":""}},"footnotes":""},"categories":[16],"tags":[],"class_list":["post-701","post","type-post","status-publish","format-standard","has-post-thumbnail","hentry","category-archives-cms"],"_links":{"self":[{"href":"https:\/\/lavoiedessansvoix.fr\/lavoie\/wp-json\/wp\/v2\/posts\/701","targetHints":{"allow":["GET"]}}],"collection":[{"href":"https:\/\/lavoiedessansvoix.fr\/lavoie\/wp-json\/wp\/v2\/posts"}],"about":[{"href":"https:\/\/lavoiedessansvoix.fr\/lavoie\/wp-json\/wp\/v2\/types\/post"}],"author":[{"embeddable":true,"href":"https:\/\/lavoiedessansvoix.fr\/lavoie\/wp-json\/wp\/v2\/users\/1"}],"replies":[{"embeddable":true,"href":"https:\/\/lavoiedessansvoix.fr\/lavoie\/wp-json\/wp\/v2\/comments?post=701"}],"version-history":[{"count":1,"href":"https:\/\/lavoiedessansvoix.fr\/lavoie\/wp-json\/wp\/v2\/posts\/701\/revisions"}],"predecessor-version":[{"id":3421,"href":"https:\/\/lavoiedessansvoix.fr\/lavoie\/wp-json\/wp\/v2\/posts\/701\/revisions\/3421"}],"wp:featuredmedia":[{"embeddable":true,"href":"https:\/\/lavoiedessansvoix.fr\/lavoie\/wp-json\/wp\/v2\/media\/4284"}],"wp:attachment":[{"href":"https:\/\/lavoiedessansvoix.fr\/lavoie\/wp-json\/wp\/v2\/media?parent=701"}],"wp:term":[{"taxonomy":"category","embeddable":true,"href":"https:\/\/lavoiedessansvoix.fr\/lavoie\/wp-json\/wp\/v2\/categories?post=701"},{"taxonomy":"post_tag","embeddable":true,"href":"https:\/\/lavoiedessansvoix.fr\/lavoie\/wp-json\/wp\/v2\/tags?post=701"}],"curies":[{"name":"wp","href":"https:\/\/api.w.org\/{rel}","templated":true}]}}