{"id":700,"date":"2019-02-13T02:38:00","date_gmt":"2019-02-13T01:38:00","guid":{"rendered":"https:\/\/lavoiedessansvoix.fr\/lavoie\/2019\/02\/13\/archive-prise-de-parole\/"},"modified":"2026-04-26T21:11:29","modified_gmt":"2026-04-26T19:11:29","slug":"archive-prise-de-parole","status":"publish","type":"post","link":"https:\/\/lavoiedessansvoix.fr\/lavoie\/2019\/02\/13\/archive-prise-de-parole\/","title":{"rendered":"PRISE DE PAROLE"},"content":{"rendered":"<p>PRISE DE PAROLE   Le Pr\u00e9sident de la R\u00e9publique et le gouvernement dont il est le chef, veulent vous faire croire que le mouvement des \u00ab Gilets-Jaunes \u00bb est en perte de vitesse, de moins \u00e0 moins nombreux au fil des semaines. Vous savez que cela est faux. C\u2019est toujours par centaines de milliers que nous manifestons chaque samedi.  Le mouvement des Gilets-Jaunes est un mouvement de citoyens responsables et pacifiques qui lutte pour la d\u00e9fense des revendications l\u00e9gitimes \u00ab du peuple d\u2019en bas \u00bb, que les puissants et les super riches d\u2019en haut ne veulent pas m\u00eame entendre. Auquel ils n\u2019ont trouv\u00e9 d\u2019autres r\u00e9ponses \u00e0 faire, que le m\u00e9pris, la n\u00e9gation, et la r\u00e9pression. Tentant de le diviser et de le discr\u00e9diter par tous les moyens possibles \u00e0 leur disposition.  La \u00ab violence \u00bb qu\u2019ils tentent de nous imputer, c\u2019est l\u2019\u00c9tat lui-m\u00eame qui l\u2019a initi\u00e9 et instaur\u00e9 d\u00e8s les premi\u00e8res manifestations, portant ainsi, et ensuite par de nouvelles lois liberticides, une atteinte grave au droit sacr\u00e9 de manifester et \u00e0 la libre expression des citoyens.   Ce droit sacr\u00e9 de manifester et de libre expression des citoyens nous devons, vous devez le d\u00e9fendre co\u00fbte que co\u00fbte, malgr\u00e9 toutes les intimidations, les tentatives de l\u2019interdire et la r\u00e9pression polici\u00e8re. Et bien entendu il faut en ce cas relever le d\u00e9fi de la violence qui nous est impos\u00e9e, et recourir \u00e0 notre droit tout aussi indiscutable de \u00ab l\u00e9gitime d\u00e9fense citoyenne \u00bb. Ne pas le faire serait accepter la confiscation des libert\u00e9s publiques essentielles et la d\u00e9rive de notre R\u00e9publique vers une forme autoritaire, voire dictatoriale.  26 milliardaires dans le monde poss\u00e8dent un patrimoine \u00e9quivalent \u00e0 celui d\u2019une moiti\u00e9 de l\u2019Humanit\u00e9. C\u2019est pour les int\u00e9r\u00eats de cette engeance que travaille Monsieur Macron en d\u00e9fendant bec et ongles la doctrine \u00e9conomique qui consiste \u00e0 accroitre la rentabilit\u00e9 des entreprises et du capital financier en rognant les revenus des plus faibles.  Les \u00ab Super riches \u00bb accaparent la totalit\u00e9 de la richesse des nations et des peuples. Pourtant que serait-elle, et \u00e0 quoi m\u00eame servirait-elle, cette richesse sans le travail des peuples ? La richesse des nations est produite collectivement par les nations toutes enti\u00e8res, et doit donc \u00eatre partag\u00e9e \u00e9quitablement.   Le peuple ne qu\u00e9mande pas, il n\u2019est pas mendiant. Le peuple ne veut pas vivre d\u2019assistanat, de pis-aller, d\u2019allocations diverses, de subsides, de \u00ab restaurants du c\u0153ur \u00bb ni de primes \u00e0 la casse ou toute autres. Il veut que chacun se voit proposer un travail, et puisse vivre d\u00e9cemment et dignement de son salaire ou du produit de son travail. Le peuple ne veut que son d\u00fb.  Or, la politique \u00e9conomique de l\u2019oligarchie conduite par Macron, pr\u00e9cipite chaque jour un peu plus, \u00ab les jeunes dans la gal\u00e8re et les vieux dans la mis\u00e8re \u00bb. D\u00e9structuration des m\u00e9tiers, d\u00e9membrement du Code du travail, g\u00e9n\u00e9ralisation de la pr\u00e9carit\u00e9 de l\u2019emploi, abaissement du niveau des salaires, prestations et pensions et retraites, d\u00e9mant\u00e8lement des services publics. Qu\u2019adviendra-t-il demain de vos enfants ? De vous-m\u00eame \u00e0 l\u2019\u00e2ge de la retraite, et avec 900 euro, \u00e0 la porte d\u2019une EPADH qui en vaut 2200 ? Le peuple laborieux est humili\u00e9, harass\u00e9, indign\u00e9, et c\u2019est \u00e0 lui encore, en l\u2019\u00e9crasant de \u00ab taxes carbone \u00bb et autre TIPP qu\u2019il voudrait faire financer \u00ab La transition \u00e9cologique \u00bb n\u00e9cessaire par la faute de leur syst\u00e8me \u00e9conomique fou qui d\u00e9truit la plan\u00e8te et pille les peuples.  Doit-on subir toujours ? Doit-on se laisser faire ? Ou doit-on redresser la t\u00eate et r\u00e9sister ? Les Gilets-jaunes ont \u00ab relev\u00e9 le gant \u00bb. Leurs justes revendications sont les v\u00f4tres. Ils vous appellent \u00e0 se joindre \u00e0 eux pour les d\u00e9fendre tous ensemble et d\u00e9fendre avec la dignit\u00e9 du peuple.  Le combat des \u00ab Gilets-Jaunes \u00bb est le v\u00f4tre. Alors certes,  Monsieur Macron \u00ab la ram\u00e8ne \u00bb, \u00ab je ne plierai pas &#8211; dit-il &#8211; je ne suis pas roseau \u00bb pense-t-il peut-\u00eatre. Il se renfrogne. Il r\u00e9siste. Il se prend pour le ch\u00eane de la fable. Vous connaissez la suite ? La temp\u00eate de la contestation populaire \u00e0 laquelle vous allez probablement apporter votre participation active, va le d\u00e9raciner.<\/p>\n","protected":false},"excerpt":{"rendered":"<p>PRISE DE PAROLE Le Pr\u00e9sident de la R\u00e9publique et le gouvernement dont il est le chef, veulent vous faire croire [&hellip;]<\/p>\n","protected":false},"author":1,"featured_media":4283,"comment_status":"open","ping_status":"open","sticky":false,"template":"","format":"standard","meta":{"sfsi_plus_gutenberg_text_before_share":"","sfsi_plus_gutenberg_show_text_before_share":"","sfsi_plus_gutenberg_icon_type":"","sfsi_plus_gutenberg_icon_alignemt":"","sfsi_plus_gutenburg_max_per_row":"","site-sidebar-layout":"default","site-content-layout":"","ast-site-content-layout":"default","site-content-style":"default","site-sidebar-style":"default","ast-global-header-display":"","ast-banner-title-visibility":"","ast-main-header-display":"","ast-hfb-above-header-display":"","ast-hfb-below-header-display":"","ast-hfb-mobile-header-display":"","site-post-title":"","ast-breadcrumbs-content":"","ast-featured-img":"","footer-sml-layout":"","ast-disable-related-posts":"","theme-transparent-header-meta":"","adv-header-id-meta":"","stick-header-meta":"","header-above-stick-meta":"","header-main-stick-meta":"","header-below-stick-meta":"","astra-migrate-meta-layouts":"default","ast-page-background-enabled":"default","ast-page-background-meta":{"desktop":{"background-color":"var(--ast-global-color-4)","background-image":"","background-repeat":"repeat","background-position":"center center","background-size":"auto","background-attachment":"scroll","background-type":"","background-media":"","overlay-type":"","overlay-color":"","overlay-opacity":"","overlay-gradient":""},"tablet":{"background-color":"","background-image":"","background-repeat":"repeat","background-position":"center center","background-size":"auto","background-attachment":"scroll","background-type":"","background-media":"","overlay-type":"","overlay-color":"","overlay-opacity":"","overlay-gradient":""},"mobile":{"background-color":"","background-image":"","background-repeat":"repeat","background-position":"center center","background-size":"auto","background-attachment":"scroll","background-type":"","background-media":"","overlay-type":"","overlay-color":"","overlay-opacity":"","overlay-gradient":""}},"ast-content-background-meta":{"desktop":{"background-color":"var(--ast-global-color-5)","background-image":"","background-repeat":"repeat","background-position":"center center","background-size":"auto","background-attachment":"scroll","background-type":"","background-media":"","overlay-type":"","overlay-color":"","overlay-opacity":"","overlay-gradient":""},"tablet":{"background-color":"var(--ast-global-color-5)","background-image":"","background-repeat":"repeat","background-position":"center center","background-size":"auto","background-attachment":"scroll","background-type":"","background-media":"","overlay-type":"","overlay-color":"","overlay-opacity":"","overlay-gradient":""},"mobile":{"background-color":"var(--ast-global-color-5)","background-image":"","background-repeat":"repeat","background-position":"center center","background-size":"auto","background-attachment":"scroll","background-type":"","background-media":"","overlay-type":"","overlay-color":"","overlay-opacity":"","overlay-gradient":""}},"footnotes":""},"categories":[16],"tags":[],"class_list":["post-700","post","type-post","status-publish","format-standard","has-post-thumbnail","hentry","category-archives-cms"],"_links":{"self":[{"href":"https:\/\/lavoiedessansvoix.fr\/lavoie\/wp-json\/wp\/v2\/posts\/700","targetHints":{"allow":["GET"]}}],"collection":[{"href":"https:\/\/lavoiedessansvoix.fr\/lavoie\/wp-json\/wp\/v2\/posts"}],"about":[{"href":"https:\/\/lavoiedessansvoix.fr\/lavoie\/wp-json\/wp\/v2\/types\/post"}],"author":[{"embeddable":true,"href":"https:\/\/lavoiedessansvoix.fr\/lavoie\/wp-json\/wp\/v2\/users\/1"}],"replies":[{"embeddable":true,"href":"https:\/\/lavoiedessansvoix.fr\/lavoie\/wp-json\/wp\/v2\/comments?post=700"}],"version-history":[{"count":1,"href":"https:\/\/lavoiedessansvoix.fr\/lavoie\/wp-json\/wp\/v2\/posts\/700\/revisions"}],"predecessor-version":[{"id":3419,"href":"https:\/\/lavoiedessansvoix.fr\/lavoie\/wp-json\/wp\/v2\/posts\/700\/revisions\/3419"}],"wp:featuredmedia":[{"embeddable":true,"href":"https:\/\/lavoiedessansvoix.fr\/lavoie\/wp-json\/wp\/v2\/media\/4283"}],"wp:attachment":[{"href":"https:\/\/lavoiedessansvoix.fr\/lavoie\/wp-json\/wp\/v2\/media?parent=700"}],"wp:term":[{"taxonomy":"category","embeddable":true,"href":"https:\/\/lavoiedessansvoix.fr\/lavoie\/wp-json\/wp\/v2\/categories?post=700"},{"taxonomy":"post_tag","embeddable":true,"href":"https:\/\/lavoiedessansvoix.fr\/lavoie\/wp-json\/wp\/v2\/tags?post=700"}],"curies":[{"name":"wp","href":"https:\/\/api.w.org\/{rel}","templated":true}]}}